{"id":276331,"date":"2025-11-21T15:57:59","date_gmt":"2025-11-21T14:57:59","guid":{"rendered":"https:\/\/quicosenza.it\/news\/?p=276331"},"modified":"2025-11-21T15:57:59","modified_gmt":"2025-11-21T14:57:59","slug":"caso-aterp-a-cosenza-alimena-a-furgiuele-sgombero-senza-alternativa-e-disumano","status":"publish","type":"post","link":"https:\/\/quicosenza.it\/news\/caso-aterp-a-cosenza-alimena-a-furgiuele-sgombero-senza-alternativa-e-disumano\/","title":{"rendered":"Caso Aterp a Cosenza, Alimena a Furgiuele: \u201cSgombero senza alternativa? \u00c8 disumano&#8221;"},"content":{"rendered":"<p>COSENZA &#8211; Scoppia il<strong> caso <a href=\"https:\/\/www.aterpcalabria.it\/\" target=\"_blank\" rel=\"noopener\">Aterp<\/a> a Cosenza<\/strong> dopo le<strong><a href=\"https:\/\/quicosenza.it\/news\/case-aterp-occupate-cosenza-orrico-a-furgiuele\/\" target=\"_blank\" rel=\"noopener\"> sollecitazioni di sgombero<\/a> <\/strong>da parte del deputato della Lega <strong>Domenico Furgiuele. Dopo la <a href=\"https:\/\/quicosenza.it\/news\/case-aterp-occupate-cosenza-orrico-a-furgiuele\/\" target=\"_blank\" rel=\"noopener\">deputata Anna Laura Orrico<\/a>, arriva anche la replica di Francesco Alimena, capogruppo Pd del Comune di Cosenza.<\/strong><\/p>\n<h3>&#8220;Trovare soluzioni, non solo applicare sanzioni&#8221;<\/h3>\n<p>&#8220;L\u2019emergenza abitativa non pu\u00f2 essere risolta con il pugno di ferro dell&#8217;autoritarismo. La \u201clegalit\u00e0\u201d invocata dal deputato Furgiuele tradisce una visione miope della gestione del bene pubblico. Guidare una comunit\u00e0 non \u00e8 l&#8217;applicazione meccanica di un regolamento, ma un&#8217;arte complessa che sa bilanciare il rispetto delle regole con il buonsenso autentico e il dovere di affrontare un&#8217;emergenza oggettiva. In questo caso, elevare la procedura di sgombero a unico principio guida significa tradire il dovere primo della politica:<strong> trovare soluzioni per le persone, non solo applicare sanzioni.<\/strong><\/p>\n<p>A marzo, la riunione del <strong>Comitato per l\u2019Ordine e la Sicurezza Pubblica in Prefettura aveva prospettato agli abitanti di via Savoia una soluzione<\/strong>, ma la Regione Calabria non ha ancora fatto la sua parte. Non ha ottemperato alle azioni necessarie per consentire al Comune di Cosenza di fare la sua e offrire una prospettiva a quelle che sono persone, non semplicemente &#8220;illegali&#8221;. Sappiamo bene che l\u2019ATERP ha la necessit\u00e0 di rientrare del danno erariale.<\/p>\n<p><img loading=\"lazy\" decoding=\"async\" class=\"wp-image-105813  aligncenter\" src=\"https:\/\/quicosenza.it\/news\/wp-content\/uploads\/2022\/12\/Identificazione-via-savoia.jpg\" alt=\"\" width=\"550\" height=\"309\" title=\"\" srcset=\"https:\/\/quicosenza.it\/news\/wp-content\/uploads\/2022\/12\/Identificazione-via-savoia.jpg 900w, https:\/\/quicosenza.it\/news\/wp-content\/uploads\/2022\/12\/Identificazione-via-savoia-300x169.jpg 300w, https:\/\/quicosenza.it\/news\/wp-content\/uploads\/2022\/12\/Identificazione-via-savoia-768x432.jpg 768w\" sizes=\"auto, (max-width: 550px) 100vw, 550px\" \/><\/p>\n<p>Ma se il vero obiettivo fosse solo questo, l\u2019annunciata riconversione in alloggi dello stabile di via Savoia terrebbe giustamente conto di coloro che lo hanno abitato per 10 anni, sottraendolo all\u2019abbandono. <strong>Positiva \u00e8 la notizia dell\u2019inizio dei lavori ATERP a Palazzo Bombini Longo a Cosenza Vecchia<\/strong>, che potrebbe diventare parte di una soluzione concreta. Il diritto all&#8217;abitare \u00e8 una priorit\u00e0 assoluta del Partito Democratico, che ha un suo Piano per la Casa a livello nazionale.<\/p>\n<p>Lo ribadiamo con forza al deputato Furgiuele: l<strong>e persone senza casa non sono piante da sradicare a piacimento, ma esseri umani da tutelare<\/strong> che, in assenza di alternative dignitose, mettono radici laddove riescono a trovare un riparo. La questione non \u00e8 lo sgombero in s\u00e9, ma la totale assenza di una soluzione abitativa che preceda la repressione. Agire senza offrire un&#8217;alternativa alla questione abitativa non \u00e8 applicare la legge, \u00e8 scaricare sui pi\u00f9 vulnerabili le colpe di una politica che non ha saputo pianificare. A questa grave mancanza di umanit\u00e0, si aggiunge una stridente contraddizione: chiediamo al deputato Furgiuele e alla Lega che fine ha fatto il tanto sbandierato &#8216;Piano Casa&#8217;?&#8221;<\/p>\n","protected":false},"excerpt":{"rendered":"<p>La replica del capogruppo Pd del Comune di Cosenza sulla palazzina Aterp di via Savoia al centro di una polemica dopo che il deputato leghista ha sollecitato lo sgombero di 44 persone<\/p>\n","protected":false},"author":58,"featured_media":276332,"comment_status":"closed","ping_status":"closed","sticky":false,"template":"","format":"standard","meta":{"_acf_changed":false,"footnotes":"","jetpack_publicize_message":"","jetpack_publicize_feature_enabled":true,"jetpack_social_post_already_shared":false,"jetpack_social_options":{"image_generator_settings":{"template":"highway","default_image_id":0,"font":"","enabled":false},"version":2}},"categories":[563,42],"tags":[],"class_list":["post-276331","post","type-post","status-publish","format-standard","has-post-thumbnail","hentry","category-area-urbana","category-cosenza"],"acf":[],"jetpack_publicize_connections":[],"_links":{"self":[{"href":"https:\/\/quicosenza.it\/news\/wp-json\/wp\/v2\/posts\/276331","targetHints":{"allow":["GET"]}}],"collection":[{"href":"https:\/\/quicosenza.it\/news\/wp-json\/wp\/v2\/posts"}],"about":[{"href":"https:\/\/quicosenza.it\/news\/wp-json\/wp\/v2\/types\/post"}],"author":[{"embeddable":true,"href":"https:\/\/quicosenza.it\/news\/wp-json\/wp\/v2\/users\/58"}],"replies":[{"embeddable":true,"href":"https:\/\/quicosenza.it\/news\/wp-json\/wp\/v2\/comments?post=276331"}],"version-history":[{"count":0,"href":"https:\/\/quicosenza.it\/news\/wp-json\/wp\/v2\/posts\/276331\/revisions"}],"wp:featuredmedia":[{"embeddable":true,"href":"https:\/\/quicosenza.it\/news\/wp-json\/wp\/v2\/media\/276332"}],"wp:attachment":[{"href":"https:\/\/quicosenza.it\/news\/wp-json\/wp\/v2\/media?parent=276331"}],"wp:term":[{"taxonomy":"category","embeddable":true,"href":"https:\/\/quicosenza.it\/news\/wp-json\/wp\/v2\/categories?post=276331"},{"taxonomy":"post_tag","embeddable":true,"href":"https:\/\/quicosenza.it\/news\/wp-json\/wp\/v2\/tags?post=276331"}],"curies":[{"name":"wp","href":"https:\/\/api.w.org\/{rel}","templated":true}]}}