{"id":276379,"date":"2025-11-22T10:46:54","date_gmt":"2025-11-22T09:46:54","guid":{"rendered":"https:\/\/quicosenza.it\/news\/?p=276379"},"modified":"2025-11-22T10:46:54","modified_gmt":"2025-11-22T09:46:54","slug":"ospedale-appello-presila-savuto-serre","status":"publish","type":"post","link":"https:\/\/quicosenza.it\/news\/ospedale-appello-presila-savuto-serre\/","title":{"rendered":"&#8220;Difendiamo l&#8217;ospedale di Vaglio Lise&#8221;: l&#8217;appello a Presila, Savuto, Serre cosentine e Valle del Crati"},"content":{"rendered":"<p>COSENZA &#8211; Il <strong><a href=\"https:\/\/quicosenza.it\/news\/nasce-a-cosenza-il-comitato-no-scippo-contro-il-nuovo-ospedale-hub-da-vaglio-lise-ad-arcavacata\/\" target=\"_blank\" rel=\"noopener\">Comitato No Scippo<\/a><\/strong>\u00a0rivolge un &#8220;<strong>appello forte e chiaro a tutte le comunit\u00e0 e ai sindaci della Presila, del Savuto, delle Serre cosentine, della valle del Crati e dell\u2019intero territorio<\/strong>: la <strong>difesa dell\u2019<a href=\"https:\/\/quicosenza.it\/news\/nuovo-policlinico-di-rende-roberto-occhiuto\/\" target=\"_blank\" rel=\"noopener\">ospedale HUB<\/a> di Vaglio Lise<\/strong> non \u00e8 una battaglia locale, ma riguarda il futuro della nostra sanit\u00e0 pubblica e della nostra terra. Da sempre queste aree vivono come un\u2019unica comunit\u00e0, unita da legami sociali, culturali ed economici profondi&#8221;.<\/p>\n<h3>&#8220;Si sottraggono servizi essenziali a territori fragili&#8221;<\/h3>\n<p>Oggi, scelte politiche sbagliate e non concertate rischiano di indebolire definitivamente questo equilibrio, sottraendo servizi essenziali proprio ai territori pi\u00f9 fragili. In tutta Europa si contrasta lo spopolamento, investendo dove c\u2019\u00e8 pi\u00f9 bisogno non togliendo presidi vitali. Per questa ragione, il trasferimento dell\u2019HUB sulle colline di Arcavacata rappresenta un danno per l\u2019intera rete provinciale: aumenter\u00e0 i divari, indebolir\u00e0 i servizi e non offrir\u00e0 alcun vantaggio.<\/p>\n<p><strong>\u00c8 inevitabile chiedersi perch\u00e9 a <a href=\"https:\/\/it.wikipedia.org\/wiki\/Cosenza\" target=\"_blank\" rel=\"noopener\">Cosenza<\/a> non si voglia replicare ci\u00f2 che \u00e8 stato realizzato a Catanzaro<\/strong>, dove un Policlinico universitario integrato con un grande ospedale ha migliorato l\u2019offerta assistenziale e ridotto l\u2019emigrazione sanitaria. Perch\u00e9 non garantire anche al nostro territorio un modello che funziona e che sarebbe cruciale per la salute dei cittadini e lo sviluppo della sanit\u00e0 provinciale? Perch\u00e9 realizzare a Cosenza solo una cittadella della salute che avrebbe la valenza assistenziale di una guardia medica, con un semplice restyling dell\u2019Annunziata, pur conoscendo le criticit\u00e0 che le guardie mediche hanno nel nostro territorio?<\/p>\n<h3>L&#8217;appello ai sindaci cosentini: &#8220;Facciamo fronte comune&#8221;<\/h3>\n<p><strong>La situazione \u00e8 sotto gli occhi di tutti:<\/strong> carenza di personale medico e paramedico, guardie mediche ridotte, servizio 118 in difficolt\u00e0, ospedali periferici in sofferenza, pronto soccorso di Cosenza al limite. Non \u00e8 un problema di una citt\u00e0: \u00e8 una situazione provinciale cronica. Per questo chiediamo a tutti i sindaci di unirsi in una posizione comune, forte e coraggiosa, a tutela dei propri cittadini. \u00c8 il momento di alzare la voce, di opporsi allo smantellamento dei servizi, di difendere insieme il diritto alla cura.<\/p>\n<h3>&#8220;Cosenza deve assumere un ruolo motore&#8221;<\/h3>\n<p>Chiediamo anche che il capoluogo di provincia, Cosenza, assuma un ruolo motore nel coordinare iniziative incisive e condivise tra tutti i comuni: solo unendo le forze possiamo affrontare questa sfida. <strong>Il nostro appello \u00e8 rivolto a tutti:<\/strong> amministratori, associazioni, comitati, lavoratori della sanit\u00e0, cittadini. \u00c8 il momento di costruire una grande mobilitazione provinciale, perch\u00e9 la sanit\u00e0 non \u00e8 un privilegio: \u00e8 un diritto fondamentale.<\/p>\n<p>Il Comitato NO SCIPPO difende l\u2019ospedale, ma soprattutto difende la dignit\u00e0 di un territorio che non vuole rassegnarsi. Non vogliamo che Cosenza diventi l\u2019unica citt\u00e0 capoluogo di provincia a non avere un ospedale. Chi tace o rimane fermo oggi si assume la responsabilit\u00e0 di un domani pi\u00f9 povero e ingiusto. Noi scegliamo di reagire. E vi chiediamo di farlo assieme a noi.<\/p>\n","protected":false},"excerpt":{"rendered":"<p>Il Comitato No Scippo\u00a0rivolge un &#8220;appello forte e chiaro a tutte le comunit\u00e0 e ai sindaci&#8221; per &#8220;lottare&#8221; contro il trasferimento ad Arcavacata del nuovo hub<\/p>\n","protected":false},"author":58,"featured_media":191532,"comment_status":"closed","ping_status":"closed","sticky":false,"template":"","format":"standard","meta":{"_acf_changed":false,"footnotes":"","jetpack_publicize_message":"","jetpack_publicize_feature_enabled":true,"jetpack_social_post_already_shared":false,"jetpack_social_options":{"image_generator_settings":{"template":"highway","default_image_id":0,"font":"","enabled":false},"version":2}},"categories":[563,42],"tags":[],"class_list":["post-276379","post","type-post","status-publish","format-standard","has-post-thumbnail","hentry","category-area-urbana","category-cosenza"],"acf":[],"jetpack_publicize_connections":[],"_links":{"self":[{"href":"https:\/\/quicosenza.it\/news\/wp-json\/wp\/v2\/posts\/276379","targetHints":{"allow":["GET"]}}],"collection":[{"href":"https:\/\/quicosenza.it\/news\/wp-json\/wp\/v2\/posts"}],"about":[{"href":"https:\/\/quicosenza.it\/news\/wp-json\/wp\/v2\/types\/post"}],"author":[{"embeddable":true,"href":"https:\/\/quicosenza.it\/news\/wp-json\/wp\/v2\/users\/58"}],"replies":[{"embeddable":true,"href":"https:\/\/quicosenza.it\/news\/wp-json\/wp\/v2\/comments?post=276379"}],"version-history":[{"count":0,"href":"https:\/\/quicosenza.it\/news\/wp-json\/wp\/v2\/posts\/276379\/revisions"}],"wp:featuredmedia":[{"embeddable":true,"href":"https:\/\/quicosenza.it\/news\/wp-json\/wp\/v2\/media\/191532"}],"wp:attachment":[{"href":"https:\/\/quicosenza.it\/news\/wp-json\/wp\/v2\/media?parent=276379"}],"wp:term":[{"taxonomy":"category","embeddable":true,"href":"https:\/\/quicosenza.it\/news\/wp-json\/wp\/v2\/categories?post=276379"},{"taxonomy":"post_tag","embeddable":true,"href":"https:\/\/quicosenza.it\/news\/wp-json\/wp\/v2\/tags?post=276379"}],"curies":[{"name":"wp","href":"https:\/\/api.w.org\/{rel}","templated":true}]}}