{"id":276385,"date":"2025-11-22T16:31:21","date_gmt":"2025-11-22T15:31:21","guid":{"rendered":"https:\/\/quicosenza.it\/news\/?p=276385"},"modified":"2025-11-22T16:35:48","modified_gmt":"2025-11-22T15:35:48","slug":"cosenza-rubano-albero-comune-li-denuncia","status":"publish","type":"post","link":"https:\/\/quicosenza.it\/news\/cosenza-rubano-albero-comune-li-denuncia\/","title":{"rendered":"Cosenza, in 2 rubano un albero. Un video li riprende e il Comune li denuncia"},"content":{"rendered":"<p>COSENZA &#8211; <strong>Il settore ambiente del <a href=\"https:\/\/www.comune.cosenza.it\/\" target=\"_blank\" rel=\"noopener\">Comune di Cosenza,<\/a> su disposizione del sindaco Franz Caruso, ha presentato formale denuncia contro ignoti<\/strong> che hanno estirpato l&#8217;albero messo a dimora nei giorni scorsi in via <strong>Nicola Parisio,<\/strong> in sostituzione di quello che era stato tagliato abusivamente nelle scorse settimane.<\/p>\n<h3>Furto di un albero, scatta la denuncia del Comune<\/h3>\n<p>Il dirigente del Settore Ambiente e Decoro Urbano, <strong>Giannino Ramundo,<\/strong> si \u00e8 recato presso la<strong> Questura di Cosenza<\/strong> per segnalare l&#8217;accaduto: il <strong>furto di una pianta di Photinia<\/strong>, sottratta da due individui che, come documentato da<strong> un video pubblicato su Instagram<\/strong>, l&#8217;hanno sradicata e trasportata via. Il materiale video \u00e8 stato consegnato agli inquirenti affinch\u00e9 possa contribuire all&#8217;identificazione dei responsabili.<\/p>\n<h3>Caruso: &#8220;Pugno duro con gli incivili, danni gravi a Cosenza&#8221;<\/h3>\n<p>&#8220;Questo episodio \u2013 dichiara il sindaco Franz Caruso \u2013 rappresenta l&#8217;ennesimo atto di incivilt\u00e0 che colpisce la nostra citt\u00e0 e che non intendiamo tollerare. Come gi\u00e0 annunciato, adotteremo il pugno duro contro chi deturpa il patrimonio pubblico e compromette il decoro urbano, perch\u00e9 cos\u00ec facendo si producono<strong> danni gravi e inaccettabili all&#8217;immagine di Cosenza<\/strong> e alla qualit\u00e0 della vita dei cittadini&#8221;.<\/p>\n<p>Il sindaco ricorda inoltre l&#8217;impegno dell&#8217;amministrazione nella lotta al degrado: &#8220;Le <strong><a href=\"https:\/\/quicosenza.it\/news\/incivili-video-trappole-multe-cosenza\/\" target=\"_blank\" rel=\"noopener\">video-trappole installate<\/a><\/strong> nelle ultime settimane stanno gi\u00e0 individuando i responsabili dell&#8217;abbandono indiscriminato dei rifiuti, molti dei quali sono stati sanzionati. Il nostro obiettivo \u00e8 potenziare ulteriormente il sistema di videosorveglianza, cos\u00ec da garantire un controllo capillare del territorio e scoraggiare episodi come quello verificatosi in via Nicola Parisio&#8221;.<\/p>\n<p>L&#8217;Amministrazione comunale ribadisce la propria determinazione nel <strong>tutelare gli spazi pubblici<\/strong>, promuovere il rispetto delle regole e difendere il decoro della citt\u00e0. &#8220;Cosenza merita cura, attenzione e senso civico \u2013 conclude il sindaco Caruso \u2013 e continueremo ad agire con decisione per contrastare chi non ha a cuore il nostro territorio&#8221;.<\/p>\n","protected":false},"excerpt":{"rendered":"<p>Il settore ambiente del Comune di Cosenza ha presentato formale denuncia contro ignoti in Questura per il furto di una pianta di Photinia appena piantata<\/p>\n","protected":false},"author":58,"featured_media":276398,"comment_status":"closed","ping_status":"closed","sticky":false,"template":"","format":"standard","meta":{"_acf_changed":false,"footnotes":"","jetpack_publicize_message":"","jetpack_publicize_feature_enabled":true,"jetpack_social_post_already_shared":false,"jetpack_social_options":{"image_generator_settings":{"template":"highway","default_image_id":0,"font":"","enabled":false},"version":2}},"categories":[563,42],"tags":[],"class_list":["post-276385","post","type-post","status-publish","format-standard","has-post-thumbnail","hentry","category-area-urbana","category-cosenza"],"acf":[],"jetpack_publicize_connections":[],"_links":{"self":[{"href":"https:\/\/quicosenza.it\/news\/wp-json\/wp\/v2\/posts\/276385","targetHints":{"allow":["GET"]}}],"collection":[{"href":"https:\/\/quicosenza.it\/news\/wp-json\/wp\/v2\/posts"}],"about":[{"href":"https:\/\/quicosenza.it\/news\/wp-json\/wp\/v2\/types\/post"}],"author":[{"embeddable":true,"href":"https:\/\/quicosenza.it\/news\/wp-json\/wp\/v2\/users\/58"}],"replies":[{"embeddable":true,"href":"https:\/\/quicosenza.it\/news\/wp-json\/wp\/v2\/comments?post=276385"}],"version-history":[{"count":0,"href":"https:\/\/quicosenza.it\/news\/wp-json\/wp\/v2\/posts\/276385\/revisions"}],"wp:featuredmedia":[{"embeddable":true,"href":"https:\/\/quicosenza.it\/news\/wp-json\/wp\/v2\/media\/276398"}],"wp:attachment":[{"href":"https:\/\/quicosenza.it\/news\/wp-json\/wp\/v2\/media?parent=276385"}],"wp:term":[{"taxonomy":"category","embeddable":true,"href":"https:\/\/quicosenza.it\/news\/wp-json\/wp\/v2\/categories?post=276385"},{"taxonomy":"post_tag","embeddable":true,"href":"https:\/\/quicosenza.it\/news\/wp-json\/wp\/v2\/tags?post=276385"}],"curies":[{"name":"wp","href":"https:\/\/api.w.org\/{rel}","templated":true}]}}