{"id":279822,"date":"2026-01-02T17:58:27","date_gmt":"2026-01-02T16:58:27","guid":{"rendered":"https:\/\/quicosenza.it\/news\/?p=279822"},"modified":"2026-01-02T17:59:58","modified_gmt":"2026-01-02T16:59:58","slug":"saldi-invernali-calabria-130-milioni-cosenza","status":"publish","type":"post","link":"https:\/\/quicosenza.it\/news\/saldi-invernali-calabria-130-milioni-cosenza\/","title":{"rendered":"Saldi invernali, in Calabria giro d&#8217;affari fino a 130 milioni di euro: Cosenza la provincia dove si spende di pi\u00f9"},"content":{"rendered":"<p>COSENZA &#8211; Partono<strong> domani 3 gennaio<\/strong>, in Calabria come in tante altre regioni italiane, i <strong><a href=\"https:\/\/quicosenza.it\/news\/partire-saldi-acquisti-rivedere-regole-sconti\/\" target=\"_blank\" rel=\"noopener\">saldi invernali 2026<\/a>.<\/strong> Un appuntamento molto atteso, il primo dell&#8217;anno con gli sconti e le promozioni, sia per le famiglie che per le imprese del commercio che puntano a risollevarsi.<\/p>\n<p>Ma <strong>quanto si spender\u00e0 in Calabria<\/strong> con i saldi? Secondo le stime elaborate dal centro studi di <strong><a href=\"https:\/\/www.facebook.com\/ConfcommercioCalabria\" target=\"_blank\" rel=\"noopener\">Confcommercio Calabria<\/a> il <\/strong>giro d&#8217;affari complessivo potr\u00e0 agirarsi tra <strong>110 e 130 milioni di euro. <\/strong>Si stima, infatti, che tra le <strong>450 e le 500 mila famiglie calabresi<\/strong> effettueranno acquisti durante questo periodo, con una spesa media pro-capite intorno ai <strong>120 euro a persona<\/strong> (220\/240 euro per famiglia), leggermente inferiore alla media nazionale, ma in linea con l&#8217;andamento dei consumi regionali.<\/p>\n<h3>Saldi invernali, Cosenza traino della spesa regionale<\/h3>\n<p>L&#8217;impatto economico dei saldi per\u00f2 non sar\u00e0 uniforme sul territorio regionale. Le stime, infatti, riportano spese diverse in base alle province. In testa c&#8217;\u00e8 Cosenza nella quale si concentra la quota pi\u00f9 rilevante del fatturato: circa il <strong>36% del totale regionale, pari a 40\u201347 milioni di euro.\u00a0<\/strong><\/p>\n<p><img loading=\"lazy\" decoding=\"async\" class=\"aligncenter wp-image-251881 \" src=\"https:\/\/quicosenza.it\/news\/wp-content\/uploads\/2025\/02\/Cosenza-Corso-Mazzini-.jpg\" alt=\"Cosenza Corso Mazzini\" width=\"489\" height=\"313\" title=\"\" srcset=\"https:\/\/quicosenza.it\/news\/wp-content\/uploads\/2025\/02\/Cosenza-Corso-Mazzini-.jpg 970w, https:\/\/quicosenza.it\/news\/wp-content\/uploads\/2025\/02\/Cosenza-Corso-Mazzini--300x192.jpg 300w, https:\/\/quicosenza.it\/news\/wp-content\/uploads\/2025\/02\/Cosenza-Corso-Mazzini--768x492.jpg 768w, https:\/\/quicosenza.it\/news\/wp-content\/uploads\/2025\/02\/Cosenza-Corso-Mazzini--656x420.jpg 656w, https:\/\/quicosenza.it\/news\/wp-content\/uploads\/2025\/02\/Cosenza-Corso-Mazzini--150x96.jpg 150w, https:\/\/quicosenza.it\/news\/wp-content\/uploads\/2025\/02\/Cosenza-Corso-Mazzini--696x446.jpg 696w\" sizes=\"auto, (max-width: 489px) 100vw, 489px\" \/><\/p>\n<p>Segue Reggio Calabria con un spesa che si agira intorno al 28% del totale regionale, pari a 31\u201338 milioni di euro. Poi\u00a0Catanzaro con il 18% ed una spesa pari a 20\u201324 milioni di euro ed infine Crotone e Vibo Valenti che si fermano entrambe al 9%, pari a 10\u201312 milioni di euro per provincia.<\/p>\n<p>I saldi invernali confermano la centralit\u00e0 del comparto moda: l&#8217;abbigliamento occupa la met\u00e0 del\u00a0fatturato complessivo, seguono le calzature con il 25%, gli accessori con circa il 10% e tessili per la casa e articoli sportivi con circa il 12% complessivo.<\/p>\n<h3>&#8220;Saldi momento cruciale per il commercio&#8221;<\/h3>\n<p>&#8220;I saldi rappresentano un <strong>momento cruciale per il commercio di prossimit\u00e0<\/strong> \u2013 sottolinea Confcommercio Calabria \u2013 soprattutto in una fase economica ancora complessa, nella quale famiglie e imprese devono confrontarsi con l&#8217;aumento dei costi e una crescente selettivit\u00e0 nei consumi. Sostenere i negozi del territorio significa tutelare occupazione, qualit\u00e0 dell&#8217;offerta, legalit\u00e0 e coesione sociale&#8221;.<\/p>\n<p>Confcommercio Calabria, in vista della partenza dei saldi invernali richiama l&#8217;attenzione sull&#8217;importanza di <strong>acquisti consapevoli e informati,<\/strong> invitando i consumatori a <strong>verificare la correttezza degli sconti applicati,<\/strong> la chiarezza dei prezzi e il rispetto delle norme vigenti, diffidando di offerte irregolari o pratiche scorrette. Un comportamento responsabile dei consumatori contribuisce infatti a preservare un mercato sano, trasparente e competitivo, a beneficio dell&#8217;intero sistema economico regionale.<\/p>\n","protected":false},"excerpt":{"rendered":"<p>Si stima una spesa media pro-capite intorno ai 120 euro a persona, in linea con l&#8217;andamento dei consumi regionali. A Cosenza si concentra la quota pi\u00f9 rilevante del fatturato: circa il 36% del totale regionale, pari a 40\u201347 milioni di euro <\/p>\n","protected":false},"author":90,"featured_media":65993,"comment_status":"closed","ping_status":"closed","sticky":false,"template":"","format":"standard","meta":{"_acf_changed":false,"footnotes":"","jetpack_publicize_message":"","jetpack_publicize_feature_enabled":true,"jetpack_social_post_already_shared":false,"jetpack_social_options":{"image_generator_settings":{"template":"highway","default_image_id":0,"font":"","enabled":false},"version":2}},"categories":[17],"tags":[],"class_list":["post-279822","post","type-post","status-publish","format-standard","has-post-thumbnail","hentry","category-calabria"],"acf":[],"jetpack_publicize_connections":[],"_links":{"self":[{"href":"https:\/\/quicosenza.it\/news\/wp-json\/wp\/v2\/posts\/279822","targetHints":{"allow":["GET"]}}],"collection":[{"href":"https:\/\/quicosenza.it\/news\/wp-json\/wp\/v2\/posts"}],"about":[{"href":"https:\/\/quicosenza.it\/news\/wp-json\/wp\/v2\/types\/post"}],"author":[{"embeddable":true,"href":"https:\/\/quicosenza.it\/news\/wp-json\/wp\/v2\/users\/90"}],"replies":[{"embeddable":true,"href":"https:\/\/quicosenza.it\/news\/wp-json\/wp\/v2\/comments?post=279822"}],"version-history":[{"count":0,"href":"https:\/\/quicosenza.it\/news\/wp-json\/wp\/v2\/posts\/279822\/revisions"}],"wp:featuredmedia":[{"embeddable":true,"href":"https:\/\/quicosenza.it\/news\/wp-json\/wp\/v2\/media\/65993"}],"wp:attachment":[{"href":"https:\/\/quicosenza.it\/news\/wp-json\/wp\/v2\/media?parent=279822"}],"wp:term":[{"taxonomy":"category","embeddable":true,"href":"https:\/\/quicosenza.it\/news\/wp-json\/wp\/v2\/categories?post=279822"},{"taxonomy":"post_tag","embeddable":true,"href":"https:\/\/quicosenza.it\/news\/wp-json\/wp\/v2\/tags?post=279822"}],"curies":[{"name":"wp","href":"https:\/\/api.w.org\/{rel}","templated":true}]}}