{"id":282020,"date":"2026-02-02T07:00:29","date_gmt":"2026-02-02T06:00:29","guid":{"rendered":"https:\/\/quicosenza.it\/news\/?p=282020"},"modified":"2026-02-02T08:38:21","modified_gmt":"2026-02-02T07:38:21","slug":"osservatorio-regionale-banco-alimentare-poverta","status":"publish","type":"post","link":"https:\/\/quicosenza.it\/news\/osservatorio-regionale-banco-alimentare-poverta\/","title":{"rendered":"Osservatorio Regionale e Banco Alimentare contro la povert\u00e0: 80 milioni per la Calabria"},"content":{"rendered":"<p>COSENZA \u2013 L\u2019Osservatorio Regionale sulle Nuove Povert\u00e0 e il Banco Alimentare <strong>siglano un asse strategico<\/strong> fondamentale per contrastare l\u2019indigenza in Calabria. Lo annuncia il Direttore dell\u2019Osservatorio, Antonio Belmonte, che sottolinea la collaborazione tra l\u2019Osservatorio, il Banco Alimentare, la Giunta Regionale e l\u2019Assessorato alle Politiche Sociali.<\/p>\n<h3>Povert\u00e0, 140mila persone in difficolt\u00e0 in Calabria<\/h3>\n<p>\u00abGrazie a Gianni Romeo e <strong>all\u2019impegno comune contro la povert\u00e0 in Calabria,<\/strong> oggi condividiamo un importante aggiornamento sull\u2019attivit\u00e0 del Banco Alimentare e sul piano di contrasto alla povert\u00e0 nella nostra regione\u00bb, dichiara <strong>Belmonte<\/strong>. \u00abAl di l\u00e0 dei proclami, la realt\u00e0 quotidiana parla di 140.000 persone in difficolt\u00e0 in Calabria. In questo scenario, l\u2019asse strategico tra<a href=\"https:\/\/quicosenza.it\/news\/banco-alimentare-calabria-nel-2024-oltre-7-quintali-di-cibo-recuperati-dai-supermercati-per-i-bisognosi\/\"> Banco Alimentare<\/a>, Osservatorio sulle Povert\u00e0 e Regione Calabria \u00e8 pi\u00f9 che mai fondamentale\u00bb.<\/p>\n<p>\u00abDesidero rivolgere un ringraziamento particolare all&#8217;Assessore Pasqualina Straface per la sensibilit\u00e0 e la determinazione dimostrate. Il suo impegno costante nell&#8217;ambito dell&#8217;inclusione sociale e del welfare \u00e8 stato determinante per rendere operativo questo percorso di affiancamento alle realt\u00e0 che operano sul campo\u00bb.<\/p>\n<p><img loading=\"lazy\" decoding=\"async\" class=\"aligncenter wp-image-282021\" src=\"https:\/\/quicosenza.it\/news\/wp-content\/uploads\/2026\/01\/Belmonte-e-Romeo-Poverta.jpg\" alt=\"Belmonte e Romeo - Povert\u00e0\" width=\"550\" height=\"340\" title=\"\" srcset=\"https:\/\/quicosenza.it\/news\/wp-content\/uploads\/2026\/01\/Belmonte-e-Romeo-Poverta.jpg 970w, https:\/\/quicosenza.it\/news\/wp-content\/uploads\/2026\/01\/Belmonte-e-Romeo-Poverta-300x186.jpg 300w, https:\/\/quicosenza.it\/news\/wp-content\/uploads\/2026\/01\/Belmonte-e-Romeo-Poverta-768x475.jpg 768w\" sizes=\"auto, (max-width: 550px) 100vw, 550px\" \/><\/p>\n<p>La strategia poggia su <strong>un piano triennale da 80 milioni di euro,<\/strong> con l\u2019obiettivo di trasformare l\u2019assistenza in un vero sistema di welfare strutturato. <strong><a href=\"https:\/\/quicosenza.it\/news\/rischio-poverta-calabria-maglia-nera-eurostat\/\">L\u2019Osservatorio<\/a> funger\u00e0 da \u201ccervello\u201d del sistema<\/strong>, incrociando i dati per mappare le fragilit\u00e0 e ottimizzare l\u2019uso del plafond regionale destinato all\u2019acquisto di eccellenze locali \u2014 come il <strong>riso di Sibari e le patate della Sila<\/strong> \u2014 sostenendo cos\u00ec l\u2019economia del territorio.<\/p>\n<p>\u00abCome ha sottolineato il Direttore Generale <strong>Gianni Romeo<\/strong>, l\u2019obiettivo non \u00e8 soltanto garantire pasti, ma costruire un sistema di protezione sociale solido, capace di restituire dignit\u00e0 a chi attraversa momenti di fragilit\u00e0\u00bb, prosegue Belmonte. \u00abSi tratta di un lavoro silenzioso ma vitale, che merita l\u2019attenzione e il sostegno di tutti\u00bb.<\/p>\n<p>Il piano prevede inoltre il rafforzamento dei percorsi di inclusione attiva, trasformando l\u2019aiuto alimentare in una vera porta d\u2019accesso ai servizi sociali regionali e colmando il divario tra il percepito istituzionale e la realt\u00e0 quotidiana del territorio. \u00ab\u00c8 cos\u00ec che, insieme <a href=\"https:\/\/www.regione.calabria.it\/poverta-via-libera-al-piano-regionale-straface-piu-di-79-milioni-per-un-welfare-piu-giusto-e-vicino-ai-territori\/\" rel=\"noopener\">all&#8217;Assessorato<\/a> e al Banco Alimentare &#8211; conclude Belmonte &#8211; si costruiscono le basi di un sistema di protezione sociale solido e dignitoso per tutta la Calabria\u00bb.<\/p>\n","protected":false},"excerpt":{"rendered":"<p>L\u2019iniziativa contro la povert\u00e0 punta a creare un sistema di welfare strutturato e inclusivo, trasformando l\u2019assistenza alimentare in uno strumento di protezione sociale e sostegno all\u2019economia locale<\/p>\n","protected":false},"author":42,"featured_media":282022,"comment_status":"closed","ping_status":"closed","sticky":false,"template":"","format":"standard","meta":{"_acf_changed":false,"footnotes":"","jetpack_publicize_message":"","jetpack_publicize_feature_enabled":true,"jetpack_social_post_already_shared":false,"jetpack_social_options":{"image_generator_settings":{"template":"highway","default_image_id":0,"font":"","enabled":false},"version":2}},"categories":[17],"tags":[],"class_list":["post-282020","post","type-post","status-publish","format-standard","has-post-thumbnail","hentry","category-calabria"],"acf":[],"jetpack_publicize_connections":[],"_links":{"self":[{"href":"https:\/\/quicosenza.it\/news\/wp-json\/wp\/v2\/posts\/282020","targetHints":{"allow":["GET"]}}],"collection":[{"href":"https:\/\/quicosenza.it\/news\/wp-json\/wp\/v2\/posts"}],"about":[{"href":"https:\/\/quicosenza.it\/news\/wp-json\/wp\/v2\/types\/post"}],"author":[{"embeddable":true,"href":"https:\/\/quicosenza.it\/news\/wp-json\/wp\/v2\/users\/42"}],"replies":[{"embeddable":true,"href":"https:\/\/quicosenza.it\/news\/wp-json\/wp\/v2\/comments?post=282020"}],"version-history":[{"count":0,"href":"https:\/\/quicosenza.it\/news\/wp-json\/wp\/v2\/posts\/282020\/revisions"}],"wp:featuredmedia":[{"embeddable":true,"href":"https:\/\/quicosenza.it\/news\/wp-json\/wp\/v2\/media\/282022"}],"wp:attachment":[{"href":"https:\/\/quicosenza.it\/news\/wp-json\/wp\/v2\/media?parent=282020"}],"wp:term":[{"taxonomy":"category","embeddable":true,"href":"https:\/\/quicosenza.it\/news\/wp-json\/wp\/v2\/categories?post=282020"},{"taxonomy":"post_tag","embeddable":true,"href":"https:\/\/quicosenza.it\/news\/wp-json\/wp\/v2\/tags?post=282020"}],"curies":[{"name":"wp","href":"https:\/\/api.w.org\/{rel}","templated":true}]}}