{"id":282701,"date":"2026-02-02T15:00:51","date_gmt":"2026-02-02T14:00:51","guid":{"rendered":"https:\/\/quicosenza.it\/news\/?p=282701"},"modified":"2026-02-02T13:55:04","modified_gmt":"2026-02-02T12:55:04","slug":"ex-lsu-lpu-scutella-lavoratori-senza-risposte","status":"publish","type":"post","link":"https:\/\/quicosenza.it\/news\/ex-lsu-lpu-scutella-lavoratori-senza-risposte\/","title":{"rendered":"Ex LSU\/LPU, Scutell\u00e0: \u00abMigliaia di lavoratori lasciati senza risposte dalla Regione\u00bb"},"content":{"rendered":"<p>CATANZARO &#8211; \u00abLa Regione Calabria ha disatteso gli impegni assunti con l\u2019Accordo Quadro del 14 marzo 2022, penalizzando migliaia di <strong>lavoratori ex LSU\/LPU<\/strong> che ancora oggi vivono una c<strong>ondizione di precariet\u00e0 economica inaccettabile<\/strong>\u00bb.\u2028\u00c8 quanto denuncia Elisa Scutell\u00e0, <a href=\"https:\/\/www.consiglioregionale.calabria.it\/portale\/Istituzione\/Consiglieri\/Consigliere\/320\" target=\"_blank\" rel=\"noopener\">consigliera regionale<\/a> e Capogruppo del Movimento 5 Stelle, che ha depositato un&#8217;interrogazione a risposta scritta rivolta al Presidente della Giunta regionale.<\/p>\n<h3>Ex LSU\/LPU, Scutell\u00e0: &#8220;Nulla di quanto concordato \u00e8 stato fatto&#8221;<\/h3>\n<p>Al centro dell\u2019iniziativa, la <strong>progressiva riduzione delle risorse regionali destinate all\u2019incremento dell\u2019orario di lavoro<\/strong> del personale<a href=\"https:\/\/quicosenza.it\/news\/ex-lsu-lpu-calabresi-in-rivolta-flash-mob-a-roma-il-governo-apre-al-dialogo\/\" target=\"_blank\" rel=\"noopener\"> ex LSU\/LPU<\/a> stabilizzato, in aperta contraddizione con quanto previsto dall\u2019Accordo sottoscritto con le organizzazioni sindacali. Un Accordo che prevedeva espressamente la redistribuzione delle economie derivanti dai pensionamenti e dalle fuoriuscite dal bacino sulla platea residua dei lavoratori.<\/p>\n<p>\u00abA distanza di oltre tre anni \u2013 afferma Scutell\u00e0 \u2013 <strong>nulla di quanto concordato \u00e8 stato realmente attuato.<\/strong> Le risorse, invece di essere redistribuite per migliorare le condizioni economiche dei lavoratori, sono state tagliate, con oltre un milione di euro in meno nel 2024 e pi\u00f9 di quattro milioni di euro in meno per ciascuno degli anni 2025 e 2026\u00bb.<\/p>\n<p>Secondo la consigliera regionale, a pagare il prezzo pi\u00f9 alto sono soprattutto i lavoratori impiegati nei piccoli Comuni, spesso con contratti part-time inferiori alle 24 ore settimanali, e gli stessi enti locali, sempre pi\u00f9 in difficolt\u00e0 nel garantire servizi essenziali alla cittadinanza.<\/p>\n<p>\u00abParliamo di persone che, <strong>pur essendo state formalmente stabilizzate, continuano a percepire stipendi che non consentono una vita dignitosa<\/strong> n\u00e9 una prospettiva pensionistica adeguata. \u00c8 una situazione che non \u00e8 pi\u00f9 sostenibile, soprattutto in un contesto di aumento generalizzato del costo della vita\u00bb, sottolinea Scutell\u00e0.<\/p>\n<h3>Le richieste della consigliera regionale<\/h3>\n<p>Nell\u2019interrogazione, la capogruppo M5S chiede alla Giunta regionale di<strong> ripristinare le risorse previste dall\u2019Accordo Quadro,<\/strong> di avviare un confronto immediato con le organizzazioni sindacali e di valutare<strong> l\u2019attivazione di strumenti di mobilit\u00e0 intercomunale,<\/strong> per una pi\u00f9 equa distribuzione del personale e per sostenere i Comuni con maggiori carenze di organico. \u00abIl rispetto degli accordi e la dignit\u00e0 del lavoro non sono concessioni, ma doveri istituzionali. Continuer\u00f2 a portare avanti questa battaglia dentro e fuori il Consiglio regionale finch\u00e9 non arriveranno risposte concrete\u00bb, conclude Scutell\u00e0.<\/p>\n","protected":false},"excerpt":{"rendered":"<p>La consigliera regionale ha depositato un&#8217;interrogazione nella quale chiede alla Giunta di ripristinare le risorse previste dall\u2019Accordo Quadro, di avviare un confronto immediato con le organizzazioni sindacali e di valutare l\u2019attivazione di strumenti di mobilit\u00e0 intercomunale <\/p>\n","protected":false},"author":90,"featured_media":282703,"comment_status":"closed","ping_status":"closed","sticky":false,"template":"","format":"standard","meta":{"_acf_changed":false,"footnotes":"","jetpack_publicize_message":"","jetpack_publicize_feature_enabled":true,"jetpack_social_post_already_shared":false,"jetpack_social_options":{"image_generator_settings":{"template":"highway","default_image_id":0,"font":"","enabled":false},"version":2}},"categories":[17],"tags":[],"class_list":["post-282701","post","type-post","status-publish","format-standard","has-post-thumbnail","hentry","category-calabria"],"acf":[],"jetpack_publicize_connections":[],"_links":{"self":[{"href":"https:\/\/quicosenza.it\/news\/wp-json\/wp\/v2\/posts\/282701","targetHints":{"allow":["GET"]}}],"collection":[{"href":"https:\/\/quicosenza.it\/news\/wp-json\/wp\/v2\/posts"}],"about":[{"href":"https:\/\/quicosenza.it\/news\/wp-json\/wp\/v2\/types\/post"}],"author":[{"embeddable":true,"href":"https:\/\/quicosenza.it\/news\/wp-json\/wp\/v2\/users\/90"}],"replies":[{"embeddable":true,"href":"https:\/\/quicosenza.it\/news\/wp-json\/wp\/v2\/comments?post=282701"}],"version-history":[{"count":0,"href":"https:\/\/quicosenza.it\/news\/wp-json\/wp\/v2\/posts\/282701\/revisions"}],"wp:featuredmedia":[{"embeddable":true,"href":"https:\/\/quicosenza.it\/news\/wp-json\/wp\/v2\/media\/282703"}],"wp:attachment":[{"href":"https:\/\/quicosenza.it\/news\/wp-json\/wp\/v2\/media?parent=282701"}],"wp:term":[{"taxonomy":"category","embeddable":true,"href":"https:\/\/quicosenza.it\/news\/wp-json\/wp\/v2\/categories?post=282701"},{"taxonomy":"post_tag","embeddable":true,"href":"https:\/\/quicosenza.it\/news\/wp-json\/wp\/v2\/tags?post=282701"}],"curies":[{"name":"wp","href":"https:\/\/api.w.org\/{rel}","templated":true}]}}