{"id":284314,"date":"2026-02-17T17:30:34","date_gmt":"2026-02-17T16:30:34","guid":{"rendered":"https:\/\/quicosenza.it\/news\/?p=284314"},"modified":"2026-02-17T16:45:03","modified_gmt":"2026-02-17T15:45:03","slug":"sanita-regione-calabria-nomine-commissari","status":"publish","type":"post","link":"https:\/\/quicosenza.it\/news\/sanita-regione-calabria-nomine-commissari\/","title":{"rendered":"Sanit\u00e0: dalla Regione Calabria arrivano le nomine dei Commissari"},"content":{"rendered":"<p>CATANZARO &#8211; Nella seduta di oggi la <a href=\"https:\/\/www.regione.calabria.it\/sanita-giunta-conferma-carbone-battistini-e-frittelli-commissari\/\" target=\"_blank\" rel=\"noopener\">Giunta della Regione Calabria<\/a> ha messo in campo importanti novit\u00e0 sul fronte della sanit\u00e0. Ha confermato i commissari straordinari delle principali aziende ospedaliere calabresi: <strong>Simona Carbone <\/strong>all\u2019Azienda ospedaliera universitaria Renato Dulbecco di Catanzaro, <strong>Antonio Battistini<\/strong> all\u2019Asp di Catanzaro e <strong>Tiziana Frittelli<\/strong> al Grande ospedale metropolitano di Reggio Calabria.<\/p>\n<h3>Sanit\u00e0: oltre i Commissari attenzione anche alle disabilit\u00e0<\/h3>\n<p>Su indicazione dell\u2019assessore al Welfare, <strong>Pasqualina Straface<\/strong>, la Giunta si \u00e8 poi concentrata sul <a href=\"https:\/\/quicosenza.it\/news\/calabria-popolazione-serve-osservatorio-regionale\/\" target=\"_blank\" rel=\"noopener\">tema della disabilit\u00e0.<\/a> Ha deliberato la <strong>programmazione regionale<\/strong> per la promozione e la realizzazione di <strong>progetti e iniziative<\/strong> dedicate alle <strong>persone con disturbi del neuro-sviluppo e dello spettro autistico<\/strong>, stabilendo di finanziare tre linee d\u2019intervento.<\/p>\n<p>Il ministro per le Disabilit\u00e0, di concerto con il ministro dell\u2019Economia e delle Finanze, con decreto del 13 ottobre 2025, ha assegnato alla Regione Calabria la somma di 989.975 euro.<\/p>\n<p>Nello specifico, con la delibera dell\u2019assessore Straface, \u00e8 stato deciso di destinare 329.991,00 euro per progetti finalizzati a percorsi di socializzazione (tempo libero, mostre, ecc.) con attivit\u00e0 anche in ambiente esterno (gruppi di cammino, attivit\u00e0 musicale, attivit\u00e0 sportiva, ecc.); 329.991,00 per progetti di accompagnamento all\u2019autonomia, esperienze di vita indipendente, anche in congiunzione con giornate di sollievo per i caregiver familiari; 329.993,00 euro per iniziative di carattere sociale finalizzate alla promozione del benessere e della qualit\u00e0 della vita delle persone con disturbo dello spettro autistico, anche congiunte a iniziative per il sollievo dei caregiver familiari.<\/p>\n<p>Gli interventi saranno attuati attraverso il <strong>rafforzamento e l\u2019implementazione di Centri polifunzionali<\/strong> dedicati, attivati nei distretti sociosanitari territorialmente competenti. I Centri saranno gestiti da enti del Terzo settore operanti in forma associata e dotati di comprovata esperienza nel campo dell\u2019inclusione di giovani e adulti con disabilit\u00e0 e, in particolare, con disturbo dello spettro autistico, in raccordo con i servizi sanitari e sociali territoriali e in partenariato con i distretti sociosanitari.<\/p>\n<h3>Inclusione delle persone sorde e con ipoacusia<\/h3>\n<p>Adottato anche l\u2019atto di programmazione per la promozione della piena ed effettiva <strong>inclusione sociale delle persone sorde e con ipoacusia,<\/strong> puntando, in particolare, sulla realizzazione di progetti sperimentali per la diffusione dei <strong>servizi di interpretariato in Lingua dei segni italiana (LIS), sul videointerpretariato<\/strong> a distanza e sull\u2019impiego di <strong>tecnologie innovative<\/strong> per abbattere le barriere della comunicazione.<\/p>\n<p>Il provvedimento si inserisce nell\u2019ambito delle risorse assegnate alla Calabria, pari a 204.517 euro, con il Decreto del 26 settembre 2025 del ministero per le Disabilit\u00e0, adottato di concerto con i ministeri dell\u2019Economia, del lavoro e dell\u2019Istruzione, all\u2019interno del Fondo unico per l\u2019inclusione delle persone con disabilit\u00e0.<\/p>\n<p>Con l\u2019atto approvato oggi la Regione ha definito la ripartizione delle somme su tre linee di intervento: 80.000 euro per progetti finalizzati alla promozione della conoscenza e delle competenze nell\u2019uso della Lingua dei segni italiani (Lis) e della Lingua dei segni italiana tattile (LIST); 80.000 euro per il potenziamento dei servizi di interpretariato per l\u2019accesso ai servizi pubblici, compresi quelli di emergenza; 44.517 euro per soluzioni tecnologiche innovative orientate a migliorare l\u2019accessibilit\u00e0 all\u2019informazione e alla comunicazione. L\u2019obiettivo \u00e8 garantire l\u2019accesso effettivo ai servizi, ridurre le barriere comunicative nei contesti amministrativi, sanitari e sociali e diffondere strumenti e modelli organizzativi replicabili sul territorio.<\/p>\n","protected":false},"excerpt":{"rendered":"<p>Confermati i commissari straordinari delle principali aziende ospedaliere calabresi: Carbone al Dulbecco di Catanzaro, Battistini all\u2019Asp di Catanzaro e Frittelli al Grande ospedale metropolitano di Reggio Calabria <\/p>\n","protected":false},"author":90,"featured_media":284315,"comment_status":"closed","ping_status":"closed","sticky":false,"template":"","format":"standard","meta":{"_acf_changed":false,"footnotes":"","jetpack_publicize_message":"","jetpack_publicize_feature_enabled":true,"jetpack_social_post_already_shared":false,"jetpack_social_options":{"image_generator_settings":{"template":"highway","default_image_id":0,"font":"","enabled":false},"version":2}},"categories":[17],"tags":[],"class_list":["post-284314","post","type-post","status-publish","format-standard","has-post-thumbnail","hentry","category-calabria"],"acf":[],"jetpack_publicize_connections":[],"_links":{"self":[{"href":"https:\/\/quicosenza.it\/news\/wp-json\/wp\/v2\/posts\/284314","targetHints":{"allow":["GET"]}}],"collection":[{"href":"https:\/\/quicosenza.it\/news\/wp-json\/wp\/v2\/posts"}],"about":[{"href":"https:\/\/quicosenza.it\/news\/wp-json\/wp\/v2\/types\/post"}],"author":[{"embeddable":true,"href":"https:\/\/quicosenza.it\/news\/wp-json\/wp\/v2\/users\/90"}],"replies":[{"embeddable":true,"href":"https:\/\/quicosenza.it\/news\/wp-json\/wp\/v2\/comments?post=284314"}],"version-history":[{"count":0,"href":"https:\/\/quicosenza.it\/news\/wp-json\/wp\/v2\/posts\/284314\/revisions"}],"wp:featuredmedia":[{"embeddable":true,"href":"https:\/\/quicosenza.it\/news\/wp-json\/wp\/v2\/media\/284315"}],"wp:attachment":[{"href":"https:\/\/quicosenza.it\/news\/wp-json\/wp\/v2\/media?parent=284314"}],"wp:term":[{"taxonomy":"category","embeddable":true,"href":"https:\/\/quicosenza.it\/news\/wp-json\/wp\/v2\/categories?post=284314"},{"taxonomy":"post_tag","embeddable":true,"href":"https:\/\/quicosenza.it\/news\/wp-json\/wp\/v2\/tags?post=284314"}],"curies":[{"name":"wp","href":"https:\/\/api.w.org\/{rel}","templated":true}]}}