{"id":284536,"date":"2026-02-19T13:00:33","date_gmt":"2026-02-19T12:00:33","guid":{"rendered":"https:\/\/quicosenza.it\/news\/?p=284536"},"modified":"2026-02-19T12:34:08","modified_gmt":"2026-02-19T11:34:08","slug":"ospedale-di-paola-rifiuti-speciali-no-controllo","status":"publish","type":"post","link":"https:\/\/quicosenza.it\/news\/ospedale-di-paola-rifiuti-speciali-no-controllo\/","title":{"rendered":"Ospedale di Paola, UGL: \u00abRifiuti speciali senza controllo e sicurezza\u00bb"},"content":{"rendered":"<p>PAOLA (CS) &#8211; Nell&#8217;<strong>ospedale di Paola<\/strong> i <strong>rifiuti speciali<\/strong> stazionano per giorni in <strong>locali non adatti, non sicuri e senza nessun controllo<\/strong>. \u00c8 questa la denuncia che arriva dall&#8217;<a href=\"https:\/\/www.uglsalute.it\/\" target=\"_blank\" rel=\"noopener\"><strong>UGL Federazione Salute<\/strong><\/a> che si appella direttamente al neo commissario dell&#8217;Asp, <strong>De Salazar<\/strong> affinch\u00e9 ponga rimedio quanto prima ad una situazione definita incresciosa.<\/p>\n<p>Tale situazione \u00abmette a nudo <strong>ulteriori criticit\u00e0 in ambito sanitario<\/strong> che vanno oltre le difficolt\u00e0 nel reperire medici, infermieri ed operatori sanitari bens\u00ec ancora una volta dimostra la <strong>superficialit\u00e0<\/strong> posta nella gestione organizzativa. Con il risultato che presso <a href=\"https:\/\/quicosenza.it\/news\/ospedale-paola-de-caprio-disagi-pazienti\/\" target=\"_blank\" rel=\"noopener\">l\u2019Ospedale di Paola<\/a>, i <strong>rifiuti speciali<\/strong> vengono ad essere<strong> depositati in locali privi di alcun controllo e sicurezza,<\/strong> oltremodo <strong>stazionandovi per giorni,<\/strong> prima di essere ritirati dalla ditta incaricata, che, in passato provvedeva al ritiro giornalmente\u00bb dice il sindacato.<\/p>\n<p><img loading=\"lazy\" decoding=\"async\" class=\"aligncenter wp-image-198499 \" src=\"https:\/\/quicosenza.it\/news\/wp-content\/uploads\/2023\/03\/ospedale-paola-02.jpg\" alt=\"Ospedale di Paola\" width=\"502\" height=\"310\" title=\"\" srcset=\"https:\/\/quicosenza.it\/news\/wp-content\/uploads\/2023\/03\/ospedale-paola-02.jpg 972w, https:\/\/quicosenza.it\/news\/wp-content\/uploads\/2023\/03\/ospedale-paola-02-300x185.jpg 300w, https:\/\/quicosenza.it\/news\/wp-content\/uploads\/2023\/03\/ospedale-paola-02-768x474.jpg 768w, https:\/\/quicosenza.it\/news\/wp-content\/uploads\/2023\/03\/ospedale-paola-02-150x93.jpg 150w, https:\/\/quicosenza.it\/news\/wp-content\/uploads\/2023\/03\/ospedale-paola-02-696x430.jpg 696w, https:\/\/quicosenza.it\/news\/wp-content\/uploads\/2023\/03\/ospedale-paola-02-680x420.jpg 680w, https:\/\/quicosenza.it\/news\/wp-content\/uploads\/2023\/03\/ospedale-paola-02-356x220.jpg 356w\" sizes=\"auto, (max-width: 502px) 100vw, 502px\" \/><\/p>\n<h3>Ospedale di Paola, UGL: \u00abSituazione irresponsabile sui rifiuti speciali\u00bb<\/h3>\n<p>Come organizzazione sindacale, fa sapere l&#8217;UGL, tramite il segretario nazionale, <strong>Gianluca Giuliano<\/strong> ed il consigliere nazionale <strong>Guglielmo Nucci, \u00ab<\/strong>alla luce delle segnalazioni alla Direzione sanitaria, effettuate dagli operatori preposti e non, costretti perfino a uscire dall\u2019edificio per depositare i rifiuti speciali in locali adibiti alla loro raccolta, riteniamo <strong>irresponsabile<\/strong> nonch\u00e9 <strong>incomprensibile l\u2019immobilismo dei dirigenti<\/strong> che, pur se coinvolti, non hanno predisposto alcun intervento; inoltre ci chiediamo come mai non sia intervenuta la RLS eletta in azienda, vista la gravit\u00e0\/pericolosit\u00e0 che ne deriva per la trascuratezza sulla sicurezza e per la salute degli operatori, materie attinenti al suo ruolo\u00bb.<\/p>\n<h3>I dubbi sugli altri plessi<\/h3>\n<p>A questo punto,\u00a0 \u00absorge il dubbio &#8211; dice la sigla sindacale &#8211; considerata la vastit\u00e0 del territorio di competenza (150 comuni, fra Tirreno, Savuto, Pollino, Sila e Ionio), che <strong>situazioni simili<\/strong> non abbiano a<strong> verificarsi in altri plessi ospedalieri.<\/strong> Pur riconoscendo la complessit\u00e0 nel coordinare la complicata gestione dell\u2019Asp di Cosenza, siamo fiduciosi cha il riordino, voluto dal Presidente Occhiuto vada in tal senso. Ovvero istituire un\u2019Azienda Ospedaliera unica, che separi l\u2019amministrazione\/organizzazione dell\u2019Asp fra \u201cprima linea territoriale\u201d dal coordinamento\/controllo di Guardie Mediche, Poliambulatori, future Case di Comunit\u00e0 ovvero della Salute, gestione Cup\u00bb.<\/p>\n<p>Infine l&#8217;invito rivolto a De Salazar a \u00abfarsi carico e porre rimedio a quest\u2019incresciosa situazione, non sia presente in altre strutture sanitarie\u00bb.<\/p>\n","protected":false},"excerpt":{"rendered":"<p>La sigla sindacale denuncia che i rifiuti vengono depositati in locali non adatti stazionandovi per giorni, prima di essere ritirati dalla ditta incaricata. L&#8217;appello \u00e8 al commissario De Salazar affinch\u00e9 si faccia carico della questione <\/p>\n","protected":false},"author":90,"featured_media":284537,"comment_status":"closed","ping_status":"closed","sticky":false,"template":"","format":"standard","meta":{"_acf_changed":false,"footnotes":"","jetpack_publicize_message":"","jetpack_publicize_feature_enabled":true,"jetpack_social_post_already_shared":false,"jetpack_social_options":{"image_generator_settings":{"template":"highway","default_image_id":0,"font":"","enabled":false},"version":2}},"categories":[576],"tags":[],"class_list":["post-284536","post","type-post","status-publish","format-standard","has-post-thumbnail","hentry","category-tirreno"],"acf":[],"jetpack_publicize_connections":[],"_links":{"self":[{"href":"https:\/\/quicosenza.it\/news\/wp-json\/wp\/v2\/posts\/284536","targetHints":{"allow":["GET"]}}],"collection":[{"href":"https:\/\/quicosenza.it\/news\/wp-json\/wp\/v2\/posts"}],"about":[{"href":"https:\/\/quicosenza.it\/news\/wp-json\/wp\/v2\/types\/post"}],"author":[{"embeddable":true,"href":"https:\/\/quicosenza.it\/news\/wp-json\/wp\/v2\/users\/90"}],"replies":[{"embeddable":true,"href":"https:\/\/quicosenza.it\/news\/wp-json\/wp\/v2\/comments?post=284536"}],"version-history":[{"count":0,"href":"https:\/\/quicosenza.it\/news\/wp-json\/wp\/v2\/posts\/284536\/revisions"}],"wp:featuredmedia":[{"embeddable":true,"href":"https:\/\/quicosenza.it\/news\/wp-json\/wp\/v2\/media\/284537"}],"wp:attachment":[{"href":"https:\/\/quicosenza.it\/news\/wp-json\/wp\/v2\/media?parent=284536"}],"wp:term":[{"taxonomy":"category","embeddable":true,"href":"https:\/\/quicosenza.it\/news\/wp-json\/wp\/v2\/categories?post=284536"},{"taxonomy":"post_tag","embeddable":true,"href":"https:\/\/quicosenza.it\/news\/wp-json\/wp\/v2\/tags?post=284536"}],"curies":[{"name":"wp","href":"https:\/\/api.w.org\/{rel}","templated":true}]}}