{"id":284542,"date":"2026-02-19T13:16:53","date_gmt":"2026-02-19T12:16:53","guid":{"rendered":"https:\/\/quicosenza.it\/news\/?p=284542"},"modified":"2026-02-19T13:40:06","modified_gmt":"2026-02-19T12:40:06","slug":"cassano-ionio-danni-stima-20-milioni-euro","status":"publish","type":"post","link":"https:\/\/quicosenza.it\/news\/cassano-ionio-danni-stima-20-milioni-euro\/","title":{"rendered":"Cassano Ionio e la drammatica conta dei danni: prima stima \u00aboltre 20 milioni di euro\u00bb"},"content":{"rendered":"<p>CASSANO IONIO (CS) &#8211; La prima stima provvisoria dopo l\u2019esondazione del fiume Crati per <a href=\"https:\/\/www.facebook.com\/ComunediCassanolonio\" rel=\"noopener\"><strong>Cassano Ionio<\/strong><\/a> \u00e8 <strong>di 20 milioni di euro<\/strong>, solo per i danni provocati dalla recente esondazione del fiume Crati. Si tratta infatti, di una prima valutazione provvisoria e non ufficiale, ma il quadro che emerge \u00e8 di <strong>estrema emergenza.<\/strong><\/p>\n<h3>Stima dei danni a Cassano Ionio: infrastrutture e contrade colpite<\/h3>\n<p>I danni pi\u00f9 ingenti nel territorio del Comune di Cassano Ionio, riguardano <strong>l\u2019argine del fiume, la rete elettrica, quella fognaria e idrica, oltre a strade e immobili<\/strong>. Le aree maggiormente interessate sono le contrade <strong>Lattughelle, Piano dello Scafo<\/strong> e il complesso nautico dei <strong>Laghi di Sibari<\/strong>, dove l\u2019ondata di piena di venerd\u00ec scorso ha causato cedimenti e allagamenti diffusi.<\/p>\n<h3>Revocata l\u2019ordinanza nelle zone a rischio<\/h3>\n<p>Intanto, migliorano le condizioni nelle contrade <strong>Lattughelle e Piano Scafo<\/strong>. \u00c8 stata infatti <a href=\"https:\/\/quicosenza.it\/news\/crati-evacuazione-cassano-all-ionio-lattug\/\">revocata l\u2019ordinanza<\/a> che vietava la permanenza ai piani bassi delle abitazioni. Sono stati completati i lavori di manutenzione straordinaria nei tratti dell\u2019argine crollati, mentre si registra un sensibile miglioramento del meteo e l\u2019abbassamento del livello del Crati. Dopo un sopralluogo previsto al plesso scolastico di contrada Lattughelle, ha spiegato il sindaco di Cassano Ionio, si valuteranno le condizioni per stabilire la data di riapertura.<\/p>\n<p>Il sindaco di Cassano allo Ionio, <strong>Gianpaolo Iacobini<\/strong>, ha dichiarato che la ripresa delle attivit\u00e0 didattiche &#8220;<strong>avverr\u00e0 quanto prima perch\u00e9 riteniamo essenziale favorire il rientro in classe dei bambini&#8221;.<\/strong><\/p>\n<p><img loading=\"lazy\" decoding=\"async\" class=\"aligncenter wp-image-284543\" src=\"https:\/\/quicosenza.it\/news\/wp-content\/uploads\/2026\/02\/Iacobini-danni-Cassano-Ionio-stima-02.jpg\" alt=\"Iacobini danni Cassano Ionio stima 02\" width=\"616\" height=\"381\" title=\"\" srcset=\"https:\/\/quicosenza.it\/news\/wp-content\/uploads\/2026\/02\/Iacobini-danni-Cassano-Ionio-stima-02.jpg 970w, https:\/\/quicosenza.it\/news\/wp-content\/uploads\/2026\/02\/Iacobini-danni-Cassano-Ionio-stima-02-300x186.jpg 300w, https:\/\/quicosenza.it\/news\/wp-content\/uploads\/2026\/02\/Iacobini-danni-Cassano-Ionio-stima-02-768x475.jpg 768w\" sizes=\"auto, (max-width: 616px) 100vw, 616px\" \/><\/p>\n<h3>La Calabria chiede la calamit\u00e0 in agricoltura anche per ultimo maltempo<\/h3>\n<p>Intantl l&#8217;assessore all&#8217;Agricoltura della Regione Calabria, Gianluca Gallo ha annunciato che &#8220;per il ciclone Harry \u00e8 stato dichiarato lo stato di emergenza nazionale e, inoltre, <strong>abbiamo chiesto la calamit\u00e0 in agricoltura, ma anche per l&#8217;evento della scorsa settimana&#8221;. <\/strong>La richiesta riguarda in particolare l&#8217;area del <strong>Crati, Tarsia, Santa Sofia d&#8217;Epiro, Corigliano Rossano e Sibari di Cassano Ionio<\/strong>: &#8220;c&#8217;\u00e8 stata &#8211; ha spiegato Gallo &#8211; la dichiarazione dello stesso stato di emergenza e una richiesta di calamit\u00e0 nel settore agricolo&#8221;.<\/p>\n<p>L&#8217;assessore ha chiarito lo stato delle richieste inoltrate al governo in conseguenza dei diversi episodi di maltempo. &#8220;Per\u00f2 la risposta riguarda, in particolare, il <strong>ciclone Harry<\/strong>. Credo &#8211; ha aggiunto Gallo &#8211; che tutto, secondo quanto ci ha dichiarato la Protezione civile, sia estensibile anche al nuovo evento. Per l&#8217;agricoltura c&#8217;\u00e8 l&#8217;altro aspetto della calamit\u00e0 che deve essere naturalmente riconosciuto dal governo centrale&#8221;.<\/p>\n<p><img loading=\"lazy\" decoding=\"async\" class=\"aligncenter wp-image-284545\" src=\"https:\/\/quicosenza.it\/news\/wp-content\/uploads\/2026\/02\/Gallo-Occhiuto-Iacobini-Maltempo-stima-danni-Cassano-Ionio.jpg\" alt=\"Gallo Occhiuto Iacobini - Maltempo - stima danni - Cassano Ionio\" width=\"603\" height=\"373\" title=\"\" srcset=\"https:\/\/quicosenza.it\/news\/wp-content\/uploads\/2026\/02\/Gallo-Occhiuto-Iacobini-Maltempo-stima-danni-Cassano-Ionio.jpg 970w, https:\/\/quicosenza.it\/news\/wp-content\/uploads\/2026\/02\/Gallo-Occhiuto-Iacobini-Maltempo-stima-danni-Cassano-Ionio-300x186.jpg 300w, https:\/\/quicosenza.it\/news\/wp-content\/uploads\/2026\/02\/Gallo-Occhiuto-Iacobini-Maltempo-stima-danni-Cassano-Ionio-768x475.jpg 768w\" sizes=\"auto, (max-width: 603px) 100vw, 603px\" \/><\/p>\n<p>&#8220;Ho appena svolto una commissione delle Politiche agricole con i miei colleghi assessori regionali ai quali ho chiesto solidariet\u00e0 e vicinanza, come \u00e8 accaduto in altre circostanze, ad esempio, per gli amici dell&#8217;Emilia Romagna. <strong>Confidiamo, una volta quantificati i danni ed emerse tutte le criticit\u00e0 patite dai nostri agricoltori in questi giorni,<\/strong> di poter dare una risposta concreta agli imprenditori agricoli&#8221;.<\/p>\n<p>Secondo quanto riferito <strong>dall&#8217;assessore regionale, non vi \u00e8 ancora una stima precisa dei danni subiti dall&#8217;agricoltura<\/strong>. &#8220;Stiamo acquisendo i <strong>dati<\/strong> attraverso le segnalazioni degli <a href=\"https:\/\/quicosenza.it\/news\/maltempo-confagricoltura-stato-calamita\/\">imprenditori agricoli<\/a> ma anche attraverso un&#8217;azione di monitoraggio del territorio. Credo che il <strong>governo Meloni<\/strong> abbia dato una grandissima risposta rispetto a questa emergenza. Un <a href=\"https:\/\/quicosenza.it\/news\/ciclone-harry-calabria-sicilia-sardegna\/\"><strong>miliardo e cento milioni<\/strong><\/a> sono tante risorse e spero che siano adeguate per ristorare i danni subiti dagli enti locali, dal patrimonio pubblico ma anche dal patrimonio privato&#8221;.<\/p>\n","protected":false},"excerpt":{"rendered":"<p>Prima stima provvisoria dopo l\u2019esondazione del fiume Crati per il territorio di Cassano Ionio. Colpite infrastrutture, reti e abitazioni. Migliora la situazione nelle contrade pi\u00f9 danneggiate. Chiesta la calamit\u00e0 anche per l&#8217;agricoltura<\/p>\n","protected":false},"author":42,"featured_media":284544,"comment_status":"closed","ping_status":"closed","sticky":false,"template":"","format":"standard","meta":{"_acf_changed":false,"footnotes":"","jetpack_publicize_message":"","jetpack_publicize_feature_enabled":true,"jetpack_social_post_already_shared":false,"jetpack_social_options":{"image_generator_settings":{"template":"highway","default_image_id":0,"font":"","enabled":false},"version":2}},"categories":[572],"tags":[],"class_list":["post-284542","post","type-post","status-publish","format-standard","has-post-thumbnail","hentry","category-ionio"],"acf":[],"jetpack_publicize_connections":[],"_links":{"self":[{"href":"https:\/\/quicosenza.it\/news\/wp-json\/wp\/v2\/posts\/284542","targetHints":{"allow":["GET"]}}],"collection":[{"href":"https:\/\/quicosenza.it\/news\/wp-json\/wp\/v2\/posts"}],"about":[{"href":"https:\/\/quicosenza.it\/news\/wp-json\/wp\/v2\/types\/post"}],"author":[{"embeddable":true,"href":"https:\/\/quicosenza.it\/news\/wp-json\/wp\/v2\/users\/42"}],"replies":[{"embeddable":true,"href":"https:\/\/quicosenza.it\/news\/wp-json\/wp\/v2\/comments?post=284542"}],"version-history":[{"count":0,"href":"https:\/\/quicosenza.it\/news\/wp-json\/wp\/v2\/posts\/284542\/revisions"}],"wp:featuredmedia":[{"embeddable":true,"href":"https:\/\/quicosenza.it\/news\/wp-json\/wp\/v2\/media\/284544"}],"wp:attachment":[{"href":"https:\/\/quicosenza.it\/news\/wp-json\/wp\/v2\/media?parent=284542"}],"wp:term":[{"taxonomy":"category","embeddable":true,"href":"https:\/\/quicosenza.it\/news\/wp-json\/wp\/v2\/categories?post=284542"},{"taxonomy":"post_tag","embeddable":true,"href":"https:\/\/quicosenza.it\/news\/wp-json\/wp\/v2\/tags?post=284542"}],"curies":[{"name":"wp","href":"https:\/\/api.w.org\/{rel}","templated":true}]}}