{"id":284559,"date":"2026-02-19T16:27:00","date_gmt":"2026-02-19T15:27:00","guid":{"rendered":"https:\/\/quicosenza.it\/news\/?p=284559"},"modified":"2026-02-20T08:08:25","modified_gmt":"2026-02-20T07:08:25","slug":"piena-crati-ciciliano-alluvione-zone-cosentino","status":"publish","type":"post","link":"https:\/\/quicosenza.it\/news\/piena-crati-ciciliano-alluvione-zone-cosentino\/","title":{"rendered":"Piena del Crati, Ciciliano domani nelle zone alluvionate del Cosentino"},"content":{"rendered":"<p>CASSANO IONIO (CS) &#8211; Nei territori di Cassano Ionio, come in quelli di Corigliano Rossano, messi in ginocchio dalla piena del Crati che ha rotto gli argini nei giorni scorsi non si smette di lavorare per cercare di tornare quanto prima alla normalit\u00e0.<\/p>\n<p>La prima stima dei danni, per il solo <a href=\"https:\/\/www.facebook.com\/ComunediCassanolonio\" target=\"_blank\" rel=\"noopener\">Comune di Cassano Ionio<\/a>, \u00e8 drammatica, si parla di almeno <a href=\"https:\/\/quicosenza.it\/news\/cassano-ionio-danni-stima-20-milioni-euro\/\" target=\"_blank\" rel=\"noopener\">20 milioni di euro<\/a>: dall\u2019<strong>argine del fiume alla rete elettrica, fognaria e idrica,<\/strong> a cui si aggiungono <strong>strade ed immobili <\/strong>nelle contrade <strong>Lattughelle, Piano dello Scafo<\/strong>\u00a0e il complesso nautico dei\u00a0<strong>Laghi di Sibari<\/strong>, dove l\u2019ondata di piena di venerd\u00ec scorso ha causato cedimenti e allagamenti diffusi.<\/p>\n<p><img loading=\"lazy\" decoding=\"async\" class=\"aligncenter wp-image-284225 \" src=\"https:\/\/quicosenza.it\/news\/wp-content\/uploads\/2026\/02\/Crati-esondazione-Lattughelle-e-Laghi-di-Sibari.jpg\" alt=\"Crati-esondazione-Lattughelle-e-Laghi-di-Sibari\" width=\"500\" height=\"309\" title=\"\" srcset=\"https:\/\/quicosenza.it\/news\/wp-content\/uploads\/2026\/02\/Crati-esondazione-Lattughelle-e-Laghi-di-Sibari.jpg 970w, https:\/\/quicosenza.it\/news\/wp-content\/uploads\/2026\/02\/Crati-esondazione-Lattughelle-e-Laghi-di-Sibari-300x186.jpg 300w, https:\/\/quicosenza.it\/news\/wp-content\/uploads\/2026\/02\/Crati-esondazione-Lattughelle-e-Laghi-di-Sibari-768x475.jpg 768w\" sizes=\"auto, (max-width: 500px) 100vw, 500px\" \/><\/p>\n<h3>Ciciliano nel Cosentino: sopralluogo insieme ad Occhiuto<\/h3>\n<p>Per verificare di persona lo stato delle cose domani mattina il capo del Dipartimento nazionale della Protezione Civile, <strong>Fabio Ciciliano, sar\u00e0 in Calabria per un sopralluogo.<\/strong> In particolare, Ciciliano,\u00a0 accompagnato dal presidente della Regione, Roberto Occhiuto, sorvoler\u00e0 in elicottero le zone maggiormente colpite dal maltempo.<\/p>\n<p>Subito dopo il capo della Protezione Civile e il governatore si fermeranno a Sibari presso la delegazione municipale per effettuare una <strong>riunione operativa<\/strong> con i sindaci e i rappresentanti del territorio, insieme al direttore regionale della Protezione Civile, <strong>Domenico Costarella.<\/strong><\/p>\n<p><img loading=\"lazy\" decoding=\"async\" class=\"aligncenter wp-image-284543 \" src=\"https:\/\/quicosenza.it\/news\/wp-content\/uploads\/2026\/02\/Iacobini-danni-Cassano-Ionio-stima-02.jpg\" alt=\"Iacobini danni Cassano Ionio stima 02\" width=\"500\" height=\"309\" title=\"\" srcset=\"https:\/\/quicosenza.it\/news\/wp-content\/uploads\/2026\/02\/Iacobini-danni-Cassano-Ionio-stima-02.jpg 970w, https:\/\/quicosenza.it\/news\/wp-content\/uploads\/2026\/02\/Iacobini-danni-Cassano-Ionio-stima-02-300x186.jpg 300w, https:\/\/quicosenza.it\/news\/wp-content\/uploads\/2026\/02\/Iacobini-danni-Cassano-Ionio-stima-02-768x475.jpg 768w\" sizes=\"auto, (max-width: 500px) 100vw, 500px\" \/><\/p>\n<h3><strong>Aggiornamento\u00a0<\/strong><\/h3>\n<p>A causa delle avverse condizioni meteo &#8211; pioggia e soprattutto nebbia a bassa quota &#8211; l\u2019elicottero con il quale Fabio Ciciliano avrebbe dovuto sorvolare le zone maggiormente colpite dalle precipitazioni degli ultimi giorni non potr\u00e0 volare. Per tale ragione il capo del Dipartimento nazionale della Protezione Civile sar\u00e0 verosimilmente<strong> a Sibari non pi\u00f9 alle ore 8.30, ma intorno alle ore 10.30.\u00a0<\/strong><\/p>\n","protected":false},"excerpt":{"rendered":"<p>Il capo del Dipartimento nazionale della Protezione Civile sar\u00e0 in Calabria per un sopralluogo. Accompagnato dal presidente Occhiuto, sorvoler\u00e0 in elicottero le zone maggiormente colpite dal maltempo e poi terr\u00e0 una riunione operativa a Sibari con i sindaci e i rappresentanti del territorio<\/p>\n","protected":false},"author":90,"featured_media":284563,"comment_status":"closed","ping_status":"closed","sticky":false,"template":"","format":"standard","meta":{"_acf_changed":false,"footnotes":"","jetpack_publicize_message":"","jetpack_publicize_feature_enabled":true,"jetpack_social_post_already_shared":false,"jetpack_social_options":{"image_generator_settings":{"template":"highway","default_image_id":0,"font":"","enabled":false},"version":2}},"categories":[572],"tags":[],"class_list":["post-284559","post","type-post","status-publish","format-standard","has-post-thumbnail","hentry","category-ionio"],"acf":[],"jetpack_publicize_connections":[],"_links":{"self":[{"href":"https:\/\/quicosenza.it\/news\/wp-json\/wp\/v2\/posts\/284559","targetHints":{"allow":["GET"]}}],"collection":[{"href":"https:\/\/quicosenza.it\/news\/wp-json\/wp\/v2\/posts"}],"about":[{"href":"https:\/\/quicosenza.it\/news\/wp-json\/wp\/v2\/types\/post"}],"author":[{"embeddable":true,"href":"https:\/\/quicosenza.it\/news\/wp-json\/wp\/v2\/users\/90"}],"replies":[{"embeddable":true,"href":"https:\/\/quicosenza.it\/news\/wp-json\/wp\/v2\/comments?post=284559"}],"version-history":[{"count":0,"href":"https:\/\/quicosenza.it\/news\/wp-json\/wp\/v2\/posts\/284559\/revisions"}],"wp:featuredmedia":[{"embeddable":true,"href":"https:\/\/quicosenza.it\/news\/wp-json\/wp\/v2\/media\/284563"}],"wp:attachment":[{"href":"https:\/\/quicosenza.it\/news\/wp-json\/wp\/v2\/media?parent=284559"}],"wp:term":[{"taxonomy":"category","embeddable":true,"href":"https:\/\/quicosenza.it\/news\/wp-json\/wp\/v2\/categories?post=284559"},{"taxonomy":"post_tag","embeddable":true,"href":"https:\/\/quicosenza.it\/news\/wp-json\/wp\/v2\/tags?post=284559"}],"curies":[{"name":"wp","href":"https:\/\/api.w.org\/{rel}","templated":true}]}}