{"id":284786,"date":"2026-02-22T12:00:39","date_gmt":"2026-02-22T11:00:39","guid":{"rendered":"https:\/\/quicosenza.it\/news\/?p=284786"},"modified":"2026-02-22T11:43:05","modified_gmt":"2026-02-22T10:43:05","slug":"zumpano-sp234-riva-destra-crati-apertura-strada","status":"publish","type":"post","link":"https:\/\/quicosenza.it\/news\/zumpano-sp234-riva-destra-crati-apertura-strada\/","title":{"rendered":"Zumpano, lavori senza sosta per riaprire la SP234 Riva destra Crati danneggiata dal maltempo"},"content":{"rendered":"<p data-start=\"229\" data-end=\"529\">ZUMPANO (CS) &#8211; I lavori di ripristino della <strong>Strada Provinciale 234 Riva destra Crati<\/strong>, gravemente <a href=\"https:\/\/quicosenza.it\/news\/zumpano-maltempo-lavori-sp-234-destra-crati\/\" target=\"_blank\" rel=\"noopener\">danneggiata<\/a> dal maltemp<strong>o, proseguono senza sosta<\/strong>. La strada, fondamentale per la viabilit\u00e0 locale e per l\u2019intero comprensorio urbano, era stata chiusa a<strong> causa dei danni e di un crollo provocato dalle intense piogge dei giorni scorsi<\/strong>.\u00a0Come evidenziato dal sindaco <strong>Fabrizio Fabiano<\/strong>, la ditta <strong>Nuova Demar S.r.l.<\/strong>, guidata dall\u2019amministratore unico <strong data-start=\"689\" data-end=\"713\">Vittorio Mario Perri<\/strong>, \u00e8 al lavoro incessantemente per &#8220;<a href=\"https:\/\/www.facebook.com\/reel\/1265246035493034\" target=\"_blank\" rel=\"noopener\">deviare<\/a><strong> controllatamente&#8221; il corso del fiume Crati<\/strong>.<\/p>\n<p data-start=\"229\" data-end=\"529\">Questo intervento tecnico \u00e8 indispensabile per garantire la sicurezza delle operazioni di ripristino e consentire i lavori sull\u2019argine compromesso. Un\u00a0 <strong>passaggio fondamentale per il consolidamento strutturale e la ricostruzione della sede stradale in condizioni di sicurezza<\/strong>.<\/p>\n<h3 data-start=\"923\" data-end=\"963\">Zumpano: intervento sulla SP234 Riva destra Crati<\/h3>\n<p data-start=\"965\" data-end=\"1327\">La ri<strong>apertura della SP234<\/strong> rappresenta una priorit\u00e0 per il territorio, anche in virt\u00f9 dei disagi <strong>causati dalla deviazione del traffico verso<\/strong> <strong>Rende<\/strong>, ormai congestionata. \u201cL\u2019attivit\u00e0 del cantiere \u00e8 continua, senza pause, a dimostrazione del senso di responsabilit\u00e0 verso la nostra comunit\u00e0\u201d, ha sottolineato il sindaco Fabiano.\u00a0Il primo cittadino ha inoltre ringraziato la <strong data-start=\"1374\" data-end=\"1398\">Provincia di Cosenza<\/strong> per il sostegno costante: \u201cL\u2019impegno della Provincia non riguarda solo la nostra comunit\u00e0 e le attivit\u00e0 economiche in difficolt\u00e0, ma l\u2019intero territorio urbano. La risposta delle istituzioni e delle imprese coinvolte \u00e8 stata immediata e operativa in un momento delicato\u201d, ha dichiarato.<\/p>\n<p data-start=\"965\" data-end=\"1327\"><img loading=\"lazy\" decoding=\"async\" class=\"aligncenter wp-image-284438\" src=\"https:\/\/quicosenza.it\/news\/wp-content\/uploads\/2026\/02\/Zumpano-SP-Crati.jpg\" alt=\"Zumpano SP234 Riva destra Crati\" width=\"640\" height=\"396\" title=\"\" srcset=\"https:\/\/quicosenza.it\/news\/wp-content\/uploads\/2026\/02\/Zumpano-SP-Crati.jpg 970w, https:\/\/quicosenza.it\/news\/wp-content\/uploads\/2026\/02\/Zumpano-SP-Crati-300x186.jpg 300w, https:\/\/quicosenza.it\/news\/wp-content\/uploads\/2026\/02\/Zumpano-SP-Crati-768x475.jpg 768w\" sizes=\"auto, (max-width: 640px) 100vw, 640px\" \/><\/p>\n<h3 data-start=\"1689\" data-end=\"1725\">Messa in sicurezza e ritorno alla normalit\u00e0<\/h3>\n<p data-start=\"1727\" data-end=\"2104\">I<strong> lavori sul cantiere SP234 continueranno fino al completo ripristino della strada<\/strong>, con l\u2019obiettivo di restituire alla comunit\u00e0 sicurezza e normalit\u00e0 nel pi\u00f9 breve tempo possibile. La costante attenzione delle autorit\u00e0 locali e delle imprese impegnate nel progetto evidenzia la centralit\u00e0 dell\u2019arteria stradale per il traffico, i pendolari e lo sviluppo economico della zona.<\/p>\n<p>&nbsp;<\/p>\n","protected":false},"excerpt":{"rendered":"<p>Zumpano, SP234: lavori senza sosta per riaprire la strada danneggiata dal maltempo e riportare sicurezza ai cittadini<\/p>\n","protected":false},"author":55,"featured_media":284787,"comment_status":"closed","ping_status":"closed","sticky":false,"template":"","format":"standard","meta":{"_acf_changed":false,"footnotes":"","jetpack_publicize_message":"","jetpack_publicize_feature_enabled":true,"jetpack_social_post_already_shared":false,"jetpack_social_options":{"image_generator_settings":{"template":"highway","default_image_id":0,"font":"","enabled":false},"version":2}},"categories":[28],"tags":[],"class_list":["post-284786","post","type-post","status-publish","format-standard","has-post-thumbnail","hentry","category-provincia"],"acf":[],"jetpack_publicize_connections":[],"_links":{"self":[{"href":"https:\/\/quicosenza.it\/news\/wp-json\/wp\/v2\/posts\/284786","targetHints":{"allow":["GET"]}}],"collection":[{"href":"https:\/\/quicosenza.it\/news\/wp-json\/wp\/v2\/posts"}],"about":[{"href":"https:\/\/quicosenza.it\/news\/wp-json\/wp\/v2\/types\/post"}],"author":[{"embeddable":true,"href":"https:\/\/quicosenza.it\/news\/wp-json\/wp\/v2\/users\/55"}],"replies":[{"embeddable":true,"href":"https:\/\/quicosenza.it\/news\/wp-json\/wp\/v2\/comments?post=284786"}],"version-history":[{"count":0,"href":"https:\/\/quicosenza.it\/news\/wp-json\/wp\/v2\/posts\/284786\/revisions"}],"wp:featuredmedia":[{"embeddable":true,"href":"https:\/\/quicosenza.it\/news\/wp-json\/wp\/v2\/media\/284787"}],"wp:attachment":[{"href":"https:\/\/quicosenza.it\/news\/wp-json\/wp\/v2\/media?parent=284786"}],"wp:term":[{"taxonomy":"category","embeddable":true,"href":"https:\/\/quicosenza.it\/news\/wp-json\/wp\/v2\/categories?post=284786"},{"taxonomy":"post_tag","embeddable":true,"href":"https:\/\/quicosenza.it\/news\/wp-json\/wp\/v2\/tags?post=284786"}],"curies":[{"name":"wp","href":"https:\/\/api.w.org\/{rel}","templated":true}]}}