{"id":284896,"date":"2026-02-23T17:01:49","date_gmt":"2026-02-23T16:01:49","guid":{"rendered":"https:\/\/quicosenza.it\/news\/?p=284896"},"modified":"2026-02-23T17:01:49","modified_gmt":"2026-02-23T16:01:49","slug":"medici-cubani-in-calabria-occhiuto-hammer","status":"publish","type":"post","link":"https:\/\/quicosenza.it\/news\/medici-cubani-in-calabria-occhiuto-hammer\/","title":{"rendered":"Medici Cubani in Calabria, Occhiuto incontra l&#8217;ambasciatore USA Hammer: \u201cnecessari in ospedali e Pronto Soccorso&#8221;"},"content":{"rendered":"<p>CATANZARO \u2013 Medici Cubani in Calabria? La sanit\u00e0 calabrese resta al centro dell\u2019agenda istituzionale della <strong>Regione Calabria<\/strong>. Questa mattina, negli uffici regionali del capoluogo, il presidente <strong>Roberto Occhiuto<\/strong> ha incontrato <strong>Mike Hammer<\/strong>, incaricato d\u2019affari degli Stati Uniti a Cuba, accompagnato da <strong>Terrence Flynn<\/strong>, console generale degli Stati Uniti d\u2019America a Napoli.\u00a0Un confronto definito \u00ablungo e cordiale\u00bb, durante il quale si \u00e8 discusso delle gravi criticit\u00e0 della sanit\u00e0 regionale e del ruolo strategico svolto dalla missione dei<a href=\"https:\/\/quicosenza.it\/news\/trump-medici-cubani-occhiut-calabria\/\" target=\"_blank\" rel=\"noopener\"> medici cubani<\/a>, oggi considerata ancora indispensabile per<strong> garantire l\u2019apertura di ospedali e pronto soccorso<\/strong> sul territorio calabrese.<\/p>\n<p><img loading=\"lazy\" decoding=\"async\" class=\"wp-image-181889 aligncenter\" src=\"https:\/\/quicosenza.it\/news\/wp-content\/uploads\/2022\/12\/occhiuto-incontra-medici-cubani.jpg\" alt=\"occhiuto incontra medici cubani\" width=\"595\" height=\"368\" title=\"\" srcset=\"https:\/\/quicosenza.it\/news\/wp-content\/uploads\/2022\/12\/occhiuto-incontra-medici-cubani.jpg 970w, https:\/\/quicosenza.it\/news\/wp-content\/uploads\/2022\/12\/occhiuto-incontra-medici-cubani-300x186.jpg 300w, https:\/\/quicosenza.it\/news\/wp-content\/uploads\/2022\/12\/occhiuto-incontra-medici-cubani-768x475.jpg 768w\" sizes=\"auto, (max-width: 595px) 100vw, 595px\" \/><\/p>\n<h3><strong>Medici cubani in Calabria &#8220;una necessit\u00e0&#8221;<\/strong><\/h3>\n<p>Nel corso dell\u2019incontro, Occhiuto ha ribadito come l<strong>a presenza dei camici bianchi cubani rappresenti tuttora una risorsa fondamentale<\/strong> per il sistema sanitario regionale. \u00abLa mia priorit\u00e0 assoluta \u2013 ha spiegato \u2013 \u00e8 assicurare il diritto alla cura ai cittadini calabresi, in un contesto gi\u00e0 segnato da forti difficolt\u00e0 strutturali\u00bb.\u00a0Il governatore ha inoltre ricordato che, nei programmi iniziali per il 2026, era previsto un incremento della missione fino a 1000 medici provenienti da Cuba, proprio per fronteggiare la cronica carenza di personale sanitario.<\/p>\n<h3><strong>Collaborazione con gli USA e nuove strade di reclutamento<\/strong><\/h3>\n<p>Nelle ultime settimane, per\u00f2, grazie a una collaborazione avviata con il Dipartimento di Stato degli <strong>Stati Uniti d&#8217;America<\/strong> e con il <strong>consolato americano<\/strong>, la Regione Calabria ha deciso di esplorare una strada alternativa. A met\u00e0 gennaio \u00e8 stata infatti pubblicata una manifestazione di interesse <strong>rivolta a medici comunitari ed extra comunitari disponibili a lavorare negli\u00a0 ospedali calabresi<\/strong>.\u00a0Una scelta che punta ad ampliare il bacino di reclutamento, mantenendo per\u00f2 fermo il principio che i medici stranieri \u2013 cubani compresi \u2013 restano una componente essenziale per la tenuta del sistema sanitario regionale.<\/p>\n<p><img loading=\"lazy\" decoding=\"async\" class=\"aligncenter wp-image-208908\" src=\"https:\/\/quicosenza.it\/news\/wp-content\/uploads\/2023\/08\/Medici-cubani.jpeg\" alt=\"Medici cubani in Calabria\" width=\"676\" height=\"396\" title=\"\" srcset=\"https:\/\/quicosenza.it\/news\/wp-content\/uploads\/2023\/08\/Medici-cubani.jpeg 1228w, https:\/\/quicosenza.it\/news\/wp-content\/uploads\/2023\/08\/Medici-cubani-300x176.jpeg 300w, https:\/\/quicosenza.it\/news\/wp-content\/uploads\/2023\/08\/Medici-cubani-1024x600.jpeg 1024w, https:\/\/quicosenza.it\/news\/wp-content\/uploads\/2023\/08\/Medici-cubani-768x450.jpeg 768w, https:\/\/quicosenza.it\/news\/wp-content\/uploads\/2023\/08\/Medici-cubani-150x88.jpeg 150w, https:\/\/quicosenza.it\/news\/wp-content\/uploads\/2023\/08\/Medici-cubani-696x408.jpeg 696w, https:\/\/quicosenza.it\/news\/wp-content\/uploads\/2023\/08\/Medici-cubani-1068x625.jpeg 1068w, https:\/\/quicosenza.it\/news\/wp-content\/uploads\/2023\/08\/Medici-cubani-717x420.jpeg 717w\" sizes=\"auto, (max-width: 676px) 100vw, 676px\" \/><\/p>\n<h3><strong>Calabria pronta ad accogliere medici da tutto il mondo<\/strong><\/h3>\n<p>\u00ab<strong>La Calabria \u00e8 disponibile ad accogliere tutti i medici<\/strong> &#8212; comunitari, extracomunitari e anche cubani non vincolati alle missioni gi\u00e0 esistenti &#8211; che vogliano venire a lavorare nella nostra Regione\u00bb, ha sottolineato Occhiuto. Un\u2019apertura accompagnata dalla garanzia di <strong>supporto logistico ed economico<\/strong>, lo stesso gi\u00e0 assicurato ai professionisti cubani che da anni operano sul territorio. L\u2019incontro con l\u2019<strong>ambasciatore Hammer<\/strong> segna dunque un passaggio chiave nella strategia della <a href=\"https:\/\/www.regione.calabria.it\/\" target=\"_blank\" rel=\"noopener\">Regione Calabria<\/a>: da un lato la conferma della c<strong>entralit\u00e0 dei medici cubani<\/strong>, dall\u2019altro l\u2019avvio di una c<strong>ooperazione internazionale<\/strong> per attrarre nuovi camici bianchi e rafforzare, in modo strutturale, la sanit\u00e0 calabrese.<\/p>\n","protected":false},"excerpt":{"rendered":"<p>Il presidente Occhiuto ha ribadito il ruolo chiave dei medici cubani per garantire ospedali e pronto soccorso aperti, mentre dagli Stati Uniti arriva la disponibilit\u00e0 a collaborare per attrarre nuovi camici bianchi e rafforzare il sistema sanitario calabrese<\/p>\n","protected":false},"author":55,"featured_media":284897,"comment_status":"closed","ping_status":"closed","sticky":false,"template":"","format":"standard","meta":{"_acf_changed":false,"footnotes":"","jetpack_publicize_message":"","jetpack_publicize_feature_enabled":true,"jetpack_social_post_already_shared":false,"jetpack_social_options":{"image_generator_settings":{"template":"highway","default_image_id":0,"font":"","enabled":false},"version":2}},"categories":[17],"tags":[],"class_list":["post-284896","post","type-post","status-publish","format-standard","has-post-thumbnail","hentry","category-calabria"],"acf":[],"jetpack_publicize_connections":[],"_links":{"self":[{"href":"https:\/\/quicosenza.it\/news\/wp-json\/wp\/v2\/posts\/284896","targetHints":{"allow":["GET"]}}],"collection":[{"href":"https:\/\/quicosenza.it\/news\/wp-json\/wp\/v2\/posts"}],"about":[{"href":"https:\/\/quicosenza.it\/news\/wp-json\/wp\/v2\/types\/post"}],"author":[{"embeddable":true,"href":"https:\/\/quicosenza.it\/news\/wp-json\/wp\/v2\/users\/55"}],"replies":[{"embeddable":true,"href":"https:\/\/quicosenza.it\/news\/wp-json\/wp\/v2\/comments?post=284896"}],"version-history":[{"count":0,"href":"https:\/\/quicosenza.it\/news\/wp-json\/wp\/v2\/posts\/284896\/revisions"}],"wp:featuredmedia":[{"embeddable":true,"href":"https:\/\/quicosenza.it\/news\/wp-json\/wp\/v2\/media\/284897"}],"wp:attachment":[{"href":"https:\/\/quicosenza.it\/news\/wp-json\/wp\/v2\/media?parent=284896"}],"wp:term":[{"taxonomy":"category","embeddable":true,"href":"https:\/\/quicosenza.it\/news\/wp-json\/wp\/v2\/categories?post=284896"},{"taxonomy":"post_tag","embeddable":true,"href":"https:\/\/quicosenza.it\/news\/wp-json\/wp\/v2\/tags?post=284896"}],"curies":[{"name":"wp","href":"https:\/\/api.w.org\/{rel}","templated":true}]}}