{"id":285113,"date":"2026-02-25T16:22:48","date_gmt":"2026-02-25T15:22:48","guid":{"rendered":"https:\/\/quicosenza.it\/news\/?p=285113"},"modified":"2026-02-25T16:22:48","modified_gmt":"2026-02-25T15:22:48","slug":"sanita-aree-montane-cosentine-legge-curare","status":"publish","type":"post","link":"https:\/\/quicosenza.it\/news\/sanita-aree-montane-cosentine-legge-curare\/","title":{"rendered":"Ospedali di montagna, scatta la rivolta dal basso: gi\u00e0 1.500 firme per \u201ccurare sul posto\u201d"},"content":{"rendered":"<p>SAN GIOVANNI IN FIORE (CS) &#8211; Il <strong>Comitato La Cura<\/strong> esprime grande soddisfazione per la<strong> riuscita dell&#8217;iniziativa &#8220;Curare sul posto&#8221;<\/strong>, svoltasi ieri pomeriggio allo Jure Caf\u00e9 di San Giovanni in Fiore (Cosenza). \u00c8 stata un&#8217;occasione di confronto partecipato sulla<strong><a href=\"https:\/\/quicosenza.it\/news\/curare-sul-posto-san-giovanni-fiore\/\" target=\"_blank\" rel=\"noopener\"> proposta di legge regionale di iniziativa popolare<\/a> per la riqualificazione degli ospedali di area montana di Acri, San Giovanni in Fiore, Serra San Bruno e Soveria Mannelli, gi\u00e0 depositata nel Consiglio regionale della Calabria<\/strong>.<\/p>\n<p>L&#8217;incontro ha rappresentato un passaggio importante di informazione pubblica e di mobilitazione civile attorno a un progetto di legge dal basso che punta a rimettere al centro il diritto alla salute delle comunit\u00e0 montane, troppo a lungo sacrificate da scelte che hanno prodotto desertificazione sanitaria e spopolamento. Il medico Tullio Laino, estensore della proposta, ha ricordato che le aree montane della Calabria sono state le pi\u00f9 penalizzate dai tagli del Piano di rientro avviato nel 2010.<\/p>\n<h3>Ospedali di montagna, la proposta di legge di iniziativa popolare<\/h3>\n<p>Laino ha illustrato nel dettaglio l&#8217;impianto della proposta, che prevede <strong>l&#8217;istituzione di un&#8217;unica Azienda ospedaliera per la gestione coordinata dei quattro presidi di zona montana e la loro trasformazione in spoke<\/strong>, con l&#8217;attivazione di nuovi reparti fondamentali, tra cui Chirurgia generale, Pediatria e Cardiologia con possibilit\u00e0 di angioplastica. Una scelta organizzativa che mira a garantire servizi essenziali nei territori interni e a superare l&#8217;attuale frammentazione. Il<strong> professor <a href=\"https:\/\/docenti.unicatt.it\/ppd2\/it\/docenti\/46663\/giuseppe-brisinda\/profilo\" target=\"_blank\" rel=\"noopener\">Giuseppe Brisinda<\/a>,<\/strong> chirurgo del Policlinico universitario Gemelli, ha fornito un contributo scientifico di spessore, richiamando <strong>i dati che certificano il fallimento della rete ospedaliera Hub e Spoke in Calabria.<\/strong><\/p>\n<p>Secondo <strong>Brisinda<\/strong>, l&#8217;idea che il trasferimento del paziente possa rappresentare una soluzione efficace per la tutela della salute si \u00e8 nei fatti rivelata inadeguata. I tempi di percorrenza, le condizioni orografiche e la carenza di servizi rendono necessario rafforzare l&#8217;assistenza nei territori montani, soprattutto per le urgenze tempo-dipendenti. \u00c8 intervenuto anche Francesco Sapia, gi\u00e0 deputato e gi\u00e0 componente della Commissione Sanit\u00e0 della Camera, che ha ripercorso le iniziative portate avanti negli anni per la tutela della sanit\u00e0 nelle aree montane e ha dichiarato apertamente il sostegno dell&#8217;associazione Schierarsi alla proposta di legge.<\/p>\n<p><strong>L&#8217;intellettuale Riccardo Allevato<\/strong> ha ribadito che la soluzione \u00e8 la cura sul posto, come affermato anche dal docente di Lettere Giovanni Iaquinta, che ha invitato tutte le forze politiche a sottoscrivere la proposta, ponendo fine al lungo abbandono dei territori montani da parte del sistema pubblico. \u00c8 stato sottolineato che oggi esiste uno strumento concreto di risposta popolare, cio\u00e8 una legge di iniziativa dei cittadini che indica una direzione chiara e un obiettivo comune, la riqualificazione dei pres\u00ecdi ospedalieri pubblici nelle aree interne della Calabria. In sala era presente anche il sindaco di Caccuri, Luigi Quintieri, che ha portato il proprio saluto e la vicinanza istituzionale all&#8217;iniziativa.<\/p>\n<p>Il giornalista Emiliano Morrone ha comunicato che <strong>sono gi\u00e0 state superate le 1.500 firme<\/strong> raccolte negli altri territori coinvolti. Morrone ha affermato che, senza una mobilitazione generale, anche delle forze politiche, la sanit\u00e0 pubblica nelle aree montane non avr\u00e0 futuro. Le comunit\u00e0 di montagna, ha detto, non possono essere trattate peggio sulla base di criteri meramente econometrici e ragionieristici. &#8220;Questa \u00e8 l&#8217;ultima chiamata per le comunit\u00e0 di montagna&#8221;, ha rimarcato. Il Comitato La Cura ringrazia tutti i relatori, i cittadini intervenuti e quanti stanno contribuendo alla raccolta firme. La partecipazione registrata conferma che esiste una domanda forte di giustizia territoriale e di tutela reale del diritto alla salute. La battaglia per curare sul posto \u00e8 una battaglia di dignit\u00e0 e di futuro per le aree montane della Calabria.<\/p>\n","protected":false},"excerpt":{"rendered":"<p>Incontro partecipato a San Giovanni in Fiore sulla legge di iniziativa popolare per rilanciare gli ospedali di Acri, S. Giovanni in Fiore, Serra San Bruno e Soveria Mannelli: reparti, emergenze e servizi da garantire nei territori interni<\/p>\n","protected":false},"author":58,"featured_media":285117,"comment_status":"closed","ping_status":"closed","sticky":false,"template":"","format":"standard","meta":{"_acf_changed":false,"footnotes":"","jetpack_publicize_message":"","jetpack_publicize_feature_enabled":true,"jetpack_social_post_already_shared":false,"jetpack_social_options":{"image_generator_settings":{"template":"highway","default_image_id":0,"font":"","enabled":false},"version":2}},"categories":[17],"tags":[],"class_list":["post-285113","post","type-post","status-publish","format-standard","has-post-thumbnail","hentry","category-calabria"],"acf":[],"jetpack_publicize_connections":[],"_links":{"self":[{"href":"https:\/\/quicosenza.it\/news\/wp-json\/wp\/v2\/posts\/285113","targetHints":{"allow":["GET"]}}],"collection":[{"href":"https:\/\/quicosenza.it\/news\/wp-json\/wp\/v2\/posts"}],"about":[{"href":"https:\/\/quicosenza.it\/news\/wp-json\/wp\/v2\/types\/post"}],"author":[{"embeddable":true,"href":"https:\/\/quicosenza.it\/news\/wp-json\/wp\/v2\/users\/58"}],"replies":[{"embeddable":true,"href":"https:\/\/quicosenza.it\/news\/wp-json\/wp\/v2\/comments?post=285113"}],"version-history":[{"count":0,"href":"https:\/\/quicosenza.it\/news\/wp-json\/wp\/v2\/posts\/285113\/revisions"}],"wp:featuredmedia":[{"embeddable":true,"href":"https:\/\/quicosenza.it\/news\/wp-json\/wp\/v2\/media\/285117"}],"wp:attachment":[{"href":"https:\/\/quicosenza.it\/news\/wp-json\/wp\/v2\/media?parent=285113"}],"wp:term":[{"taxonomy":"category","embeddable":true,"href":"https:\/\/quicosenza.it\/news\/wp-json\/wp\/v2\/categories?post=285113"},{"taxonomy":"post_tag","embeddable":true,"href":"https:\/\/quicosenza.it\/news\/wp-json\/wp\/v2\/tags?post=285113"}],"curies":[{"name":"wp","href":"https:\/\/api.w.org\/{rel}","templated":true}]}}