{"id":285130,"date":"2026-02-25T18:38:19","date_gmt":"2026-02-25T17:38:19","guid":{"rendered":"https:\/\/quicosenza.it\/news\/?p=285130"},"modified":"2026-02-25T18:38:19","modified_gmt":"2026-02-25T17:38:19","slug":"haloterapia-accademia-italiana-salute","status":"publish","type":"post","link":"https:\/\/quicosenza.it\/news\/haloterapia-accademia-italiana-salute\/","title":{"rendered":"Haloterapia medica: a Lamezia Terme nasce l\u2019Accademia Italiana per la salute respiratoria"},"content":{"rendered":"<p>LAMEZIA TERME (CZ) &#8211; Si svolger\u00e0 a Lamezia Terme, presso l\u2019Hotel Marechiaro, il convegno scientifico dal titolo<strong> \u201c<a href=\"https:\/\/it.wikipedia.org\/wiki\/Haloterapia\" target=\"_blank\" rel=\"noopener\">Haloterapia<\/a> e Flogosi delle Vie Aeree: dalle Miniere di Sale alle Evidenze Scientifiche\u201d<\/strong>, dedicato all\u2019approfondimento clinico e fisiopatologico dell\u2019haloterapia nelle patologie infiammatorie delle <a href=\"https:\/\/quicosenza.it\/news\/rotary-inspira-patologie-respiratorie\/\" target=\"_blank\" rel=\"noopener\">vie respiratorie<\/a>.<\/p>\n<h3>Haloterapia medica, verso l&#8217;Accademia Italiana<\/h3>\n<p>L\u2019incontro che vedr\u00e0 la partecipazione di esperti come <strong>Pediatri, Otorinolaringoiatri e operatori tecnici di haloterapia in un confronto multidisciplinare<\/strong> volto ad analizzare le basi storiche della pratica, i meccanismi fisioterapici e le evidenze scientifiche disponibili in letteratura, con particolare attenzione ai sistemi di erogazione configurabili come dispositivi medici secondo la normativa europea vigente. Il convegno accreditato nell\u2019ambito del programma nazionale di Educazione Continua in Medicina (ECM).<\/p>\n<p><strong>Nel corso dell\u2019evento verr\u00e0 annunciata la nascita della Accademia Italiana di Haloterapia Medica (A.I.Ha.M.), <\/strong>societ\u00e0 scientifica senza scopo di lucro con finalit\u00e0 esclusivamente medico-scientifiche. Sar\u00e0 presentati inoltre durante i lavori il <strong>sistema Aerosal<\/strong>, configurato come dispositivo medico ai sensi del Regolamento (UE) 2017\/745, nel contesto dell\u2019analisi della letteratura scientifica pubblicata nel corso degli ultimi vent\u2019anni sull\u2019impiego dell\u2019haloterapia. Il convegno rappresenter\u00e0 un momento di consolidamento scientifico e di nuova progettualit\u00e0 per il settore della haloterapia in ambito medico.<\/p>\n","protected":false},"excerpt":{"rendered":"<p>A Lamezia Terme esperti italiani tra pediatri, otorinolaringoiatri e tecnici di haloterapia si confrontano sulle evidenze scientifiche delle cure inalatorie a base di sale, con la nascita dell\u2019Accademia Italiana di Haloterapia Medica<\/p>\n","protected":false},"author":58,"featured_media":285131,"comment_status":"closed","ping_status":"closed","sticky":false,"template":"","format":"standard","meta":{"_acf_changed":false,"footnotes":"","jetpack_publicize_message":"","jetpack_publicize_feature_enabled":true,"jetpack_social_post_already_shared":false,"jetpack_social_options":{"image_generator_settings":{"template":"highway","default_image_id":0,"font":"","enabled":false},"version":2}},"categories":[17],"tags":[],"class_list":["post-285130","post","type-post","status-publish","format-standard","has-post-thumbnail","hentry","category-calabria"],"acf":[],"jetpack_publicize_connections":[],"_links":{"self":[{"href":"https:\/\/quicosenza.it\/news\/wp-json\/wp\/v2\/posts\/285130","targetHints":{"allow":["GET"]}}],"collection":[{"href":"https:\/\/quicosenza.it\/news\/wp-json\/wp\/v2\/posts"}],"about":[{"href":"https:\/\/quicosenza.it\/news\/wp-json\/wp\/v2\/types\/post"}],"author":[{"embeddable":true,"href":"https:\/\/quicosenza.it\/news\/wp-json\/wp\/v2\/users\/58"}],"replies":[{"embeddable":true,"href":"https:\/\/quicosenza.it\/news\/wp-json\/wp\/v2\/comments?post=285130"}],"version-history":[{"count":0,"href":"https:\/\/quicosenza.it\/news\/wp-json\/wp\/v2\/posts\/285130\/revisions"}],"wp:featuredmedia":[{"embeddable":true,"href":"https:\/\/quicosenza.it\/news\/wp-json\/wp\/v2\/media\/285131"}],"wp:attachment":[{"href":"https:\/\/quicosenza.it\/news\/wp-json\/wp\/v2\/media?parent=285130"}],"wp:term":[{"taxonomy":"category","embeddable":true,"href":"https:\/\/quicosenza.it\/news\/wp-json\/wp\/v2\/categories?post=285130"},{"taxonomy":"post_tag","embeddable":true,"href":"https:\/\/quicosenza.it\/news\/wp-json\/wp\/v2\/tags?post=285130"}],"curies":[{"name":"wp","href":"https:\/\/api.w.org\/{rel}","templated":true}]}}