{"id":285183,"date":"2026-02-26T13:08:41","date_gmt":"2026-02-26T12:08:41","guid":{"rendered":"https:\/\/quicosenza.it\/news\/?p=285183"},"modified":"2026-02-26T14:15:27","modified_gmt":"2026-02-26T13:15:27","slug":"elezioni-provinciali-franz-caruso-viabilita","status":"publish","type":"post","link":"https:\/\/quicosenza.it\/news\/elezioni-provinciali-franz-caruso-viabilita\/","title":{"rendered":"Elezioni provinciali, Franz Caruso: \u00abViabilit\u00e0 e sicurezza tra le priorit\u00e0 non pi\u00f9 rinviabili\u00bb"},"content":{"rendered":"<p>COSENZA &#8211; La corsa alla <strong>presidenza della Provincia di Cosenza, <\/strong>dopo le dimissioni di Rosaria Succurro <a href=\"https:\/\/www.consiglioregionale.calabria.it\/portale\/Istituzione\/Consiglieri\/Consigliere\/321\" target=\"_blank\" rel=\"noopener\">oggi consigliera regionale<\/a>, \u00e8 entrata nel vivo. Le <strong>elezioni provinciali sono fissate per il prossimo 8 marzo<\/strong>. <strong>Franz Caruso,<\/strong> <a href=\"https:\/\/quicosenza.it\/news\/elezioni-provincia-di-cosenza-liste-caruso\/\" target=\"_blank\" rel=\"noopener\">candidato per il centrosinistra<\/a>, che si sconter\u00e0 con <a href=\"https:\/\/quicosenza.it\/news\/elezioni-provincia-di-cosenza-faragalli-liste\/\" target=\"_blank\" rel=\"noopener\">Biagio Faragalli,<\/a> candidato per il centrodestra, parla delle <strong>priorit\u00e0<\/strong> messe in campo con il suo programma:<strong> viabilit\u00e0 e sicurezza.<\/strong><\/p>\n<h3>Elezioni provinciali, focus di Caruso sulla viabilit\u00e0<\/h3>\n<p>&#8220;Con la riforma Delrio, che non ho mai condiviso, le competenze dell&#8217;Ente Provincia sono state drasticamente ridimensionate. Tra quelle rimaste vi \u00e8 per\u00f2 una responsabilit\u00e0 centrale e inderogabile: la <strong>viabilit\u00e0<\/strong>, con particolare riferimento alla<strong> gestione, manutenzione, ammodernamento e messa in sicurezza<\/strong> della rete stradale provinciale (ex statali, provinciali e regionali delegate), attraverso interventi strutturali, attivit\u00e0 di monitoraggio e aggiornamento del catasto stradale&#8221;.<\/p>\n<p>&#8220;Competenze che, negli ultimi anni, non sono state esercitate con la necessaria attenzione e determinazione per affrontare e risolvere compiutamente criticit\u00e0 storiche che continuano a gravare sul territorio e ad angustiare le popolazioni di appartenenza. Ed invero, la questione dei collegamenti nelle aree interne rappresenta una delle emergenze pi\u00f9 rilevanti della nostra provincia e dell&#8217;intera Calabria. Tratti viari obsoleti, percorsi lenti e insicuri, lavori senza fine: tutto ci\u00f2 incide pesantemente sulla quotidianit\u00e0 di cittadini, imprese, studenti e lavoratori, ostacolando la crescita economica, turistica e sociale delle nostre comunit\u00e0&#8221;.<\/p>\n<h3>SS 283 e SS 106: l&#8217;attenzione di Caruso<\/h3>\n<p>&#8220;La <strong>riapertura della SS 283 delle Terme Luigiane<\/strong> dimostra, per\u00f2, che, quando le istituzioni collaborano con determinazione, i risultati si ottengono. \u00c8 stata questa una battaglia di civilt\u00e0 che ho sostenuto sin dall&#8217;inizio, insieme ai sindaci, ai comitati e ai cittadini, e che siamo riusciti a vincere. Ma questo, per come \u00e8 evidente, \u00e8 una goccia nell&#8217;oceano che, quindi, non pu\u00f2 bastare. <strong>Occorre completare le opere, superare le criticit\u00e0<\/strong> ancora presenti e garantire condizioni di piena sicurezza a un collegamento strategico tra Ionio e Tirreno&#8221;.<\/p>\n<p>&#8220;Analoga <strong>attenzione merita la SS 106<\/strong>, in particolare nei tratti Corigliano Rossano-Sibari e Crotone-Catanzaro. La Statale 106 resta una delle arterie pi\u00f9 pericolose d&#8217;Italia, tristemente nota come &#8220;strada della morte&#8221;, mietendo vittime senza soluzione di continuit\u00e0. Una situazione non pi\u00f9 tollerabile ed alla quale riservare attenzioni prioritarie e non pi\u00f9 procrastinabili. La richiesta che proviene dal territorio \u00e8 chiara e non posso che farla mia con convinzione. La Provincia deve recuperare un ruolo incisivo di coordinamento e di forte interlocuzione istituzionale nei confronti della Regione e del Governo nazionale&#8221;.<\/p>\n<h3>&#8220;Costruire una strategia condivisa con i sindaci&#8221;<\/h3>\n<p>&#8220;Il mio impegno, da candidato alla Presidenza della Provincia di Cosenza \u2013 conclude Franz Caruso &#8211; sar\u00e0 quello di <strong>costruire una strategia condivisa con i sindaci<\/strong> e con le rappresentanze sociali ed economiche locali. Le infrastrutture non sono soltanto opere pubbliche: rappresentano il diritto alla mobilit\u00e0, l&#8217;accesso ai servizi sanitari, occasioni per i giovani, attrattivit\u00e0 per i borghi, benessere diffuso. Sono la condizione indispensabile per contrastare lo spopolamento e restituire prospettive concrete alle nostre realt\u00e0. Con questa consapevolezza, se avr\u00f2 l&#8217;onore e l&#8217;onere di guidare la Provincia, la priorit\u00e0 sar\u00e0 una decisa azione per garantire collegamenti efficienti e sicuri. Solo cos\u00ec potremo dare vita a un territorio pi\u00f9 integrato, pi\u00f9 protetto e realmente competitivo&#8221;.<\/p>\n","protected":false},"excerpt":{"rendered":"<p>Da parte di Caruso attenzione alle viabilit\u00e0: dalle gestione alla manutenzione, dall&#8217;ammodernamento alla messa in sicurezza della rete stradale provinciale con interventi strutturali, attivit\u00e0 di monitoraggio e aggiornamento del catasto stradale<\/p>\n","protected":false},"author":90,"featured_media":284182,"comment_status":"closed","ping_status":"closed","sticky":false,"template":"","format":"standard","meta":{"_acf_changed":false,"footnotes":"","jetpack_publicize_message":"","jetpack_publicize_feature_enabled":true,"jetpack_social_post_already_shared":false,"jetpack_social_options":{"image_generator_settings":{"template":"highway","default_image_id":0,"font":"","enabled":false},"version":2}},"categories":[28],"tags":[],"class_list":["post-285183","post","type-post","status-publish","format-standard","has-post-thumbnail","hentry","category-provincia"],"acf":[],"jetpack_publicize_connections":[],"_links":{"self":[{"href":"https:\/\/quicosenza.it\/news\/wp-json\/wp\/v2\/posts\/285183","targetHints":{"allow":["GET"]}}],"collection":[{"href":"https:\/\/quicosenza.it\/news\/wp-json\/wp\/v2\/posts"}],"about":[{"href":"https:\/\/quicosenza.it\/news\/wp-json\/wp\/v2\/types\/post"}],"author":[{"embeddable":true,"href":"https:\/\/quicosenza.it\/news\/wp-json\/wp\/v2\/users\/90"}],"replies":[{"embeddable":true,"href":"https:\/\/quicosenza.it\/news\/wp-json\/wp\/v2\/comments?post=285183"}],"version-history":[{"count":0,"href":"https:\/\/quicosenza.it\/news\/wp-json\/wp\/v2\/posts\/285183\/revisions"}],"wp:featuredmedia":[{"embeddable":true,"href":"https:\/\/quicosenza.it\/news\/wp-json\/wp\/v2\/media\/284182"}],"wp:attachment":[{"href":"https:\/\/quicosenza.it\/news\/wp-json\/wp\/v2\/media?parent=285183"}],"wp:term":[{"taxonomy":"category","embeddable":true,"href":"https:\/\/quicosenza.it\/news\/wp-json\/wp\/v2\/categories?post=285183"},{"taxonomy":"post_tag","embeddable":true,"href":"https:\/\/quicosenza.it\/news\/wp-json\/wp\/v2\/tags?post=285183"}],"curies":[{"name":"wp","href":"https:\/\/api.w.org\/{rel}","templated":true}]}}