{"id":285330,"date":"2026-02-27T20:37:47","date_gmt":"2026-02-27T19:37:47","guid":{"rendered":"https:\/\/quicosenza.it\/news\/?p=285330"},"modified":"2026-02-28T07:06:14","modified_gmt":"2026-02-28T06:06:14","slug":"ex-abramo-occupazione-progetto-lavoratori","status":"publish","type":"post","link":"https:\/\/quicosenza.it\/news\/ex-abramo-occupazione-progetto-lavoratori\/","title":{"rendered":"Lavoratori ex Abramo, nuovo incubo occupazione: il progetto che doveva salvare il lavoro ora rischia di crollare"},"content":{"rendered":"<p>COSENZA &#8211; &#8220;<strong>L&#8217;azienda <a href=\"https:\/\/www.ufficiocamerale.it\/1820\/konecta-r-srl?srsltid=AfmBOooZ-IuLLxzUoC2pbFdpLi_Z7TzL3XoUhWT97c_J1OseG6rYcKwN\" target=\"_blank\" rel=\"noopener\">Konecta R<\/a>,<\/strong> che gestisce la commessa relativa alla dematerializzazione delle cartelle sanitarie per la Regione Calabria, occupando 894 lavoratori fra le sedi di Crotone, Rende (Cosenza) e Settingiano (Catanzaro), provenienti dal perimetro<a href=\"https:\/\/quicosenza.it\/news\/lavoratori-calabresi-ex-abramo-impiegati-in-konecta-ma-sfruttati-la-denuncia-del-m5s\/\" target=\"_blank\" rel=\"noopener\"> ex Abramo Customer Care<\/a>, ha avviato le<strong> procedure per la richiesta di accesso alle misure di sostegno al reddito previste dalla normativa vigente<\/strong> relativa ai call center per i 656 lavoratori impegnati su questa commessa fino al 31 dicembre&#8221;. Lo rendono noto le segreterie di Slc <strong>Cgil Calabria, Fistel Cisl e Uilcom Uil.<\/strong><\/p>\n<h3>Lavoratori ex Abramo impegnati per Konecta verso gli ammortizzatori sociali<\/h3>\n<p>&#8220;La motivazione &#8211; proseguono i sindacati &#8211; risiederebbe nella conclusione dell&#8217;attivit\u00e0 lavorativa afferenti a tutti i servizi di dematerializzazione delle cartelle cliniche. Per noi sindacati va scongiurata ogni ipotesi di ricorso agli ammortizzatori sociali, il progetto industriale che aveva portato all&#8217;assorbimento dei l<strong>avoratori provenienti da Abramo Customer Care e che era stato presentato come soluzione strutturale e stabile per il territorio calabrese<\/strong> non pu\u00f2 fallire in poco meno di un anno e mezzo dal suo avvio, abbiamo creduto in questo progetto e ne difenderemo il futuro con ogni mezzo&#8221;.<\/p>\n<p>&#8220;Chiediamo <strong>pertanto al presidente Occhiuto &#8211; concludono le segreterie &#8211;<\/strong> di<strong> convocare un urgente incontro tra la Regione, l&#8217;Azienda<\/strong> e le organizzazioni sindacali firmatarie dell&#8217;accordo ministeriale del 19 dicembre 2024 per risolvere tutte le problematiche che hanno prodotto questo risultato e rilanciarlo affinch\u00e9 possa produrre occupazione stabile nel tempo e possa portare oltre che stabilit\u00e0 economica duratura anche e soprattutto la serenit\u00e0 che in 650 famiglie calabresi \u00e8 stata gi\u00e0 per troppo tempo messa a dura prova dalla lunghissima e faticosissima vicenda della Abramo Customer Care&#8221;.<\/p>\n","protected":false},"excerpt":{"rendered":"<p>La conclusione dei servizi di dematerializzazione delle cartelle cliniche per Konecta apre uno scenario di forte incertezza per 656 lavoratori impegnati tra Catanzaro, Cosenza e Crotone. L&#8217;appello di Cgil, Cisl e Uil a Occhiuto: &#8220;Convochi tavolo urgente con azienda&#8221;<\/p>\n","protected":false},"author":58,"featured_media":285331,"comment_status":"closed","ping_status":"closed","sticky":false,"template":"","format":"standard","meta":{"_acf_changed":false,"footnotes":"","jetpack_publicize_message":"","jetpack_publicize_feature_enabled":true,"jetpack_social_post_already_shared":false,"jetpack_social_options":{"image_generator_settings":{"template":"highway","default_image_id":0,"font":"","enabled":false},"version":2}},"categories":[563],"tags":[],"class_list":["post-285330","post","type-post","status-publish","format-standard","has-post-thumbnail","hentry","category-area-urbana"],"acf":[],"jetpack_publicize_connections":[],"_links":{"self":[{"href":"https:\/\/quicosenza.it\/news\/wp-json\/wp\/v2\/posts\/285330","targetHints":{"allow":["GET"]}}],"collection":[{"href":"https:\/\/quicosenza.it\/news\/wp-json\/wp\/v2\/posts"}],"about":[{"href":"https:\/\/quicosenza.it\/news\/wp-json\/wp\/v2\/types\/post"}],"author":[{"embeddable":true,"href":"https:\/\/quicosenza.it\/news\/wp-json\/wp\/v2\/users\/58"}],"replies":[{"embeddable":true,"href":"https:\/\/quicosenza.it\/news\/wp-json\/wp\/v2\/comments?post=285330"}],"version-history":[{"count":0,"href":"https:\/\/quicosenza.it\/news\/wp-json\/wp\/v2\/posts\/285330\/revisions"}],"wp:featuredmedia":[{"embeddable":true,"href":"https:\/\/quicosenza.it\/news\/wp-json\/wp\/v2\/media\/285331"}],"wp:attachment":[{"href":"https:\/\/quicosenza.it\/news\/wp-json\/wp\/v2\/media?parent=285330"}],"wp:term":[{"taxonomy":"category","embeddable":true,"href":"https:\/\/quicosenza.it\/news\/wp-json\/wp\/v2\/categories?post=285330"},{"taxonomy":"post_tag","embeddable":true,"href":"https:\/\/quicosenza.it\/news\/wp-json\/wp\/v2\/tags?post=285330"}],"curies":[{"name":"wp","href":"https:\/\/api.w.org\/{rel}","templated":true}]}}