{"id":285604,"date":"2026-03-03T11:30:27","date_gmt":"2026-03-03T10:30:27","guid":{"rendered":"https:\/\/quicosenza.it\/news\/?p=285604"},"modified":"2026-03-03T10:47:23","modified_gmt":"2026-03-03T09:47:23","slug":"banco-alimentare-calabria-sportello-famiglie","status":"publish","type":"post","link":"https:\/\/quicosenza.it\/news\/banco-alimentare-calabria-sportello-famiglie\/","title":{"rendered":"Banco Alimentare Calabria, non solo cibo: nasce lo sportello per le famiglie fragili"},"content":{"rendered":"<p>RENDE (CS) &#8211; Il Banco Alimentare della Calabria ODV fa un passo avanti e amplia il suo intervento: non solo aiuti alimentari, ma anche percorsi di accompagnamento verso i <strong>servizi sociali del territorio<\/strong>. Il seminario operativo, tenutosi ieri presso l\u2019Hotel President di Rende, ha visto la partecipazione delle organizzazioni partner locali ed \u00e8 stato dedicato alle novit\u00e0 introdotte dal Regolamento (UE) 1057\/2021, che disciplina il Fondo Sociale Europeo Plus (FSE+).<\/p>\n<h3>Banco Alimentare: le misure di accompagnamento sociale<\/h3>\n<p>La normativa europea prevede che <strong>chi riceve un pacco alimentare possa essere anche orientato verso servizi sociali, sanitari, sostegno psicologico, informazioni su bonus, diritti e gestione del bilancio familiare<\/strong>. Le Misure di Accompagnamento Sociale saranno attuate attraverso uno sportello dedicato, gestito da operatori qualificati con un protocollo specifico di accoglienza, per costruire percorsi personalizzati di inclusione.<\/p>\n<p><img loading=\"lazy\" decoding=\"async\" class=\"aligncenter wp-image-285611\" src=\"https:\/\/quicosenza.it\/news\/wp-content\/uploads\/2026\/03\/Banco-Alimentare-Gianni-Romeo-e-Rita-DAcri-seminario.jpg\" alt=\"Banco Alimentare Calabria\" width=\"550\" height=\"340\" title=\"\" srcset=\"https:\/\/quicosenza.it\/news\/wp-content\/uploads\/2026\/03\/Banco-Alimentare-Gianni-Romeo-e-Rita-DAcri-seminario.jpg 970w, https:\/\/quicosenza.it\/news\/wp-content\/uploads\/2026\/03\/Banco-Alimentare-Gianni-Romeo-e-Rita-DAcri-seminario-300x186.jpg 300w, https:\/\/quicosenza.it\/news\/wp-content\/uploads\/2026\/03\/Banco-Alimentare-Gianni-Romeo-e-Rita-DAcri-seminario-768x475.jpg 768w\" sizes=\"auto, (max-width: 550px) 100vw, 550px\" \/><\/p>\n<h3>Le parole dei vertici del Banco<\/h3>\n<p>\u00abIl nostro compito \u2013 ha spiegato <strong>Gianni Romeo<\/strong>, direttore del <a href=\"https:\/\/quicosenza.it\/news\/osservatorio-regionale-banco-alimentare-poverta\/\">Banco Alimentare<\/a> della Calabria \u2013 non \u00e8 soltanto distribuire alimenti, ma intercettare il bisogno nella sua complessit\u00e0. La nuova impostazione europea ci spinge a fare un salto di qualit\u00e0: accanto al sostegno materiale, dobbiamo costruire percorsi di inclusione, lavorando in rete con i servizi territoriali e rispettando sempre la volont\u00e0 e la dignit\u00e0 della persona\u00bb.<\/p>\n<p><img loading=\"lazy\" decoding=\"async\" class=\"aligncenter wp-image-285613\" src=\"https:\/\/quicosenza.it\/news\/wp-content\/uploads\/2026\/03\/Banco-Alimentare-Gianni-Romeo.jpg\" alt=\"Banco Alimentare Gianni Romeo\" width=\"580\" height=\"359\" title=\"\" srcset=\"https:\/\/quicosenza.it\/news\/wp-content\/uploads\/2026\/03\/Banco-Alimentare-Gianni-Romeo.jpg 970w, https:\/\/quicosenza.it\/news\/wp-content\/uploads\/2026\/03\/Banco-Alimentare-Gianni-Romeo-300x186.jpg 300w, https:\/\/quicosenza.it\/news\/wp-content\/uploads\/2026\/03\/Banco-Alimentare-Gianni-Romeo-768x475.jpg 768w\" sizes=\"auto, (max-width: 580px) 100vw, 580px\" \/><\/p>\n<p>Il presidente <strong>Francesco Gerardo Falcone<\/strong> ha aggiunto: \u00abLa povert\u00e0 non \u00e8 solo mancanza di cibo: \u00e8 isolamento, fragilit\u00e0, difficolt\u00e0 di accesso ai diritti. Con le Misure di Accompagnamento Sociale vogliamo contribuire a ricucire questi strappi, accompagnando le persone verso un\u2019autonomia possibile\u00bb.<\/p>\n<p>Nei prossimi mesi saranno comunicate modalit\u00e0 e tempi di attivazione dello sportello presso la sede del <a href=\"https:\/\/www.bancoalimentare.it\/sedi-locali\/calabria\" rel=\"noopener\">Banco Alimentare<\/a>, con l\u2019obiettivo di rendere l\u2019intervento sempre pi\u00f9 integrato, strutturato e vicino ai bisogni reali delle famiglie calabresi. L\u2019iniziativa segna un cambio di passo: il sostegno materiale diventa parte di un progetto pi\u00f9 ampio di inclusione sociale e cittadinanza attiva.<\/p>\n","protected":false},"excerpt":{"rendered":"<p>Un nuovo approccio al sostegno sociale per il Banco Alimentare: dalla distribuzione di alimenti all\u2019accompagnamento sociale. Un percorso integrato per sostenere chi \u00e8 in difficolt\u00e0<\/p>\n","protected":false},"author":42,"featured_media":285612,"comment_status":"closed","ping_status":"closed","sticky":false,"template":"","format":"video","meta":{"_acf_changed":false,"footnotes":"","jetpack_publicize_message":"","jetpack_publicize_feature_enabled":true,"jetpack_social_post_already_shared":false,"jetpack_social_options":{"image_generator_settings":{"template":"highway","default_image_id":0,"font":"","enabled":false},"version":2}},"categories":[563],"tags":[],"class_list":["post-285604","post","type-post","status-publish","format-video","has-post-thumbnail","hentry","category-area-urbana","post_format-post-format-video"],"acf":[],"jetpack_publicize_connections":[],"_links":{"self":[{"href":"https:\/\/quicosenza.it\/news\/wp-json\/wp\/v2\/posts\/285604","targetHints":{"allow":["GET"]}}],"collection":[{"href":"https:\/\/quicosenza.it\/news\/wp-json\/wp\/v2\/posts"}],"about":[{"href":"https:\/\/quicosenza.it\/news\/wp-json\/wp\/v2\/types\/post"}],"author":[{"embeddable":true,"href":"https:\/\/quicosenza.it\/news\/wp-json\/wp\/v2\/users\/42"}],"replies":[{"embeddable":true,"href":"https:\/\/quicosenza.it\/news\/wp-json\/wp\/v2\/comments?post=285604"}],"version-history":[{"count":0,"href":"https:\/\/quicosenza.it\/news\/wp-json\/wp\/v2\/posts\/285604\/revisions"}],"wp:featuredmedia":[{"embeddable":true,"href":"https:\/\/quicosenza.it\/news\/wp-json\/wp\/v2\/media\/285612"}],"wp:attachment":[{"href":"https:\/\/quicosenza.it\/news\/wp-json\/wp\/v2\/media?parent=285604"}],"wp:term":[{"taxonomy":"category","embeddable":true,"href":"https:\/\/quicosenza.it\/news\/wp-json\/wp\/v2\/categories?post=285604"},{"taxonomy":"post_tag","embeddable":true,"href":"https:\/\/quicosenza.it\/news\/wp-json\/wp\/v2\/tags?post=285604"}],"curies":[{"name":"wp","href":"https:\/\/api.w.org\/{rel}","templated":true}]}}