{"id":285793,"date":"2026-03-04T16:39:08","date_gmt":"2026-03-04T15:39:08","guid":{"rendered":"https:\/\/quicosenza.it\/news\/?p=285793"},"modified":"2026-03-04T17:44:01","modified_gmt":"2026-03-04T16:44:01","slug":"zumpano-riaperta-la-sp-234-riva-destra-crati","status":"publish","type":"post","link":"https:\/\/quicosenza.it\/news\/zumpano-riaperta-la-sp-234-riva-destra-crati\/","title":{"rendered":"Zumpano: riaperta in tempi record la SP 234 \u201cRiva Destra Crati\u201d. E respira anche la viabilit\u00e0 di Rende"},"content":{"rendered":"<p class=\"mvp-post-title left entry-title\">ZUMPANO (CS) &#8211;\u00a0\u00c8 stata <strong>riaperta alla circolazione la\u00a0SP 234\u00a0\u201cRiva Destra Crati\u201d<\/strong>, arteria f<strong>ondamentale per la mobilit\u00e0 locale<\/strong>, parzialmente crollata nelle scorse settimane a causa di un\u2019intensa ondata di maltempo. Era il 13 febbraio 2026 quando si verific\u00f2 uno smottamento lungo l\u2019argine in destra idraulica del fiume Crati, <strong>al km 2+100 della S.P. 234<\/strong>. Grazie ai lavori in tempi record \u00e8 s<strong>tata riaperto un tratto di strada<\/strong> cruciale non solo per Zumpano, ma per l\u2019intero comprensorio urbano, duramente colpito dai disagi legati alla chiusura della strada.<\/p>\n<h3>Zumpano: la SP 234 \u201cRiva Destra Crati\u201d riaperta in tempi record<\/h3>\n<p>Grazie ai tecnici della Provincia, dopo settimane di lavoro intenso, per ripristinare la sede stradale compromessa dal cedimento,<strong> l&#8217;arteria \u00e8 stata riaperta a soli 18 giorni dal crollo. <\/strong>Determinante si \u00e8 rivelato l\u2019intervento tecnico di <strong><a href=\"https:\/\/quicosenza.it\/news\/zumpano-maltempo-lavori-sp-234-destra-crati\/\" target=\"_blank\" rel=\"noopener\">deviazione controllata<\/a> del corso del fiume Crati.\u00a0<\/strong>Mezzi meccanici \u2013 ruspe e terne \u2013 hanno effettuato la deviazione, <strong>operazione tecnica indispensabile<\/strong> che ha poi permesso di eseguire i lavori sull\u2019argine compromesso. Un <strong>passaggio fondamentale per il consolidamento strutturale e la ricostruzione della sede stradale avvenuta in condizioni di sicurezza<\/strong>. Determinante \u00e8 stata la sinergia tra il <a href=\"https:\/\/www.facebook.com\/comunedizumpano\/?locale=it_IT\" target=\"_blank\" rel=\"noopener\">Comune di Zumpano<\/a>\u00a0e la <strong>Provincia di Cosenza<\/strong>, che hanno coordinato sopralluoghi, verifiche tecniche e la programmazione immediata degli interventi.<\/p>\n\n\t\t<style>\n\t\t\t#gallery-1 {\n\t\t\t\tmargin: auto;\n\t\t\t}\n\t\t\t#gallery-1 .gallery-item {\n\t\t\t\tfloat: left;\n\t\t\t\tmargin-top: 10px;\n\t\t\t\ttext-align: center;\n\t\t\t\twidth: 50%;\n\t\t\t}\n\t\t\t#gallery-1 img {\n\t\t\t\tborder: 2px solid #cfcfcf;\n\t\t\t}\n\t\t\t#gallery-1 .gallery-caption {\n\t\t\t\tmargin-left: 0;\n\t\t\t}\n\t\t\t\/* see gallery_shortcode() in wp-includes\/media.php *\/\n\t\t<\/style>\n\t\t<div id='gallery-1' class='gallery galleryid-285793 gallery-columns-2 gallery-size-medium'><dl class='gallery-item'>\n\t\t\t<dt class='gallery-icon landscape'>\n\t\t\t\t<a href=\"https:\/\/quicosenza.it\/news\/zumpano-riaperta-la-sp-234-riva-destra-crati\/zumpano-sp-riva-destra-crati_01\/\"><img loading=\"lazy\" decoding=\"async\" width=\"300\" height=\"191\" src=\"https:\/\/quicosenza.it\/news\/wp-content\/uploads\/2026\/03\/Zumpano-SP-riva-destra-Crati_01-300x191.jpg\" class=\"attachment-medium size-medium\" alt=\"Zumpano SP 234 riva destra Crati_01\" srcset=\"https:\/\/quicosenza.it\/news\/wp-content\/uploads\/2026\/03\/Zumpano-SP-riva-destra-Crati_01-300x191.jpg 300w, https:\/\/quicosenza.it\/news\/wp-content\/uploads\/2026\/03\/Zumpano-SP-riva-destra-Crati_01-768x489.jpg 768w, https:\/\/quicosenza.it\/news\/wp-content\/uploads\/2026\/03\/Zumpano-SP-riva-destra-Crati_01.jpg 970w\" sizes=\"auto, (max-width: 300px) 100vw, 300px\" title=\"\"><\/a>\n\t\t\t<\/dt><\/dl><dl class='gallery-item'>\n\t\t\t<dt class='gallery-icon landscape'>\n\t\t\t\t<a href=\"https:\/\/quicosenza.it\/news\/zumpano-riaperta-la-sp-234-riva-destra-crati\/zumpano-sp-riva-destra-crati_02\/\"><img loading=\"lazy\" decoding=\"async\" width=\"300\" height=\"188\" src=\"https:\/\/quicosenza.it\/news\/wp-content\/uploads\/2026\/03\/Zumpano-SP-riva-destra-Crati_02-300x188.jpg\" class=\"attachment-medium size-medium\" alt=\"\" srcset=\"https:\/\/quicosenza.it\/news\/wp-content\/uploads\/2026\/03\/Zumpano-SP-riva-destra-Crati_02-300x188.jpg 300w, https:\/\/quicosenza.it\/news\/wp-content\/uploads\/2026\/03\/Zumpano-SP-riva-destra-Crati_02-768x481.jpg 768w, https:\/\/quicosenza.it\/news\/wp-content\/uploads\/2026\/03\/Zumpano-SP-riva-destra-Crati_02.jpg 970w\" sizes=\"auto, (max-width: 300px) 100vw, 300px\" title=\"\"><\/a>\n\t\t\t<\/dt><\/dl><br style=\"clear: both\" \/>\n\t\t<\/div>\n\n<h3>I lavori\u00a0 tra il km 1+400 ed il km 2+400<\/h3>\n<p>I lavori sono consistiti nella r<strong>icostruzione della scarpata<\/strong> di valle della S.P. 234\/A al km 2+100, in destra idraulica nell\u2019alveo del fiume Crati. In particolare: \u00e8 stata realizzata una <strong>scogliera in massi ciclopici di cava<\/strong> a protezione dei blocchi in calcestruzzo semplice con cui \u00e8 stato ricostruito l\u2019argine fluviale, il rilevato del corpo stradale \u00e8 stato ricostruito con materiale inerte proveniente da cava, sono state installate <strong>barriere laterali tipo H2, <\/strong>\u00e8 stato effettuato il<strong> rifacimento del piano viabile<\/strong> con posa di conglomerati bituminosi tipo binder e tappeto di usura ed \u00e8 stata ripristinata la segnaletica orizzontale.<\/p>\n<p>Grazie alla tempestivit\u00e0 dell\u2019azione amministrativa e tecnica, la strada \u00e8 stata restituita alla comunit\u00e0 in tempi estremamente rapidi, riducendo al minimo i disagi per cittadini e pendolari.\u00a0La riapertura della SP 234\/A \u201cRiva Destra Crati\u201d consente ora il<strong> pieno ripristino della circolazione<\/strong>, ristabilendo un collegamento strategico per la viabilit\u00e0 provinciale e per l\u2019intera area urbana cosentina.<\/p>\n<p><img loading=\"lazy\" decoding=\"async\" class=\"wp-image-285815 aligncenter\" src=\"https:\/\/quicosenza.it\/news\/wp-content\/uploads\/2026\/03\/Sp-243-riva-destra-Crati.jpg\" alt=\"Sp 243 riva destra Crati\" width=\"676\" height=\"418\" title=\"\" srcset=\"https:\/\/quicosenza.it\/news\/wp-content\/uploads\/2026\/03\/Sp-243-riva-destra-Crati.jpg 970w, https:\/\/quicosenza.it\/news\/wp-content\/uploads\/2026\/03\/Sp-243-riva-destra-Crati-300x186.jpg 300w, https:\/\/quicosenza.it\/news\/wp-content\/uploads\/2026\/03\/Sp-243-riva-destra-Crati-768x475.jpg 768w\" sizes=\"auto, (max-width: 676px) 100vw, 676px\" \/><\/p>\n<h3>Anche il traffico di Rende sar\u00e0 alleggerito<\/h3>\n<p>La riapertura al traffico della SP 234 <strong>porter\u00e0 benefici anche al traffico di Rende,<\/strong> dove e<strong>ra stato dirottato quasi tutto il flusso veicolare<\/strong>.\u00a0Il ripristino della viabilit\u00e0 lungo la Riva Destra Crati consentir\u00e0 di <strong>alleggerire la pressione sulla rete stradale alternativa<\/strong>, riportando gradualmente la situazione alla normalit\u00e0.<\/p>\n<h3>Lamensa &#8221; intervenuti con rapidit\u00e0 ed efficacia&#8221;<\/h3>\n<p>Soddisfatto il presidente F.F. della provincia di Cosenza\u00a0<strong>Giancarlo Lamensa<\/strong>, che ha seguito da vicino l\u2019evolversi dell\u2019intervento sin dalle prime fasi dell\u2019emergenza.\u00a0&#8220;<em>La riapertura della SP 234\/A rappresenta u<strong>n risultato importante per l\u2019intero territorio<\/strong>. Siamo intervenuti con rapidit\u00e0 ed efficacia per risolvere una criticit\u00e0 che aveva compromesso la mobilit\u00e0 dell\u2019area urbana e creato notevoli disagi ai cittadini<\/em>. <em>Abbiamo dato un segnale concreto di efficienza dell\u2019Ente. In un momento di difficolt\u00e0<strong> la Provincia ha dimostrato capacit\u00e0 operativa, coordinamento tecnico e attenzione alla sicurezza,<\/strong> intervenendo con lavori strutturali e definitivi, non con soluzioni provvisorie<\/em>\u00bb.<\/p>\n<p>&nbsp;<\/p>\n<p>&nbsp;<\/p>\n","protected":false},"excerpt":{"rendered":"<p>A 18 giorni dal crollo riaperta alla circolazione la\u00a0Strada Provinciale 234\u00a0\u201cRiva Destra Crati\u201d, arteria fondamentale per la mobilit\u00e0 locale e dell&#8217;area urbana<\/p>\n","protected":false},"author":59,"featured_media":285794,"comment_status":"closed","ping_status":"closed","sticky":false,"template":"","format":"video","meta":{"_acf_changed":false,"footnotes":"","jetpack_publicize_message":"","jetpack_publicize_feature_enabled":true,"jetpack_social_post_already_shared":false,"jetpack_social_options":{"image_generator_settings":{"template":"highway","default_image_id":0,"font":"","enabled":false},"version":2}},"categories":[28],"tags":[],"class_list":["post-285793","post","type-post","status-publish","format-video","has-post-thumbnail","hentry","category-provincia","post_format-post-format-video"],"acf":[],"jetpack_publicize_connections":[],"_links":{"self":[{"href":"https:\/\/quicosenza.it\/news\/wp-json\/wp\/v2\/posts\/285793","targetHints":{"allow":["GET"]}}],"collection":[{"href":"https:\/\/quicosenza.it\/news\/wp-json\/wp\/v2\/posts"}],"about":[{"href":"https:\/\/quicosenza.it\/news\/wp-json\/wp\/v2\/types\/post"}],"author":[{"embeddable":true,"href":"https:\/\/quicosenza.it\/news\/wp-json\/wp\/v2\/users\/59"}],"replies":[{"embeddable":true,"href":"https:\/\/quicosenza.it\/news\/wp-json\/wp\/v2\/comments?post=285793"}],"version-history":[{"count":0,"href":"https:\/\/quicosenza.it\/news\/wp-json\/wp\/v2\/posts\/285793\/revisions"}],"wp:featuredmedia":[{"embeddable":true,"href":"https:\/\/quicosenza.it\/news\/wp-json\/wp\/v2\/media\/285794"}],"wp:attachment":[{"href":"https:\/\/quicosenza.it\/news\/wp-json\/wp\/v2\/media?parent=285793"}],"wp:term":[{"taxonomy":"category","embeddable":true,"href":"https:\/\/quicosenza.it\/news\/wp-json\/wp\/v2\/categories?post=285793"},{"taxonomy":"post_tag","embeddable":true,"href":"https:\/\/quicosenza.it\/news\/wp-json\/wp\/v2\/tags?post=285793"}],"curies":[{"name":"wp","href":"https:\/\/api.w.org\/{rel}","templated":true}]}}