{"id":286787,"date":"2026-03-16T00:08:34","date_gmt":"2026-03-15T23:08:34","guid":{"rendered":"https:\/\/quicosenza.it\/news\/?p=286787"},"modified":"2026-03-16T08:37:23","modified_gmt":"2026-03-16T07:37:23","slug":"bomba-acqua-cosenza-maltempo-fier","status":"publish","type":"post","link":"https:\/\/quicosenza.it\/news\/bomba-acqua-cosenza-maltempo-fier\/","title":{"rendered":"Bomba d\u2019acqua si abbatte su Cosenza: primi danni alla Fiera di San Giuseppe, cade un albero a Vaglio Lise"},"content":{"rendered":"<p data-start=\"196\" data-end=\"508\">COSENZA &#8211; <strong>Cosenza \u00e8 stata colpita nelle ultime ore da un improvviso <a href=\"https:\/\/quicosenza.it\/news\/maltempo-governo-15-milioni-province-cosenza\/\" target=\"_blank\" rel=\"noopener\">maltempo<\/a><\/strong>, con pioggia intensa e vento forte che hanno causato i primi danni in citt\u00e0. Una <strong>vera e propria bomba d\u2019acqua<\/strong> ha sorpreso residenti e visitatori della fiera di San Giuseppe, allestita lungo Viale Parco.<\/p>\n<p data-start=\"196\" data-end=\"508\"><img loading=\"lazy\" decoding=\"async\" class=\"aligncenter wp-image-286789\" src=\"https:\/\/quicosenza.it\/news\/wp-content\/uploads\/2026\/03\/WhatsApp-Image-2026-03-15-at-22.10.20-1024x666.jpeg\" alt=\"bomba d&#039;acqua cosenza fiera\" width=\"491\" height=\"319\" title=\"\" srcset=\"https:\/\/quicosenza.it\/news\/wp-content\/uploads\/2026\/03\/WhatsApp-Image-2026-03-15-at-22.10.20-1024x666.jpeg 1024w, https:\/\/quicosenza.it\/news\/wp-content\/uploads\/2026\/03\/WhatsApp-Image-2026-03-15-at-22.10.20-300x195.jpeg 300w, https:\/\/quicosenza.it\/news\/wp-content\/uploads\/2026\/03\/WhatsApp-Image-2026-03-15-at-22.10.20-768x500.jpeg 768w, https:\/\/quicosenza.it\/news\/wp-content\/uploads\/2026\/03\/WhatsApp-Image-2026-03-15-at-22.10.20.jpeg 1056w\" sizes=\"auto, (max-width: 491px) 100vw, 491px\" \/><\/p>\n<p data-start=\"510\" data-end=\"847\"><strong>Diversi ambulanti sono stati costretti a chiudere<\/strong> anticipatamente le loro attivit\u00e0, mentre <strong>numerose bancarelle sono state danneggiate o completamente distrutte dalle raffiche di vento e dall\u2019acqua.<\/strong> Testimoni raccontano di scene di caos tra ombrelli rovesciati e gazebo piegati, con operatori e cittadini impegnati a mettersi al riparo.<\/p>\n<p data-start=\"510\" data-end=\"847\"><img loading=\"lazy\" decoding=\"async\" class=\"aligncenter wp-image-286790\" src=\"https:\/\/quicosenza.it\/news\/wp-content\/uploads\/2026\/03\/WhatsApp-Image-2026-03-15-at-22.00.49-473x1024.jpeg\" alt=\"Bomba d&#039;acqua\" width=\"409\" height=\"885\" title=\"\" srcset=\"https:\/\/quicosenza.it\/news\/wp-content\/uploads\/2026\/03\/WhatsApp-Image-2026-03-15-at-22.00.49-473x1024.jpeg 473w, https:\/\/quicosenza.it\/news\/wp-content\/uploads\/2026\/03\/WhatsApp-Image-2026-03-15-at-22.00.49-138x300.jpeg 138w, https:\/\/quicosenza.it\/news\/wp-content\/uploads\/2026\/03\/WhatsApp-Image-2026-03-15-at-22.00.49-768x1664.jpeg 768w, https:\/\/quicosenza.it\/news\/wp-content\/uploads\/2026\/03\/WhatsApp-Image-2026-03-15-at-22.00.49-709x1536.jpeg 709w, https:\/\/quicosenza.it\/news\/wp-content\/uploads\/2026\/03\/WhatsApp-Image-2026-03-15-at-22.00.49.jpeg 945w\" sizes=\"auto, (max-width: 409px) 100vw, 409px\" \/><\/p>\n<h3 data-start=\"510\" data-end=\"847\">Maltempo a Cosenza, cade un albero a Vaglio Lise<\/h3>\n<p data-start=\"849\" data-end=\"1087\">Non solo la fiera ha subito danni: a Vaglio Lise, un albero \u00e8 caduto lungo una strada secondaria, colpendo una vettura parcheggiata, fortunatamente senza causare feriti, e richiedendo l\u2019intervento dei vigili del fuoco per la rimozione.<\/p>\n<p data-start=\"849\" data-end=\"1087\">Intanto \u00e8 prevista per tutta la giornata di<strong> domani un&#8217;<a href=\"https:\/\/www.protezionecivilecalabria.it\/\" target=\"_blank\" rel=\"noopener\">allerta arancione<\/a> su tutta la Calabria<\/strong>, diramata dalla Protezione Civile, con <strong>scuole chiuse anche a Rende e in diversi comuni della provincia di Cosenza <a href=\"https:\/\/quicosenza.it\/news\/allerta-arancione-cosenza-fiera-di-san-giuseppe\/\" target=\"_blank\" rel=\"noopener\">(ELENCO)<\/a><\/strong><\/p>\n<p><iframe loading=\"lazy\" style=\"border: none; overflow: hidden;\" src=\"https:\/\/www.facebook.com\/plugins\/video.php?height=476&amp;href=https%3A%2F%2Fwww.facebook.com%2Falessandro.marano.904%2Fvideos%2F1307653301238539%2F&amp;show_text=false&amp;width=267&amp;t=0\" width=\"267\" height=\"476\" frameborder=\"0\" scrolling=\"no\" allowfullscreen=\"allowfullscreen\"><\/iframe><\/p>\n<h3 data-start=\"849\" data-end=\"1087\">Il sindaco Caruso: &#8220;Colti di sorpresa, stiamo lavorando senza sosta&#8221;<\/h3>\n<div class=\"xdj266r x14z9mp xat24cr x1lziwak x1vvkbs x126k92a\">\n<div dir=\"auto\">&#8220;Sono vicino e con me tutta la citt\u00e0, agli espositori della Fiera di San Giuseppe che, a causa dell\u2019ondata di maltempo abbattutasi sul nostro territorio, come nel resto della Calabria, stanno vivendo ore di grande difficolt\u00e0&#8221;. Queste le prime parole del<strong> sindaco di Cosenza Franz Caruso<\/strong> dopo che il maltempo si \u00e8 abbattuto sulla citt\u00e0 con una prima conta dei danni,<\/div>\n<\/div>\n<div class=\"x14z9mp xat24cr x1lziwak x1vvkbs xtlvy1s x126k92a\">\n<div dir=\"auto\"><\/div>\n<div dir=\"auto\"><strong>Solo nel tardo pomeriggio di oggi ci \u00e8 stata comunicata l\u2019allerta arancione. <\/strong>Siamo stati colti di sorpresa e non immaginavamo una situazione meteorologica cos\u00ec dirompente ed avversa. Esprimo agli amici espositori i sentimenti della nostra solidariet\u00e0. Il Comune \u00e8 accanto a tutti loro, concretamente e umanamente. Stiamo facendo tutto ci\u00f2 che \u00e8 necessario per affrontare e superare insieme questa emergenza.<\/div>\n<\/div>\n<div class=\"x14z9mp xat24cr x1lziwak x1vvkbs xtlvy1s x126k92a\">\n<div dir=\"auto\"><\/div>\n<div dir=\"auto\"><strong>La nostra Polizia Municipale, insieme alla Protezione Civile comunale sono in prima linea e stanno lavorando<\/strong> senza sosta per garantire assistenza, sicurezza e supporto a chi ne ha bisogno. Gli amici espositori non saranno lasciati soli e noi continueremo a monitorare la situazione e ad intervenire dove necessario. Nelle prossime ore valuteremo il da farsi.<\/div>\n<\/div>\n","protected":false},"excerpt":{"rendered":"<p>Il violento nubifragio si abbatte su Cosenza mentre \u00e8 in corso la fiera: strutture divelte, operatori in difficolt\u00e0 e disagi alla viabilit\u00e0<\/p>\n","protected":false},"author":58,"featured_media":286788,"comment_status":"closed","ping_status":"closed","sticky":false,"template":"","format":"standard","meta":{"_acf_changed":false,"footnotes":"","jetpack_publicize_message":"","jetpack_publicize_feature_enabled":true,"jetpack_social_post_already_shared":false,"jetpack_social_options":{"image_generator_settings":{"template":"highway","default_image_id":0,"font":"","enabled":false},"version":2}},"categories":[563,42],"tags":[],"class_list":["post-286787","post","type-post","status-publish","format-standard","has-post-thumbnail","hentry","category-area-urbana","category-cosenza"],"acf":[],"jetpack_publicize_connections":[],"_links":{"self":[{"href":"https:\/\/quicosenza.it\/news\/wp-json\/wp\/v2\/posts\/286787","targetHints":{"allow":["GET"]}}],"collection":[{"href":"https:\/\/quicosenza.it\/news\/wp-json\/wp\/v2\/posts"}],"about":[{"href":"https:\/\/quicosenza.it\/news\/wp-json\/wp\/v2\/types\/post"}],"author":[{"embeddable":true,"href":"https:\/\/quicosenza.it\/news\/wp-json\/wp\/v2\/users\/58"}],"replies":[{"embeddable":true,"href":"https:\/\/quicosenza.it\/news\/wp-json\/wp\/v2\/comments?post=286787"}],"version-history":[{"count":0,"href":"https:\/\/quicosenza.it\/news\/wp-json\/wp\/v2\/posts\/286787\/revisions"}],"wp:featuredmedia":[{"embeddable":true,"href":"https:\/\/quicosenza.it\/news\/wp-json\/wp\/v2\/media\/286788"}],"wp:attachment":[{"href":"https:\/\/quicosenza.it\/news\/wp-json\/wp\/v2\/media?parent=286787"}],"wp:term":[{"taxonomy":"category","embeddable":true,"href":"https:\/\/quicosenza.it\/news\/wp-json\/wp\/v2\/categories?post=286787"},{"taxonomy":"post_tag","embeddable":true,"href":"https:\/\/quicosenza.it\/news\/wp-json\/wp\/v2\/tags?post=286787"}],"curies":[{"name":"wp","href":"https:\/\/api.w.org\/{rel}","templated":true}]}}