{"id":286809,"date":"2026-03-16T09:03:44","date_gmt":"2026-03-16T08:03:44","guid":{"rendered":"https:\/\/quicosenza.it\/news\/?p=286809"},"modified":"2026-03-16T10:01:10","modified_gmt":"2026-03-16T09:01:10","slug":"cosenza-nubifragio-ambulanti-prolungare-fiera","status":"publish","type":"post","link":"https:\/\/quicosenza.it\/news\/cosenza-nubifragio-ambulanti-prolungare-fiera\/","title":{"rendered":"Cosenza: nubifragio su viale Parco, ambulanti chiedono di prolungare la Fiera di San Giuseppe"},"content":{"rendered":"<p>COSENZA &#8211; Un violento nubifragio accompagnato da forti raffiche di vento si \u00e8 abbattuto <a href=\"https:\/\/quicosenza.it\/news\/bomba-acqua-cosenza-maltempo-fier\/\">nella serata di ieri su Cosenza<\/a>, proprio mentre in citt\u00e0 \u00e8 in corso la tradizionale Fiera di San Giuseppe. La perturbazione ha colpito con particolare intensit\u00e0 l\u2019area della fiera, causando danni significativi a diverse strutture.<\/p>\n<h3>Nubifragio colpisce la fiera, nessun ferito<\/h3>\n<p>Nonostante la violenza del maltempo, fortunatamente non si registrano feriti. Il personale addetto alla manifestazione, insieme agli agenti della Polizia municipale e agli uomini della Protezione civile, era stato infatti allertato dalla centrale operativa e aveva gi\u00e0 provveduto a mettere in sicurezza l\u2019area. Le <strong>forti raffiche di vento<\/strong> hanno comunque <strong>provocato notevoli danni. <\/strong>Diversi <strong>stand sono stati divelti mentre altri risultano seriamente danneggiati<\/strong>.<\/p>\n<p><img loading=\"lazy\" decoding=\"async\" class=\"aligncenter wp-image-286811\" src=\"https:\/\/quicosenza.it\/news\/wp-content\/uploads\/2026\/03\/Fiera-San-Giuseppe-Maltempo-Cosenza-02.jpg\" alt=\"Nubifragio Fiera San Giuseppe Maltempo Cosenza 02\" width=\"601\" height=\"372\" title=\"\" srcset=\"https:\/\/quicosenza.it\/news\/wp-content\/uploads\/2026\/03\/Fiera-San-Giuseppe-Maltempo-Cosenza-02.jpg 970w, https:\/\/quicosenza.it\/news\/wp-content\/uploads\/2026\/03\/Fiera-San-Giuseppe-Maltempo-Cosenza-02-300x186.jpg 300w, https:\/\/quicosenza.it\/news\/wp-content\/uploads\/2026\/03\/Fiera-San-Giuseppe-Maltempo-Cosenza-02-768x475.jpg 768w\" sizes=\"auto, (max-width: 601px) 100vw, 601px\" \/><\/p>\n<p>Le conseguenze del maltempo non hanno riguardato solo il capoluogo: <strong><a href=\"https:\/\/quicosenza.it\/news\/maltempo-60-interventi-vigili-fuoco-cosenza\/\">nel Cosentino<\/a> si segnalano anche alberi caduti e frane nella frazione di Donnici. <\/strong>Il sindaco di Cosenza, Franz Caruso, ha espresso vicinanza agli espositori colpiti dal maltempo e ha ringraziato il personale impegnato nella gestione dell\u2019emergenza. \u201c<strong>Stamattina procederemo a un sopralluogo per quantificare i danni<\/strong>\u201d, ha dichiarato il primo cittadino.<\/p>\n<p>Nel corso della notte alcuni <strong>venditori sono stati sistemati nelle palestre delle scuole<\/strong> e hanno ricevuto assistenza. Il Comune ha invitato cittadini e ambulanti a contattare il Comando della Polizia municipale in caso di necessit\u00e0. Contestualmente \u00e8 stato attivato anche il servizio di pronto intervento sociale per fornire supporto alle persone che dovessero avere bisogno di assistenza.<\/p>\n<p><img loading=\"lazy\" decoding=\"async\" class=\"aligncenter wp-image-286789\" src=\"https:\/\/quicosenza.it\/news\/wp-content\/uploads\/2026\/03\/WhatsApp-Image-2026-03-15-at-22.10.20.jpeg\" alt=\"nubifragio maltempo fiera cosenza\" width=\"627\" height=\"408\" title=\"\" srcset=\"https:\/\/quicosenza.it\/news\/wp-content\/uploads\/2026\/03\/WhatsApp-Image-2026-03-15-at-22.10.20.jpeg 1056w, https:\/\/quicosenza.it\/news\/wp-content\/uploads\/2026\/03\/WhatsApp-Image-2026-03-15-at-22.10.20-300x195.jpeg 300w, https:\/\/quicosenza.it\/news\/wp-content\/uploads\/2026\/03\/WhatsApp-Image-2026-03-15-at-22.10.20-1024x666.jpeg 1024w, https:\/\/quicosenza.it\/news\/wp-content\/uploads\/2026\/03\/WhatsApp-Image-2026-03-15-at-22.10.20-768x500.jpeg 768w\" sizes=\"auto, (max-width: 627px) 100vw, 627px\" \/><\/p>\n<h3>Gli ambulanti chiedono di prolungare la fiera<\/h3>\n<p>Il <strong><a href=\"https:\/\/www.facebook.com\/profile.php?id=100063797251683&amp;locale=it_IT#\" rel=\"noopener\">sindacato<\/a> degli ambulanti<\/strong>, attraverso una nota inviata al <strong>Comune<\/strong>, ha ringraziato l\u2019amministrazione per il lavoro svolto durante l\u2019emergenza. Allo stesso tempo ha chiesto di poter prolungare la Fiera di San Giuseppe fino al 22 marzo, per consentire agli espositori di recuperare almeno in parte le spese sostenute. Una <strong>richiesta<\/strong> che <strong>l\u2019amministrazione comunale valuter\u00e0 nelle prossime ore.<\/strong><\/p>\n<p>Anche il consigliere regionale <a href=\"https:\/\/www.facebook.com\/francescodeciccosindaco\" rel=\"noopener\"><strong>Francesco De Cicco<\/strong><\/a> \u00e8 intervenuto in merito al maltempo che ha colpito la Fiera di San Giuseppe e che ha provocato danni significativi agli stand e alle attrezzature di molti ambulanti. Venditori che &#8220;con sacrificio, partecipano ogni anno a questa importante tradizione della nostra citt\u00e0. Per questo motivo <strong>proponiamo all\u2019Amministrazione comunale di valutare una soluzione concreta<\/strong> che <strong>possa aiutare gli operatori a recuperare almeno in parte le perdite subite&#8221;.<\/strong><\/p>\n<p><img loading=\"lazy\" decoding=\"async\" class=\"aligncenter wp-image-286795\" src=\"https:\/\/quicosenza.it\/news\/wp-content\/uploads\/2026\/03\/Fiera-san-Giuseppe-Maltempo-02.jpg\" alt=\"Fiera san Giuseppe Maltempo 02 nubifragio \" width=\"548\" height=\"339\" title=\"\" srcset=\"https:\/\/quicosenza.it\/news\/wp-content\/uploads\/2026\/03\/Fiera-san-Giuseppe-Maltempo-02.jpg 970w, https:\/\/quicosenza.it\/news\/wp-content\/uploads\/2026\/03\/Fiera-san-Giuseppe-Maltempo-02-300x186.jpg 300w, https:\/\/quicosenza.it\/news\/wp-content\/uploads\/2026\/03\/Fiera-san-Giuseppe-Maltempo-02-768x475.jpg 768w\" sizes=\"auto, (max-width: 548px) 100vw, 548px\" \/><\/p>\n<p>&#8220;Una proposta potrebbe essere quella di prolungare la fiera oppure <strong>organizzare altri 3 giorni di fiera nel prossimo mese<\/strong>, dando cos\u00ec agli ambulanti la possibilit\u00e0 di lavorare e rientrare delle spese sostenute. <strong>La Fiera di San Giuseppe non \u00e8 solo commercio: \u00e8 tradizione, lavoro e identit\u00e0 per tante famiglie. <\/strong>Restiamo disponibili &#8211; conclude De Cicco &#8211; per confrontarci e trovare insieme la soluzione migliore&#8221;.<\/p>\n","protected":false},"excerpt":{"rendered":"<p>Il violento nubifragio che si \u00e8 abbattuto sulla citt\u00e0 ieri sera per fortuna non ha provocato feriti. Gli ambulanti chiedono di prolungare la fiera fino al 22 marzo.<\/p>\n","protected":false},"author":42,"featured_media":286810,"comment_status":"closed","ping_status":"closed","sticky":false,"template":"","format":"standard","meta":{"_acf_changed":false,"footnotes":"","jetpack_publicize_message":"","jetpack_publicize_feature_enabled":true,"jetpack_social_post_already_shared":false,"jetpack_social_options":{"image_generator_settings":{"template":"highway","default_image_id":0,"font":"","enabled":false},"version":2}},"categories":[563,42],"tags":[],"class_list":["post-286809","post","type-post","status-publish","format-standard","has-post-thumbnail","hentry","category-area-urbana","category-cosenza"],"acf":[],"jetpack_publicize_connections":[],"_links":{"self":[{"href":"https:\/\/quicosenza.it\/news\/wp-json\/wp\/v2\/posts\/286809","targetHints":{"allow":["GET"]}}],"collection":[{"href":"https:\/\/quicosenza.it\/news\/wp-json\/wp\/v2\/posts"}],"about":[{"href":"https:\/\/quicosenza.it\/news\/wp-json\/wp\/v2\/types\/post"}],"author":[{"embeddable":true,"href":"https:\/\/quicosenza.it\/news\/wp-json\/wp\/v2\/users\/42"}],"replies":[{"embeddable":true,"href":"https:\/\/quicosenza.it\/news\/wp-json\/wp\/v2\/comments?post=286809"}],"version-history":[{"count":0,"href":"https:\/\/quicosenza.it\/news\/wp-json\/wp\/v2\/posts\/286809\/revisions"}],"wp:featuredmedia":[{"embeddable":true,"href":"https:\/\/quicosenza.it\/news\/wp-json\/wp\/v2\/media\/286810"}],"wp:attachment":[{"href":"https:\/\/quicosenza.it\/news\/wp-json\/wp\/v2\/media?parent=286809"}],"wp:term":[{"taxonomy":"category","embeddable":true,"href":"https:\/\/quicosenza.it\/news\/wp-json\/wp\/v2\/categories?post=286809"},{"taxonomy":"post_tag","embeddable":true,"href":"https:\/\/quicosenza.it\/news\/wp-json\/wp\/v2\/tags?post=286809"}],"curies":[{"name":"wp","href":"https:\/\/api.w.org\/{rel}","templated":true}]}}