{"id":286838,"date":"2026-03-16T10:59:57","date_gmt":"2026-03-16T09:59:57","guid":{"rendered":"https:\/\/quicosenza.it\/news\/?p=286838"},"modified":"2026-03-16T11:06:48","modified_gmt":"2026-03-16T10:06:48","slug":"fiera-di-san-giuseppe-2026-sabato-commercianti","status":"publish","type":"post","link":"https:\/\/quicosenza.it\/news\/fiera-di-san-giuseppe-2026-sabato-commercianti\/","title":{"rendered":"Fiera di San Giuseppe 2026, Comune pronto a prolungarla fino a sabato. \u00abBasta polemiche dal divano\u00bb"},"content":{"rendered":"<p>COSENZA \u2013 \u00c8 stata una <strong>notte difficile per la storica Fiera di San Giuseppe di Cosenza,<\/strong> colpita dal violento maltempo che nelle ultime ore ha investito la Calabria (in vigore l&#8217;a<a href=\"https:\/\/pc2.protezionecivilecalabria.it\/api\/alerts\/last-mau\/attachment\" target=\"_blank\" rel=\"noopener\">llerta arancione<\/a>). Il passaggio del ciclone Jolinda, accompagnato da <strong>forti raffiche di vento e pioggia intensa<\/strong>, ha provocato danni a diversi stand <strong>lungo Viale Giacomo Mancini,<\/strong> cuore della manifestazione.\u00a0Alcune strutture sono <strong>state divelte mentre altre risultano seriamente danneggiate<\/strong>, con diversi ambulanti costretti a fare i conti con perdite economiche e merce compromessa.<\/p>\n<p>Questa mattina il Sindaco Franz Caruso, il presidente del Consiglio Comunale Mazzuca, e gli assessori Sconociuto e Branda, hanno incontrato i <strong>rappresentanti degli espositori della Fiera di San Giuseppe<\/strong>, che hanno voluto esprimere il loro sentito ringraziamento all\u2019Amministrazione Comunale per essersi prodigata nel soddisfare tutte le loro istanze alla vigilia dell\u2019evento fieristico. Il Sindaco, insieme all\u2019Assessore Branda e al sottoscritto, ha immediatamente recepito le richieste presentate, <strong>impegnandosi a soddisfare eventuali ulteriori istanze degli espositori che dovessero emergere nel corso della gestione di questa fase delicata<\/strong> .<\/p>\n<h3><strong>Stand distrutti e interventi per tutta la notte<\/strong><\/h3>\n<p>Per tutta la notte <strong>tecnici, volontari e forze dell\u2019ordine hanno lavorato per mettere in sicurezza l\u2019area e prestare assistenza agli espositori<\/strong>. Sul posto \u00e8 rimasto anche l\u2019assessore comunale Pasquale Sconosciuto, che ha effettuato sopralluoghi tra gli <a href=\"https:\/\/quicosenza.it\/news\/bomba-acqua-cosenza-maltempo-fier\/\" target=\"_blank\" rel=\"noopener\">stand colpiti dal maltempo<\/a>.\u00a0\u00abHo fatto colazione insieme ai commercianti questa mattina \u2013 ha spiegato \u2013 perch\u00e9<strong> da ieri sera stiamo dando loro massima vicinanza e solidariet\u00e0<\/strong>. Alcuni espositori hanno perso tutto, l\u2019ho visto con i miei occhi\u00bb.\u00a0L\u2019amministrazione comunale, guidata dal sindaco Franz Caruso, ha inoltre attivato un servizio di assistenza sanitaria H24 per garantire supporto durante l\u2019emergenza.<\/p>\n<p><img loading=\"lazy\" decoding=\"async\" class=\"wp-image-286789 aligncenter\" src=\"https:\/\/quicosenza.it\/news\/wp-content\/uploads\/2026\/03\/WhatsApp-Image-2026-03-15-at-22.10.20.jpeg\" alt=\"nubifragio maltempo fiera cosenza\" width=\"565\" height=\"368\" title=\"\" srcset=\"https:\/\/quicosenza.it\/news\/wp-content\/uploads\/2026\/03\/WhatsApp-Image-2026-03-15-at-22.10.20.jpeg 1056w, https:\/\/quicosenza.it\/news\/wp-content\/uploads\/2026\/03\/WhatsApp-Image-2026-03-15-at-22.10.20-300x195.jpeg 300w, https:\/\/quicosenza.it\/news\/wp-content\/uploads\/2026\/03\/WhatsApp-Image-2026-03-15-at-22.10.20-1024x666.jpeg 1024w, https:\/\/quicosenza.it\/news\/wp-content\/uploads\/2026\/03\/WhatsApp-Image-2026-03-15-at-22.10.20-768x500.jpeg 768w\" sizes=\"auto, (max-width: 565px) 100vw, 565px\" \/><\/p>\n<h3><strong>Ipotesi proroga della Fiera di San Giuseppe<\/strong><\/h3>\n<p>Per consentire agli ambulanti di recuperare almeno in parte le perdite causate dal maltempo, il Comune sta valutando una proroga straordinaria della manifestazione.\u00a0\u00ab<strong>Abbiamo proposto di prolungare la fiera fino a sabato notte<\/strong> \u2013 ha dichiarato Sconosciuto \u2013 perch\u00e9 domenica, a causa del referendum e delle votazioni previste, la legge non consente lo svolgimento della manifestazione\u00bb.\u00a0La decisione definitiva <strong>\u00e8 ora attesa dalla Prefettura, che dovr\u00e0 autorizzare l\u2019eventuale estensione dell\u2019evento<\/strong>.<\/p>\n<p>L\u2019assessore ha voluto ringraziare<strong> tutte le realt\u00e0 che hanno lavorato durante la notte per gestire l\u2019emergenza<\/strong>: i Vigili del Fuoco, la Polizia Municipale di Cosenza, la Protezione Civile e i numerosi volontari intervenuti per aiutare gli espositori.\u00a0\u00abCi sono donne, uomini e perfino ragazzi che stanno dando una mano concreta. A loro va il nostro ringraziamento\u00bb, ha sottolineato.<\/p>\n<p><img loading=\"lazy\" decoding=\"async\" class=\"wp-image-286841 aligncenter\" src=\"https:\/\/quicosenza.it\/news\/wp-content\/uploads\/2026\/03\/Fiera-di-San-Giuseppe-Danni2.jpg\" alt=\"Fiera di San Giuseppe Danni2\" width=\"592\" height=\"349\" title=\"\" srcset=\"https:\/\/quicosenza.it\/news\/wp-content\/uploads\/2026\/03\/Fiera-di-San-Giuseppe-Danni2.jpg 970w, https:\/\/quicosenza.it\/news\/wp-content\/uploads\/2026\/03\/Fiera-di-San-Giuseppe-Danni2-300x177.jpg 300w, https:\/\/quicosenza.it\/news\/wp-content\/uploads\/2026\/03\/Fiera-di-San-Giuseppe-Danni2-768x453.jpg 768w\" sizes=\"auto, (max-width: 592px) 100vw, 592px\" \/><\/p>\n<h3><strong>L\u2019appello dell\u2019assessore: \u00abBasta polemiche sui social\u00bb<\/strong><\/h3>\n<p>Nel suo intervento Sconosciuto ha poi <strong>lanciato una stoccata alle polemiche politiche nate sui social dopo i danni causati dal maltempo<\/strong>.\u00a0\u00ab\u00c8 facile scrivere dal divano di casa che questo va bene o non va bene. Io chiedo: perch\u00e9 non siete venuti qui da ieri sera a portare solidariet\u00e0 a questi commercianti?\u00bb, ha dichiarato.\u00a0L\u2019assessore ha quindi ribadito la vicinanza dell\u2019amministrazione agli ambulanti colpiti dal maltempo: \u00abMassima solidariet\u00e0 a chi ha subito danni. Stiamo lavorando per ripulire tutto e per trovare una soluzione che permetta loro di recuperare quanto perso\u00bb.<\/p>\n<p>Intanto, mentre p<strong>roseguono gli interventi di ripristino, la citt\u00e0 attende la decisione definitiva sulla possibile proroga<\/strong> della storica Fiera di San Giuseppe, uno degli appuntamenti pi\u00f9 attesi dell\u2019anno per il commercio e la tradizione cosentina.<\/p>\n","protected":false},"excerpt":{"rendered":"<p>La decisione definitiva \u00e8 attesa dalla Prefettura che dovr\u00e0 autorizzare l\u2019eventuale estensione dell\u2019evento fino a sabato. L\u2019assessore Pasquale Sconosciuto: \u00abVicini ai commercianti, basta polemiche dal divano\u00bb<\/p>\n","protected":false},"author":55,"featured_media":286839,"comment_status":"closed","ping_status":"closed","sticky":false,"template":"","format":"standard","meta":{"_acf_changed":false,"footnotes":"","jetpack_publicize_message":"","jetpack_publicize_feature_enabled":true,"jetpack_social_post_already_shared":false,"jetpack_social_options":{"image_generator_settings":{"template":"highway","default_image_id":0,"font":"","enabled":false},"version":2}},"categories":[563,42],"tags":[],"class_list":["post-286838","post","type-post","status-publish","format-standard","has-post-thumbnail","hentry","category-area-urbana","category-cosenza"],"acf":[],"jetpack_publicize_connections":[],"_links":{"self":[{"href":"https:\/\/quicosenza.it\/news\/wp-json\/wp\/v2\/posts\/286838","targetHints":{"allow":["GET"]}}],"collection":[{"href":"https:\/\/quicosenza.it\/news\/wp-json\/wp\/v2\/posts"}],"about":[{"href":"https:\/\/quicosenza.it\/news\/wp-json\/wp\/v2\/types\/post"}],"author":[{"embeddable":true,"href":"https:\/\/quicosenza.it\/news\/wp-json\/wp\/v2\/users\/55"}],"replies":[{"embeddable":true,"href":"https:\/\/quicosenza.it\/news\/wp-json\/wp\/v2\/comments?post=286838"}],"version-history":[{"count":0,"href":"https:\/\/quicosenza.it\/news\/wp-json\/wp\/v2\/posts\/286838\/revisions"}],"wp:featuredmedia":[{"embeddable":true,"href":"https:\/\/quicosenza.it\/news\/wp-json\/wp\/v2\/media\/286839"}],"wp:attachment":[{"href":"https:\/\/quicosenza.it\/news\/wp-json\/wp\/v2\/media?parent=286838"}],"wp:term":[{"taxonomy":"category","embeddable":true,"href":"https:\/\/quicosenza.it\/news\/wp-json\/wp\/v2\/categories?post=286838"},{"taxonomy":"post_tag","embeddable":true,"href":"https:\/\/quicosenza.it\/news\/wp-json\/wp\/v2\/tags?post=286838"}],"curies":[{"name":"wp","href":"https:\/\/api.w.org\/{rel}","templated":true}]}}