{"id":287000,"date":"2026-03-17T15:32:44","date_gmt":"2026-03-17T14:32:44","guid":{"rendered":"https:\/\/quicosenza.it\/news\/?p=287000"},"modified":"2026-03-17T16:02:36","modified_gmt":"2026-03-17T15:02:36","slug":"fiera-di-san-giuseppe-2026-sabato-21-marzo","status":"publish","type":"post","link":"https:\/\/quicosenza.it\/news\/fiera-di-san-giuseppe-2026-sabato-21-marzo\/","title":{"rendered":"Cosenza: la Fiera di San Giuseppe 2026 proseguir\u00e0 fino a sabato 21 marzo. Via libera dalla Prefettura"},"content":{"rendered":"<p>COSENZA \u2013 La <strong>Fiera di San Giuseppe<\/strong> 2026 proseguir\u00e0 fino a sabato 21 marzo. \u00c8 arrivato infatti il via libera ufficiale dalla <a href=\"https:\/\/prefettura.interno.gov.it\/it\/prefetture\/cosenza\" target=\"_blank\" rel=\"noopener\">Prefettura<\/a> alla richiesta di proroga avanzata dal Comune dopo i disagi causati dal <a href=\"https:\/\/quicosenza.it\/news\/bomba-acqua-cosenza-maltempo-fier\/\" target=\"_blank\" rel=\"noopener\">maltempo<\/a> dei giorni scorsi. La decisione \u00e8 stata presa dal Comitato Provinciale per l\u2019Ordine e la Sicurezza Pubblica, presieduto dal Prefetto Rosa Maria Padovano, che ha accolto l\u2019istanza del sindaco Franz Caruso, condividendo la necessit\u00e0 di sostenere espositori e operatori economici duramente colpiti dall\u2019ondata di maltempo.<\/p>\n<h3><strong>Fiera di San Giuseppe 2026: una risposta al maltempo<\/strong><\/h3>\n<p>La proroga della storica <strong>Fiera di San Giuseppe di Cosenza<\/strong> arriva dopo i danni provocati dal ciclone Jolinda, che nella serata di domenica ha messo in difficolt\u00e0 stand e attivit\u00e0.\u00a0Nonostante le criticit\u00e0, gli espositori hanno reagito con prontezza, ripristinando rapidamente le strutture e restituendo decoro e piena operativit\u00e0 all\u2019evento gi\u00e0 dalle prime ore successive.<\/p>\n<h3><strong>Il sindaco Franz Caruso: \u201cSegnale concreto per chi lavora\u201d<\/strong><\/h3>\n<p>\u201c<strong>La proroga delle giornate fieristiche rappresenta un segnale concreto di attenzione verso chi lavora con sacrificio e dignit\u00e0<\/strong>\u201d, ha dichiarato il sindaco Franz Caruso. Il primo cittadino ha sottolineato come la <strong><a href=\"https:\/\/quicosenza.it\/news\/cosenza-nubifragio-ambulanti-prolungare-fiera\/\" target=\"_blank\" rel=\"noopener\">richiesta<\/a> s<\/strong>ia arrivata direttamente<strong> dagli espositori e dall\u2019Associazione Nazionale Ambulanti UGL<\/strong>, evidenziando l\u2019importanza di sostenere il tessuto economico locale.\u00a0Caruso ha inoltre espresso ringraziamenti alle autorit\u00e0 coinvolte, tra cui il Questore Antonio Borrelli, il comandante provinciale dei Carabinieri Andrea Mommo e il comandante provinciale della Guardia di Finanza, generale Giuseppe Dell\u2019Anna, per il contributo decisivo alla proroga.<\/p>\n<p><img loading=\"lazy\" decoding=\"async\" class=\"wp-image-286875 aligncenter\" src=\"https:\/\/quicosenza.it\/news\/wp-content\/uploads\/2026\/03\/Fiera-di-San-Giuseppe-Cosenza.jpg\" alt=\"Fiera di San Giuseppe Cosenza\" width=\"790\" height=\"486\" title=\"\" srcset=\"https:\/\/quicosenza.it\/news\/wp-content\/uploads\/2026\/03\/Fiera-di-San-Giuseppe-Cosenza.jpg 970w, https:\/\/quicosenza.it\/news\/wp-content\/uploads\/2026\/03\/Fiera-di-San-Giuseppe-Cosenza-300x185.jpg 300w, https:\/\/quicosenza.it\/news\/wp-content\/uploads\/2026\/03\/Fiera-di-San-Giuseppe-Cosenza-768x473.jpg 768w\" sizes=\"auto, (max-width: 790px) 100vw, 790px\" \/><\/p>\n<p>La decisione nasce da una collaborazione tra istituzioni e operatori, con l\u2019obiettivo di garantire continuit\u00e0 a uno degli eventi pi\u00f9 importanti per la citt\u00e0.\u00a0Il sindaco ha evidenziato la resilienza degli espositori: \u201c<strong><em>Nessuna polemica, ma solo il desiderio concreto di lavorare e guardare avanti\u201d<\/em><\/strong>.\u00a0Fondamentale anche il supporto della macchina comunale, con il coinvolgimento dell\u2019assessore alle attivit\u00e0 produttive Sarino Branda, della Protezione Civile e della Polizia Municipale.<\/p>\n<p>La <strong>Fiera di San Giuseppe 2026<\/strong> continuer\u00e0 dunque fino a sabato 21 marzo, offrendo a cittadini e visitatori pi\u00f9 tempo per partecipare all\u2019evento e agli operatori la possibilit\u00e0 di recuperare le giornate perse. Una decisione che guarda al futuro, con l\u2019obiettivo di rilanciare l\u2019economia locale e garantire continuit\u00e0 a una tradizione storica per la citt\u00e0 di Cosenza.<\/p>\n<p>&nbsp;<\/p>\n","protected":false},"excerpt":{"rendered":"<p>La Fiera di San Giuseppe 2026 continuer\u00e0 fino a sabato 21 marzo, offrendo a cittadini e visitatori pi\u00f9 tempo per partecipare all\u2019evento e agli operatori di recuperare le giornate perse. Caruso: &#8220;segnale concreto di attenzione verso chi lavora con sacrificio e dignit\u00e0\u201d<\/p>\n","protected":false},"author":55,"featured_media":287001,"comment_status":"closed","ping_status":"closed","sticky":false,"template":"","format":"standard","meta":{"_acf_changed":false,"footnotes":"","jetpack_publicize_message":"","jetpack_publicize_feature_enabled":true,"jetpack_social_post_already_shared":false,"jetpack_social_options":{"image_generator_settings":{"template":"highway","default_image_id":0,"font":"","enabled":false},"version":2}},"categories":[563,42],"tags":[],"class_list":["post-287000","post","type-post","status-publish","format-standard","has-post-thumbnail","hentry","category-area-urbana","category-cosenza"],"acf":[],"jetpack_publicize_connections":[],"_links":{"self":[{"href":"https:\/\/quicosenza.it\/news\/wp-json\/wp\/v2\/posts\/287000","targetHints":{"allow":["GET"]}}],"collection":[{"href":"https:\/\/quicosenza.it\/news\/wp-json\/wp\/v2\/posts"}],"about":[{"href":"https:\/\/quicosenza.it\/news\/wp-json\/wp\/v2\/types\/post"}],"author":[{"embeddable":true,"href":"https:\/\/quicosenza.it\/news\/wp-json\/wp\/v2\/users\/55"}],"replies":[{"embeddable":true,"href":"https:\/\/quicosenza.it\/news\/wp-json\/wp\/v2\/comments?post=287000"}],"version-history":[{"count":0,"href":"https:\/\/quicosenza.it\/news\/wp-json\/wp\/v2\/posts\/287000\/revisions"}],"wp:featuredmedia":[{"embeddable":true,"href":"https:\/\/quicosenza.it\/news\/wp-json\/wp\/v2\/media\/287001"}],"wp:attachment":[{"href":"https:\/\/quicosenza.it\/news\/wp-json\/wp\/v2\/media?parent=287000"}],"wp:term":[{"taxonomy":"category","embeddable":true,"href":"https:\/\/quicosenza.it\/news\/wp-json\/wp\/v2\/categories?post=287000"},{"taxonomy":"post_tag","embeddable":true,"href":"https:\/\/quicosenza.it\/news\/wp-json\/wp\/v2\/tags?post=287000"}],"curies":[{"name":"wp","href":"https:\/\/api.w.org\/{rel}","templated":true}]}}