{"id":287012,"date":"2026-03-17T17:05:42","date_gmt":"2026-03-17T16:05:42","guid":{"rendered":"https:\/\/quicosenza.it\/news\/?p=287012"},"modified":"2026-03-17T17:06:12","modified_gmt":"2026-03-17T16:06:12","slug":"caruso-valditara-progetto-cosenza","status":"publish","type":"post","link":"https:\/\/quicosenza.it\/news\/caruso-valditara-progetto-cosenza\/","title":{"rendered":"Caruso incontra Valditara: \u00abIl progetto di Cosenza per scuole pi\u00f9 moderne apprezzato dal ministro\u00bb"},"content":{"rendered":"<p>COSENZA\u00a0 &#8211; Il<strong> sindaco di <a href=\"https:\/\/www.comune.cosenza.it\/it\/novita\/page\/project-financing-per-scuole-piu-moderne-e-sostenibili-il-progetto-di-cosenza-apprezzato-dal-ministro-valditara-nell-incontro-in-prefettura-con-il-sindaco-franz-caruso\" target=\"_blank\" rel=\"noopener\">Cosenza<\/a> Franz Caruso ha incontrato questa mattina il Ministro dell&#8217;Istruzione e del Merito Giuseppe Valditara <\/strong>nel corso di un importante <a href=\"https:\/\/quicosenza.it\/news\/scuola-vertice-cosenza-valditara-formativa\/\" target=\"_blank\" rel=\"noopener\">vertice tenutosi presso la Prefettura<\/a>, alla presenza del Prefetto Rosa Maria Padovano, dei rappresentanti delle Forze dell&#8217;Ordine e delle principali autorit\u00e0 civili e militari del territorio.<\/p>\n<p>Nel corso dell&#8217;incontro, il Primo Cittadino ha portato il saluto dell&#8217;intera citt\u00e0 di Cosenza al Ministro Valditara, esprimendo sentimenti di gratitudine per l&#8217;attenzione dimostrata verso le problematiche del sistema scolastico.<\/p>\n<h3>&#8220;Contrastare lo spopolamento per investire nella scuola&#8221;<\/h3>\n<p>&#8220;Come amministrazione comunale \u2013 ha affermato Franz Caruso \u2013 siamo orgogliosi dei risultati raggiunti nonostante le <strong>difficolt\u00e0 legate a una situazione finanziaria complessa ereditata<\/strong> al momento del mio insediamento. Il Comune di Cosenza, con circa 66 mila abitanti, ha operato, in questi 4 anni, con un organico fortemente ridotto, ma grazie anche al supporto del Ministero dell&#8217;Interno e della COSFEL siamo riusciti ad avviare importanti procedure amministrative&#8221;.<\/p>\n<p>Franz Caruso ha sottolineato che l&#8217;ente ha ottenuto le necessarie autorizzazioni per l&#8217;espletamento di concorsi pubblici e ha recentemente sottoscritto nuovi contratti d&#8217;assunzione, rafforzando cos\u00ec la capacit\u00e0 amministrativa e i servizi ai cittadini.<\/p>\n<p>Grande attenzione \u00e8 stata posta al<strong> tema dell&#8217;istruzione<\/strong>, ritenuto strategico per il futuro del territorio: &#8220;<strong>Contrastare lo spopolamento<\/strong> \u2013 ha evidenziato Franz Caruso \u2013 significa investire concretamente nella scuola e nella formazione&#8221;.<\/p>\n<p>Il primo cittadino ha inoltre evidenziato i <strong>risultati raggiunti nell&#8217;ambito del PNRR<\/strong>, sottolineando come i Comuni, in particolare in Calabria, abbiano dimostrato un&#8217;elevata capacit\u00e0 di realizzazione degli interventi. In questo contesto, la citt\u00e0 di Cosenza si distingue per importanti investimenti gi\u00e0 in fase avanzata.<\/p>\n<p>&#8220;Entro il 30 giugno rendiconteremo interventi significativi \u2013 ha aggiunto Franz Caruso- tra cui la<strong> realizzazione di tre nuovi asili nido<\/strong> per un investimento complessivo di circa 5 milioni di euro&#8221;. Si tratta di nuove opere che si aggiungono agli oltre 6 milioni di euro gi\u00e0 destinati all&#8217;edilizia scolastica attraverso i programmi di Agenda Urbana.<\/p>\n<h3>&#8220;Il project financing di Cosenza apprezzato da Valditara&#8221;<\/h3>\n<p>Nel corso dell&#8217;incontro il sindaco Franz Caruso ha, inoltre, richiamato il <strong>project financing del Comune di Cosenza per l&#8217;efficientamento energetico del patrimonio pubblico<\/strong>, che riguarda anche gli edifici scolastici, Iniziativa, quest&#8217;ultima, particolarmente apprezzata dal Ministro Valditara per la sua capacit\u00e0 di coniugare sostenibilit\u00e0, innovazione e miglioramento della qualit\u00e0 degli ambienti destinati alla didattica. Il Primo Cittadino ha, quindi, ribadito l&#8217;importanza di garantire strutture scolastiche moderne e adeguate alle esigenze della comunit\u00e0, in stretta sinergia con gli altri enti territoriali, considerando il ruolo di Cosenza quale capoluogo di provincia e polo di riferimento per l&#8217;istruzione secondaria.<\/p>\n<p>Infine, Franz Caruso ha rivolto un pensiero al corpo docente: &#8220;I nostri insegnanti rappresentano una risorsa di grande qualit\u00e0 e professionalit\u00e0. \u00c8 necessario riconoscere il loro valore anche attraverso adeguati interventi economici, poich\u00e9 sono loro a formare le classi dirigenti del futuro&#8221;.<\/p>\n","protected":false},"excerpt":{"rendered":"<p>Dal potenziamento degli asili nido all\u2019efficientamento energetico degli edifici scolastici, il sindaco Caruso e il Ministro Valditara tracciano il futuro dell\u2019istruzione a Cosenza<\/p>\n","protected":false},"author":58,"featured_media":287013,"comment_status":"closed","ping_status":"closed","sticky":false,"template":"","format":"standard","meta":{"_acf_changed":false,"footnotes":"","jetpack_publicize_message":"","jetpack_publicize_feature_enabled":true,"jetpack_social_post_already_shared":false,"jetpack_social_options":{"image_generator_settings":{"template":"highway","default_image_id":0,"font":"","enabled":false},"version":2}},"categories":[563,42],"tags":[],"class_list":["post-287012","post","type-post","status-publish","format-standard","has-post-thumbnail","hentry","category-area-urbana","category-cosenza"],"acf":[],"jetpack_publicize_connections":[],"_links":{"self":[{"href":"https:\/\/quicosenza.it\/news\/wp-json\/wp\/v2\/posts\/287012","targetHints":{"allow":["GET"]}}],"collection":[{"href":"https:\/\/quicosenza.it\/news\/wp-json\/wp\/v2\/posts"}],"about":[{"href":"https:\/\/quicosenza.it\/news\/wp-json\/wp\/v2\/types\/post"}],"author":[{"embeddable":true,"href":"https:\/\/quicosenza.it\/news\/wp-json\/wp\/v2\/users\/58"}],"replies":[{"embeddable":true,"href":"https:\/\/quicosenza.it\/news\/wp-json\/wp\/v2\/comments?post=287012"}],"version-history":[{"count":0,"href":"https:\/\/quicosenza.it\/news\/wp-json\/wp\/v2\/posts\/287012\/revisions"}],"wp:featuredmedia":[{"embeddable":true,"href":"https:\/\/quicosenza.it\/news\/wp-json\/wp\/v2\/media\/287013"}],"wp:attachment":[{"href":"https:\/\/quicosenza.it\/news\/wp-json\/wp\/v2\/media?parent=287012"}],"wp:term":[{"taxonomy":"category","embeddable":true,"href":"https:\/\/quicosenza.it\/news\/wp-json\/wp\/v2\/categories?post=287012"},{"taxonomy":"post_tag","embeddable":true,"href":"https:\/\/quicosenza.it\/news\/wp-json\/wp\/v2\/tags?post=287012"}],"curies":[{"name":"wp","href":"https:\/\/api.w.org\/{rel}","templated":true}]}}