{"id":287544,"date":"2026-03-28T08:30:35","date_gmt":"2026-03-28T07:30:35","guid":{"rendered":"https:\/\/quicosenza.it\/news\/?p=287544"},"modified":"2026-03-28T12:06:52","modified_gmt":"2026-03-28T11:06:52","slug":"cosenza-settimana-santa-calendario-celebrazioni","status":"publish","type":"post","link":"https:\/\/quicosenza.it\/news\/cosenza-settimana-santa-calendario-celebrazioni\/","title":{"rendered":"Cosenza: al via la Settimana Santa, il calendario delle celebrazioni e i riti guidati dall\u2019Arcivescovo"},"content":{"rendered":"<p>COSENZA &#8211; La Settimana Santa 2026 si apre domani, <strong>domenica 29 marzo<\/strong> con la Domenica delle Palme, che celebra la commemorazione dell\u2019ingresso del Signore a Gerusalemme e la benedizione delle palme e dei ramoscelli d\u2019ulivo.<\/p>\n<h3>Settimana Santa, il calendario<\/h3>\n<p>Il vescovo della <a href=\"https:\/\/www.diocesicosenza.it\/\" rel=\"noopener\">Diocesi<\/a>, monsignor Giovanni Checchinato presieder\u00e0 la celebrazione a <strong>Bisignano<\/strong> alle ore 11.00, con ritrovo fissato alle 10.15 presso la chiesa di San Giovanni. Per la <strong>Cattedrale di Cosenza<\/strong>, la <a href=\"https:\/\/quicosenza.it\/news\/la-domenica-delle-palme-a-cosenza-tra-riti-ulivi-e-devozione-popolare-in-attesa-della-pasqua\/\">benedizione delle Palme<\/a> avr\u00e0 inizio a <strong>San Giovanni Gerosolimitano alle ore 10.30<\/strong>, seguita dalla Santa Messa presieduta dal parroco rettore.<\/p>\n<p><img loading=\"lazy\" decoding=\"async\" class=\"aligncenter wp-image-287547\" src=\"https:\/\/quicosenza.it\/news\/wp-content\/uploads\/2026\/03\/settimana-santa-domenica-delle-palme.jpg\" alt=\"settimana santa domenica delle palme\" width=\"503\" height=\"311\" title=\"\" srcset=\"https:\/\/quicosenza.it\/news\/wp-content\/uploads\/2026\/03\/settimana-santa-domenica-delle-palme.jpg 970w, https:\/\/quicosenza.it\/news\/wp-content\/uploads\/2026\/03\/settimana-santa-domenica-delle-palme-300x186.jpg 300w, https:\/\/quicosenza.it\/news\/wp-content\/uploads\/2026\/03\/settimana-santa-domenica-delle-palme-768x475.jpg 768w\" sizes=\"auto, (max-width: 503px) 100vw, 503px\" \/><\/p>\n<p><strong>Mercoled\u00ec 1\u00b0 aprile<\/strong> \u00e8 in programma la <strong>Messa crismale<\/strong>, uno dei momenti centrali della Settimana Santa.\u00a0La celebrazione si terr\u00e0 alle ore 17.00 in Cattedrale e vedr\u00e0 la partecipazione dei sacerdoti, dei fedeli e di una rappresentanza delle realt\u00e0 ecclesiali del territorio.<\/p>\n<p>Il Triduo pasquale si apre <strong>gioved\u00ec 2 aprile<\/strong> con la <strong>Messa in Coena Domini<\/strong>, presieduta dall\u2019Arcivescovo alle ore <strong>18.00<\/strong>.\u00a0Durante la celebrazione verr\u00e0 ricordata l\u2019istituzione dell\u2019Eucarestia e si svolger\u00e0 il rito della <strong>Lavanda dei piedi<\/strong>. A seguire, alle ore <strong>21.30<\/strong>, \u00e8 prevista l\u2019adorazione eucaristica comunitaria presso <strong>l\u2019altare della Reposizione<\/strong>.<\/p>\n<p><strong>Venerd\u00ec 3 aprile<\/strong> alle ore 18.00 si terr\u00e0 l\u2019azione liturgica in <strong>Passione Domini<\/strong>, presieduta da monsignor Checchinato. In serata, alle 20.30, \u00e8 in programma <strong>la Via Crucis cittadina<\/strong>, con <strong>ritrovo davanti alla Chiesa del Sacro Cuore di Ges\u00f9 e Madonna di Loreto<\/strong> e conclusione in <strong>piazza San Nicola<\/strong>.<\/p>\n<p><img loading=\"lazy\" decoding=\"async\" class=\"aligncenter wp-image-287545\" src=\"https:\/\/quicosenza.it\/news\/wp-content\/uploads\/2026\/03\/Settimana-Santa-Cattedrale-di-Cosenza-Checchinato.jpg\" alt=\"Settimana Santa - Cattedrale di Cosenza - Checchinato\" width=\"540\" height=\"334\" title=\"\" srcset=\"https:\/\/quicosenza.it\/news\/wp-content\/uploads\/2026\/03\/Settimana-Santa-Cattedrale-di-Cosenza-Checchinato.jpg 970w, https:\/\/quicosenza.it\/news\/wp-content\/uploads\/2026\/03\/Settimana-Santa-Cattedrale-di-Cosenza-Checchinato-300x186.jpg 300w, https:\/\/quicosenza.it\/news\/wp-content\/uploads\/2026\/03\/Settimana-Santa-Cattedrale-di-Cosenza-Checchinato-768x475.jpg 768w\" sizes=\"auto, (max-width: 540px) 100vw, 540px\" \/><\/p>\n<p><strong>Sabato 4 aprile<\/strong> l\u2019Arcivescovo presieder\u00e0 la Veglia pasquale in Cattedrale alle ore 21.00.\u00a0Durante la celebrazione \u00e8 prevista anche l\u2019Iniziazione cristiana di alcuni adulti, momento significativo del percorso liturgico.<\/p>\n<p>La Settimana Santa si conclude con la <strong>Pasqua di Resurrezione del Signore, domenica 5 aprile<\/strong>. Alle ore 9:00 mons. Checchinato celebrer\u00e0 al carcere di Cosenza e poi alle 11 in Cattedrale presieder\u00e0 la <strong>Santa Messa<\/strong><strong>,<\/strong> momento culminante del calendario liturgico e simbolo della Resurrezione.<\/p>\n","protected":false},"excerpt":{"rendered":"<p>Dalla Domenica delle Palme alla Pasqua, il programma completo dei riti della Settimana Santa presieduti da monsignor Giovanni Checchinato tra Cosenza e Bisignano<\/p>\n","protected":false},"author":42,"featured_media":287546,"comment_status":"closed","ping_status":"closed","sticky":false,"template":"","format":"standard","meta":{"_acf_changed":false,"footnotes":"","jetpack_publicize_message":"","jetpack_publicize_feature_enabled":true,"jetpack_social_post_already_shared":false,"jetpack_social_options":{"image_generator_settings":{"template":"highway","default_image_id":0,"font":"","enabled":false},"version":2}},"categories":[563,42],"tags":[],"class_list":["post-287544","post","type-post","status-publish","format-standard","has-post-thumbnail","hentry","category-area-urbana","category-cosenza"],"acf":[],"jetpack_publicize_connections":[],"_links":{"self":[{"href":"https:\/\/quicosenza.it\/news\/wp-json\/wp\/v2\/posts\/287544","targetHints":{"allow":["GET"]}}],"collection":[{"href":"https:\/\/quicosenza.it\/news\/wp-json\/wp\/v2\/posts"}],"about":[{"href":"https:\/\/quicosenza.it\/news\/wp-json\/wp\/v2\/types\/post"}],"author":[{"embeddable":true,"href":"https:\/\/quicosenza.it\/news\/wp-json\/wp\/v2\/users\/42"}],"replies":[{"embeddable":true,"href":"https:\/\/quicosenza.it\/news\/wp-json\/wp\/v2\/comments?post=287544"}],"version-history":[{"count":0,"href":"https:\/\/quicosenza.it\/news\/wp-json\/wp\/v2\/posts\/287544\/revisions"}],"wp:featuredmedia":[{"embeddable":true,"href":"https:\/\/quicosenza.it\/news\/wp-json\/wp\/v2\/media\/287546"}],"wp:attachment":[{"href":"https:\/\/quicosenza.it\/news\/wp-json\/wp\/v2\/media?parent=287544"}],"wp:term":[{"taxonomy":"category","embeddable":true,"href":"https:\/\/quicosenza.it\/news\/wp-json\/wp\/v2\/categories?post=287544"},{"taxonomy":"post_tag","embeddable":true,"href":"https:\/\/quicosenza.it\/news\/wp-json\/wp\/v2\/tags?post=287544"}],"curies":[{"name":"wp","href":"https:\/\/api.w.org\/{rel}","templated":true}]}}