{"id":288179,"date":"2026-03-30T12:00:11","date_gmt":"2026-03-30T10:00:11","guid":{"rendered":"https:\/\/quicosenza.it\/news\/?p=288179"},"modified":"2026-03-30T11:25:21","modified_gmt":"2026-03-30T09:25:21","slug":"cosenza-citta-turistica-futuro-del-turismo","status":"publish","type":"post","link":"https:\/\/quicosenza.it\/news\/cosenza-citta-turistica-futuro-del-turismo\/","title":{"rendered":"\u201cCosenza citt\u00e0 turistica\u201d: operatori, istituzioni e cittadini per tracciare la rotta sul futuro del turismo"},"content":{"rendered":"<p>COSENZA &#8211; L&#8217;Hotel Royal di Cosenza ha ospitato venerd\u00ec scorso il convegno \u201c<strong><a href=\"https:\/\/quicosenza.it\/news\/cosenza-turismo-esperti-istituzioni-confronto\/\">Cosenza citt\u00e0 turistica<\/a>: quale rotta per il futuro<\/strong>?\u201d, promosso dal neo costituito <strong>Centro Studi<a href=\"https:\/\/www.facebook.com\/people\/La-Citt%C3%A0-Liberale\/61586504614492\/\" rel=\"noopener\"> La Citt\u00e0 Liberale<\/a><\/strong>. L\u2019iniziativa ha registrato una partecipazione significativa della cittadinanza e si \u00e8 confermata come un momento di dialogo aperto e qualificato sul futuro turistico della citt\u00e0. Il Centro Studi si propone di promuovere la cultura politica liberale e democratica, la formazione civica e lo studio delle politiche pubbliche, favorendo il dialogo tra cittadini, imprese e istituzioni per la crescita del territorio.<\/p>\n<h3>Cosenza citt\u00e0 turistica, gli interventi<\/h3>\n<p>Tra i relatori, spiccano contributi concreti e orientati all\u2019azione: <strong>Giovanni Giordano<\/strong>, presidente nazionale della filiera Turismo di Confapi, ha sottolineato la necessit\u00e0 di seguire i tempi rapidi del cambiamento nel turismo, settore strategico per superare crisi economiche. <strong>Francesco Petrelli<\/strong>, titolare dell\u2019agenzia di viaggi Pandosia, ha auspicato la creazione di un tavolo di concertazione permanente per dare voce alle agenzie di viaggio e raccogliere le esigenze del comparto. La dottoressa <strong>Maria Gabriella Greco<\/strong>, dirigente dell\u2019Istituto Superiore Valentini Majorana di Castrolibero, ha evidenziato l\u2019importanza della formazione integrata nel sistema turistico, richiamando l\u2019attenzione sulle nuove figure professionali necessarie.<\/p>\n<p>Molto apprezzato anche il saluto istituzionale del sindaco di Cosenza, <strong>Franz Caruso<\/strong>, che ha sottolineato il valore di momenti di confronto autentico: &#8220;una presenza che testimonia una qualit\u00e0 della politica capace di aprirsi al dialogo democratico, superando appartenenze&#8221;. L\u2019assessore al Turismo Rosario Branda ha evidenziato l\u2019impegno dell\u2019amministrazione a governare il turismo con responsabilit\u00e0 e visione, ponendo le basi per uno sviluppo strutturato e sostenibile.<\/p>\n<p><img loading=\"lazy\" decoding=\"async\" class=\"aligncenter wp-image-288181\" src=\"https:\/\/quicosenza.it\/news\/wp-content\/uploads\/2026\/03\/cosenza-citta-turistica-02.jpg\" alt=\"cosenza citt\u00e0 turistica 02\" width=\"692\" height=\"428\" title=\"\" srcset=\"https:\/\/quicosenza.it\/news\/wp-content\/uploads\/2026\/03\/cosenza-citta-turistica-02.jpg 970w, https:\/\/quicosenza.it\/news\/wp-content\/uploads\/2026\/03\/cosenza-citta-turistica-02-300x186.jpg 300w, https:\/\/quicosenza.it\/news\/wp-content\/uploads\/2026\/03\/cosenza-citta-turistica-02-768x475.jpg 768w\" sizes=\"auto, (max-width: 692px) 100vw, 692px\" \/><\/p>\n<p>Il dibattito successivo ha visto interventi dal pubblico, tra cui:<\/p>\n<p>&#8211; <strong>Salvatore Perugini<\/strong>, gi\u00e0 sindaco di Cosenza, che ha evidenziato l\u2019importanza di momenti come questo, nei quali il ragionamento e la riflessione tornano ad avere un ruolo centrale nel dibattito pubblico;<\/p>\n<p>&#8211; <strong>Francesco Corina<\/strong>, che ha richiamato la necessit\u00e0 di una visione consapevole, capace di misurarsi anche con i limiti ancora presenti;<\/p>\n<p>&#8211; <strong>Francesco Alimena<\/strong>, gi\u00e0 assessore con delega al centro storico, che ha posto l\u2019attenzione sugli interventi realizzati nell\u2019ambito del CIS Centro Storico;<\/p>\n<p>&#8211; <strong>Giacomo Mancini<\/strong>, che ha sottolineato l\u2019urgenza di passare dall\u2019analisi all\u2019operativit\u00e0 rispetto alle criticit\u00e0 emerse;<\/p>\n<p>&#8211; <strong>Eugenio Corcioni<\/strong>, gi\u00e0 presidente dell\u2019Ordine dei Medici, che ha portato un contributo concreto raccontando diverse esperienze di accoglienza congressuale e indicando le criticit\u00e0 da superare per rendere Cosenza competitiva anche in questo ambito.<\/p>\n<p>Di rilievo anche gli interventi di due operatori del settore &#8211; <strong>Massimo Giardina e William Gatto<\/strong> &#8211; che, sulla base delle loro lunghe esperienze professionali nel settore, hanno posto l\u2019accento sulla necessit\u00e0 di fare sistema per collegare le tante eccellenze puntuali.<\/p>\n<p>L\u2019incontro \u00e8 stato moderato da Giacomo Martirano, vicepresidente del Centro Studi, che ha collegato i vari interventi sottolineando l\u2019importanza di condividere una strategia in grado di mettere insieme i vari tasselli di un complesso mosaico.<\/p>\n<p><img loading=\"lazy\" decoding=\"async\" class=\"aligncenter wp-image-288182\" src=\"https:\/\/quicosenza.it\/news\/wp-content\/uploads\/2026\/03\/cosenza-citta-turistica-03.jpg\" alt=\"cosenza citt\u00e0 turistica 03\" width=\"595\" height=\"368\" title=\"\" srcset=\"https:\/\/quicosenza.it\/news\/wp-content\/uploads\/2026\/03\/cosenza-citta-turistica-03.jpg 970w, https:\/\/quicosenza.it\/news\/wp-content\/uploads\/2026\/03\/cosenza-citta-turistica-03-300x186.jpg 300w, https:\/\/quicosenza.it\/news\/wp-content\/uploads\/2026\/03\/cosenza-citta-turistica-03-768x475.jpg 768w\" sizes=\"auto, (max-width: 595px) 100vw, 595px\" \/><\/p>\n<p>Le conclusioni sono state affidate alla Presidente, <strong>Candida Tucci<\/strong>, che ha riportato il confronto su un piano politico e strategico, evidenziando come il turismo non sia un settore ma il risultato di una citt\u00e0 che ha un\u2019identit\u00e0 chiara e forte. Nel suo intervento ha sottolineato che la vera domanda non riguarda quanti visitatori attrarre, ma quale idea di citt\u00e0 si intende costruire: una questione profondamente politica che chiama in causa responsabilit\u00e0, <strong>qualit\u00e0 della vita pubblica e capacit\u00e0 di una comunit\u00e0 di darsi una direzione condivisa<\/strong>.<\/p>\n<p>Ha inoltre richiamato la necessit\u00e0 di recuperare il valore della riflessione e del confronto, superando la logica dell\u2019immediatezza e delle contrapposizioni, per tornare a un metodo fondato su responsabilit\u00e0, partecipazione e costruzione collettiva. Il convegno ha rappresentato un esempio concreto di dialogo capace di unire competenze, esperienze e sensibilit\u00e0 diverse, nella prospettiva di delineare una visione credibile e condivisa per il <strong>futuro turistico della citt\u00e0 di Cosenza<\/strong>.<\/p>\n<p>&nbsp;<\/p>\n","protected":false},"excerpt":{"rendered":"<p>Confronto per una strategia condivisa di sviluppo sostenibile del turismo. Se n&#8217;\u00e8 parlato al convegno convegno \u201cCosenza citt\u00e0 turistica: quale rotta per il futuro?\u201d<\/p>\n","protected":false},"author":42,"featured_media":288180,"comment_status":"closed","ping_status":"closed","sticky":false,"template":"","format":"standard","meta":{"_acf_changed":false,"footnotes":"","jetpack_publicize_message":"","jetpack_publicize_feature_enabled":true,"jetpack_social_post_already_shared":true,"jetpack_social_options":{"image_generator_settings":{"template":"highway","default_image_id":0,"font":"","enabled":false},"version":2}},"categories":[563,42],"tags":[],"class_list":["post-288179","post","type-post","status-publish","format-standard","has-post-thumbnail","hentry","category-area-urbana","category-cosenza"],"acf":[],"jetpack_publicize_connections":[],"_links":{"self":[{"href":"https:\/\/quicosenza.it\/news\/wp-json\/wp\/v2\/posts\/288179","targetHints":{"allow":["GET"]}}],"collection":[{"href":"https:\/\/quicosenza.it\/news\/wp-json\/wp\/v2\/posts"}],"about":[{"href":"https:\/\/quicosenza.it\/news\/wp-json\/wp\/v2\/types\/post"}],"author":[{"embeddable":true,"href":"https:\/\/quicosenza.it\/news\/wp-json\/wp\/v2\/users\/42"}],"replies":[{"embeddable":true,"href":"https:\/\/quicosenza.it\/news\/wp-json\/wp\/v2\/comments?post=288179"}],"version-history":[{"count":0,"href":"https:\/\/quicosenza.it\/news\/wp-json\/wp\/v2\/posts\/288179\/revisions"}],"wp:featuredmedia":[{"embeddable":true,"href":"https:\/\/quicosenza.it\/news\/wp-json\/wp\/v2\/media\/288180"}],"wp:attachment":[{"href":"https:\/\/quicosenza.it\/news\/wp-json\/wp\/v2\/media?parent=288179"}],"wp:term":[{"taxonomy":"category","embeddable":true,"href":"https:\/\/quicosenza.it\/news\/wp-json\/wp\/v2\/categories?post=288179"},{"taxonomy":"post_tag","embeddable":true,"href":"https:\/\/quicosenza.it\/news\/wp-json\/wp\/v2\/tags?post=288179"}],"curies":[{"name":"wp","href":"https:\/\/api.w.org\/{rel}","templated":true}]}}