{"id":288685,"date":"2026-04-03T13:05:00","date_gmt":"2026-04-03T11:05:00","guid":{"rendered":"https:\/\/quicosenza.it\/news\/?p=288685"},"modified":"2026-04-03T13:46:42","modified_gmt":"2026-04-03T11:46:42","slug":"rosa-vespa-porta-volevo-solo-bambino-perdono","status":"publish","type":"post","link":"https:\/\/quicosenza.it\/news\/rosa-vespa-porta-volevo-solo-bambino-perdono\/","title":{"rendered":"Rosa Vespa rompe il silenzio a &#8220;Porta a Porta&#8221;: \u00abvolevo solo un bambino da stringere\u00bb"},"content":{"rendered":"<p>COSENZA &#8211; Ad una settimana dalla <a href=\"https:\/\/quicosenza.it\/news\/cosenza-rapimento-neonata-condannata-rosa-vespa\/\">condanna a 5 anni e 4 mesi<\/a> per il rapimento della neonata Sofia dalla clinica Sacro Cuore di Cosenza, Rosa Vespa va in Tv, su Rai 1 a parlare pubblicamente. La donna \u00e8 stata ospite del programma <a href=\"https:\/\/www.raiplay.it\/video\/2026\/04\/Parla-Rosa-Vespa-che-rapi-la-neonata-a-Cosenza-Chiedo-perdono---Porta-a-porta-01042026-4b8edc24-b2e7-46f1-ba15-c01a65b88ef2.html\" rel=\"noopener\">Porta a Porta<\/a>, condotto da Bruno Vespa, dove ha raccontato la sua versione dei fatti e il dolore vissuto prima del gesto.<\/p>\n<h3>Rosa Vespa: \u00abvolevo solo un bambino\u00bb<\/h3>\n<p>Nel corso dell\u2019intervista, Rosa Vespa ha spiegato le motivazioni che l\u2019avrebbero portata a compiere il gesto: \u201cvolevo un bambino, cio\u00e8 un bambino da stringere, per sentire quel sentimento di una mamma, della maternit\u00e0. Io ho commesso un errore. Non voglio scappare dall&#8217;errore e neanche dal giudizio\u201d.<\/p>\n<p>Sollecitata a spiegare il percorso personale che ha preceduto il rapimento, Vespa ha descritto un periodo di forte disagio interiore: \u201cdifficile da spiegare perch\u00e9 \u00e8 stato un <strong>insieme di dolori e di sofferenze<\/strong> che comunque hanno portato a momenti di silenzio, dove magari potevo gridare il mio dolore e non l&#8217;ho gridato, dove potevo far capire e magari non ci sono riuscita\u201d.<\/p>\n<p><img loading=\"lazy\" decoding=\"async\" class=\"aligncenter wp-image-288687\" src=\"https:\/\/quicosenza.it\/news\/wp-content\/uploads\/2026\/04\/Rosa-Vespa-Porta-a-Porta-02.jpg\" alt=\"Rosa Vespa - Porta a Porta 02\" width=\"534\" height=\"335\" title=\"\" srcset=\"https:\/\/quicosenza.it\/news\/wp-content\/uploads\/2026\/04\/Rosa-Vespa-Porta-a-Porta-02.jpg 970w, https:\/\/quicosenza.it\/news\/wp-content\/uploads\/2026\/04\/Rosa-Vespa-Porta-a-Porta-02-300x188.jpg 300w, https:\/\/quicosenza.it\/news\/wp-content\/uploads\/2026\/04\/Rosa-Vespa-Porta-a-Porta-02-768x482.jpg 768w\" sizes=\"auto, (max-width: 534px) 100vw, 534px\" \/><\/p>\n<p>\u201c<strong>Sono immensamente mortificata<\/strong> perch\u00e9 il mio dolore \u00e8 anche il dolore che si prova per una mamma a cui comunque gli \u00e8 stata sottratta una bambina. Ma io non volevo arrecare questo dolore\u201d.<\/p>\n<h3>\u201cNon ho architettato nulla\u201d<\/h3>\n<p>Nel corso dell\u2019intervista, la donna ha anche negato la premeditazione: \u201cIo volevo solo un bambino, che poi era una femminuccia, un maschietto. Io questo non l&#8217;ho pensato. Non ho esternato a nessuno questo desiderio. Io non lo so spiegare cosa sia successo. Io non ho architettato, non ho niente\u201d.<\/p>\n<p><img loading=\"lazy\" decoding=\"async\" class=\"aligncenter wp-image-288689\" src=\"https:\/\/quicosenza.it\/news\/wp-content\/uploads\/2026\/04\/Rosa-Vespa-Porta-a-Porta-03.jpg\" alt=\"Rosa Vespa - Porta a Porta 03\" width=\"632\" height=\"390\" title=\"\" srcset=\"https:\/\/quicosenza.it\/news\/wp-content\/uploads\/2026\/04\/Rosa-Vespa-Porta-a-Porta-03.jpg 970w, https:\/\/quicosenza.it\/news\/wp-content\/uploads\/2026\/04\/Rosa-Vespa-Porta-a-Porta-03-300x185.jpg 300w, https:\/\/quicosenza.it\/news\/wp-content\/uploads\/2026\/04\/Rosa-Vespa-Porta-a-Porta-03-768x474.jpg 768w\" sizes=\"auto, (max-width: 632px) 100vw, 632px\" \/><\/p>\n<p>\u201cIo volevo solo stringere un bambino e abbracciarlo. Lo vivevo proprio come un sogno. Non avrei, mai, per nessun motivo fatto del male a nessuno\u201d. L&#8217;ho presa, l&#8217;ho abbracciata, l&#8217;ho cambiata, gli ho dato affetto\u201d.\u00a0 <strong>Come se fosse sua figlia? Le viene chiesto<\/strong>: \u201cS\u00ec, come se fosse mia figlia\u201d.<\/p>\n<p>Rosa Vespa, dopo oltre un anno di silenzio, ha voluto chiedere (in televisione) <strong>perdono alla mamma della piccola Sofia<\/strong>: &#8220;Io le chiedo scusa perch\u00e9 \u00e8 stata una cosa troppo forte.<strong> E lei \u00e8 una mamma<\/strong>. <strong>Io non lo sono.<\/strong> Per\u00f2 io non avrei mai fatto del male alla sua bambina. Come ho detto, volevo stringere solo un bambino accanto a me e vorrei che lei lo capisse. Chiedo solo di perdonarmi per quello che o fatto\u201d.<\/p>\n","protected":false},"excerpt":{"rendered":"<p>La donna, condannata a 5 anni e 4 mesi per il rapimento della piccola Sofia ospite a \u201cPorta a Porta\u201d:  \u00abho commesso un errore, non voglio scappare dal giudizio\u00bb<\/p>\n","protected":false},"author":42,"featured_media":288686,"comment_status":"closed","ping_status":"closed","sticky":false,"template":"","format":"standard","meta":{"_acf_changed":false,"footnotes":"","jetpack_publicize_message":"","jetpack_publicize_feature_enabled":true,"jetpack_social_post_already_shared":true,"jetpack_social_options":{"image_generator_settings":{"template":"highway","default_image_id":0,"font":"","enabled":false},"version":2}},"categories":[563,42],"tags":[],"class_list":["post-288685","post","type-post","status-publish","format-standard","has-post-thumbnail","hentry","category-area-urbana","category-cosenza"],"acf":[],"jetpack_publicize_connections":[],"_links":{"self":[{"href":"https:\/\/quicosenza.it\/news\/wp-json\/wp\/v2\/posts\/288685","targetHints":{"allow":["GET"]}}],"collection":[{"href":"https:\/\/quicosenza.it\/news\/wp-json\/wp\/v2\/posts"}],"about":[{"href":"https:\/\/quicosenza.it\/news\/wp-json\/wp\/v2\/types\/post"}],"author":[{"embeddable":true,"href":"https:\/\/quicosenza.it\/news\/wp-json\/wp\/v2\/users\/42"}],"replies":[{"embeddable":true,"href":"https:\/\/quicosenza.it\/news\/wp-json\/wp\/v2\/comments?post=288685"}],"version-history":[{"count":0,"href":"https:\/\/quicosenza.it\/news\/wp-json\/wp\/v2\/posts\/288685\/revisions"}],"wp:featuredmedia":[{"embeddable":true,"href":"https:\/\/quicosenza.it\/news\/wp-json\/wp\/v2\/media\/288686"}],"wp:attachment":[{"href":"https:\/\/quicosenza.it\/news\/wp-json\/wp\/v2\/media?parent=288685"}],"wp:term":[{"taxonomy":"category","embeddable":true,"href":"https:\/\/quicosenza.it\/news\/wp-json\/wp\/v2\/categories?post=288685"},{"taxonomy":"post_tag","embeddable":true,"href":"https:\/\/quicosenza.it\/news\/wp-json\/wp\/v2\/tags?post=288685"}],"curies":[{"name":"wp","href":"https:\/\/api.w.org\/{rel}","templated":true}]}}