{"id":288746,"date":"2026-04-03T20:13:36","date_gmt":"2026-04-03T18:13:36","guid":{"rendered":"https:\/\/quicosenza.it\/news\/?p=288746"},"modified":"2026-04-03T20:15:00","modified_gmt":"2026-04-03T18:15:00","slug":"rende-viabilita-nuova-bretella-bus-traffico","status":"publish","type":"post","link":"https:\/\/quicosenza.it\/news\/rende-viabilita-nuova-bretella-bus-traffico\/","title":{"rendered":"Rende, nuova bretella tra via Maiorana e Settimo e percorsi bus: &#8220;Addio al traffico pesante in citt\u00e0&#8221;"},"content":{"rendered":"<p>RENDE (CS)<strong> &#8211; Due novit\u00e0 importanti sulla <a href=\"https:\/\/quicosenza.it\/news\/rende-cittadino-sindaco-scelte-senza-senso\/\" target=\"_blank\" rel=\"noopener\">viabilit\u00e0 di Rende.<\/a> La prima riguarda la bretella di collegamento tra via Maiorana e Settimo, aperta dal 2 aprile.<\/strong><\/p>\n<p>Questa bretella consentir\u00e0 di <strong>alleggerire di molto il traffico sulle arterie cittadine,<\/strong> visto che vi saranno indirizzati i mezzi pesanti (autoarticolati, bus e mezzi di trasporto superiori alle tre tonnellate e mezzo) che entrano in citt\u00e0 attraverso la rotatoria di Cosenza Nord.<\/p>\n<p>I mezzi pesanti di trasporto merci arriveranno nella Zona Industriale, i bus, invece, seguiranno percorsi urbani poco invasivi ma di grande efficacia.<\/p>\n<p>Questi percorsi, messi a punto dall\u2019<strong>Amministrazione guidata dall\u2019On. Sandro Principe<\/strong>, sono stati discussi durante un incontro tra la Giunta e i dirigenti del Comune, da un lato, e <strong>tredici ditte del Trasporto pubblico locale<\/strong>, dall\u2019altro, e svoltosi la mattina del 2 aprile nella <strong>Sala Giunta del Municipio<\/strong>.<\/p>\n<h3>Viabilit\u00e0 a Rende, Cuzzocrea: &#8220;Piano che concilia due esigenze&#8221;<\/h3>\n<p>L\u2019iniziativa, ha spiegato l\u2019<strong>Assessore ai Trasporti del <a href=\"https:\/\/www.comune.rende.cs.it\/\" target=\"_blank\" rel=\"noopener\">Comune di Rende<\/a><\/strong>,<strong>\u00a0Andrea Cuzzocrea<\/strong>, serve a conciliare due esigenze: da un lato,<strong> decongestionare il traffico dalla pressione notevole degli autobus<\/strong>; dall\u2019altro,<strong> mantenere un livello soddisfacente dei trasporti pubblici<\/strong> per gli studenti, che frequentano le scuole cittadine e l\u2019Unical, e per i pendolari, che arrivano da tutta la provincia per motivi di lavoro o per fruire dei servizi economici, sociali e commerciali offerti dalla citt\u00e0.<\/p>\n<p><img loading=\"lazy\" decoding=\"async\" class=\"aligncenter wp-image-284811 \" src=\"https:\/\/quicosenza.it\/news\/wp-content\/uploads\/2026\/02\/Traffico-Rende-Via-Kennedy.jpg\" alt=\"Traffico Rende Via Kennedy roges\" width=\"564\" height=\"361\" title=\"\" srcset=\"https:\/\/quicosenza.it\/news\/wp-content\/uploads\/2026\/02\/Traffico-Rende-Via-Kennedy.jpg 970w, https:\/\/quicosenza.it\/news\/wp-content\/uploads\/2026\/02\/Traffico-Rende-Via-Kennedy-300x192.jpg 300w, https:\/\/quicosenza.it\/news\/wp-content\/uploads\/2026\/02\/Traffico-Rende-Via-Kennedy-768x492.jpg 768w\" sizes=\"auto, (max-width: 564px) 100vw, 564px\" \/><\/p>\n<h3>Nuovo sistema del trasporto pubblico: due i percorsi<\/h3>\n<p>Il nuovo sistema del Trasporto pubblico urbano-extraurbano fa leva su un capolinea unico per i bus che entrano in citt\u00e0 o ne escono nell\u2019isola antistante il Parco Giorcelli. Due i percorsi.<\/p>\n<p>Il primo, <strong>in entrata dalla Rotatoria di Cosenza Nord<\/strong>, prosegue per la nuova bretella. Una volta giunti a Settimo, <strong>i bus attraversano via Da Vinci<\/strong>, con fermata all\u2019Isola di Parco Giorcelli e proseguono verso <strong>via Rossini<\/strong>. Quindi girano dietro il Municipio e salgono lungo Villaggio Europa per arrivare all\u2019altezza del Metropolis, con fermata di fronte al Museo del Presente e, da l\u00ec, si dirigono verso Cosenza.<\/p>\n<p><img loading=\"lazy\" decoding=\"async\" class=\"aligncenter wp-image-288412 \" src=\"https:\/\/quicosenza.it\/news\/wp-content\/uploads\/2026\/04\/Fila-auto-verso-via-Kennedy-Rende-Traffico-02.jpg\" alt=\"Fila auto verso via Kennedy Rende - Traffico 02 cittadino pendolari\" width=\"558\" height=\"345\" title=\"\" srcset=\"https:\/\/quicosenza.it\/news\/wp-content\/uploads\/2026\/04\/Fila-auto-verso-via-Kennedy-Rende-Traffico-02.jpg 970w, https:\/\/quicosenza.it\/news\/wp-content\/uploads\/2026\/04\/Fila-auto-verso-via-Kennedy-Rende-Traffico-02-300x186.jpg 300w, https:\/\/quicosenza.it\/news\/wp-content\/uploads\/2026\/04\/Fila-auto-verso-via-Kennedy-Rende-Traffico-02-768x475.jpg 768w\" sizes=\"auto, (max-width: 558px) 100vw, 558px\" \/><\/p>\n<p>Il secondo percorso, invece, inizia da <strong>viale Cosmai<\/strong> in direzione di <strong>viale Principe<\/strong>, dove insiste la maggior parte della tratta. I bus, arrivati all\u2019altezza del Municipio, imboccano via Volta, fermano nei pressi della Stazione Ferroviaria, quindi svoltano per via Da Vinci, sostano all\u2019isola del Parco Giorcelli e, da l\u00ec, risalgono via Marconi in direzione della Rotatoria di Cosenza Nord, per uscire dalla citt\u00e0.<\/p>\n<p>Questi nuovi percorsi sono gi\u00e0 operativi e prevedono una serie di fermate nelle vicinanze delle scuole e delle aree ad alta densit\u00e0 commerciale. Efficienza e tutela della vivibilit\u00e0 urbana non sono istanze inconciliabili, come dimostra questa rivisitazione dei trasporti e della viabilit\u00e0 urbana, di cui a breve si potranno apprezzare i benefici.<\/p>\n","protected":false},"excerpt":{"rendered":"<p>Due novit\u00e0 importanti sulla viabilit\u00e0 di Rende. L\u2019iniziativa, ha spiegato l\u2019Assessore ai Trasporti del Comune di Rende,\u00a0Andrea Cuzzocrea, serve a &#8220;decongestionare il traffico&#8221; e &#8220;mantenere un livello soddisfacente dei trasporti pubblici&#8221;<\/p>\n","protected":false},"author":58,"featured_media":288413,"comment_status":"closed","ping_status":"closed","sticky":false,"template":"","format":"standard","meta":{"_acf_changed":false,"footnotes":"","jetpack_publicize_message":"","jetpack_publicize_feature_enabled":true,"jetpack_social_post_already_shared":true,"jetpack_social_options":{"image_generator_settings":{"template":"highway","default_image_id":0,"font":"","enabled":false},"version":2}},"categories":[563],"tags":[],"class_list":["post-288746","post","type-post","status-publish","format-standard","has-post-thumbnail","hentry","category-area-urbana"],"acf":[],"jetpack_publicize_connections":[],"_links":{"self":[{"href":"https:\/\/quicosenza.it\/news\/wp-json\/wp\/v2\/posts\/288746","targetHints":{"allow":["GET"]}}],"collection":[{"href":"https:\/\/quicosenza.it\/news\/wp-json\/wp\/v2\/posts"}],"about":[{"href":"https:\/\/quicosenza.it\/news\/wp-json\/wp\/v2\/types\/post"}],"author":[{"embeddable":true,"href":"https:\/\/quicosenza.it\/news\/wp-json\/wp\/v2\/users\/58"}],"replies":[{"embeddable":true,"href":"https:\/\/quicosenza.it\/news\/wp-json\/wp\/v2\/comments?post=288746"}],"version-history":[{"count":0,"href":"https:\/\/quicosenza.it\/news\/wp-json\/wp\/v2\/posts\/288746\/revisions"}],"wp:featuredmedia":[{"embeddable":true,"href":"https:\/\/quicosenza.it\/news\/wp-json\/wp\/v2\/media\/288413"}],"wp:attachment":[{"href":"https:\/\/quicosenza.it\/news\/wp-json\/wp\/v2\/media?parent=288746"}],"wp:term":[{"taxonomy":"category","embeddable":true,"href":"https:\/\/quicosenza.it\/news\/wp-json\/wp\/v2\/categories?post=288746"},{"taxonomy":"post_tag","embeddable":true,"href":"https:\/\/quicosenza.it\/news\/wp-json\/wp\/v2\/tags?post=288746"}],"curies":[{"name":"wp","href":"https:\/\/api.w.org\/{rel}","templated":true}]}}