{"id":288750,"date":"2026-04-04T07:29:01","date_gmt":"2026-04-04T05:29:01","guid":{"rendered":"https:\/\/quicosenza.it\/news\/?p=288750"},"modified":"2026-04-04T10:05:37","modified_gmt":"2026-04-04T08:05:37","slug":"cosenza-muore-in-ospedale-dopo-il-ricovero","status":"publish","type":"post","link":"https:\/\/quicosenza.it\/news\/cosenza-muore-in-ospedale-dopo-il-ricovero\/","title":{"rendered":"Cosenza, muore in ospedale dopo il ricovero: aperta un\u2019inchiesta. Eseguita l&#8217;autopsia, 2 indagati"},"content":{"rendered":"<p><strong>COSENZA<\/strong> \u2013 Muore in ospedale dopo il ricovero, la famiglia presenta denuncia e la Procura apre un\u2019inchiesta sulla morte di una donna di 79 anni, <strong>C.M., originaria di Tarsia,<\/strong> deceduta la sera del <strong>26 marzo<\/strong> poche ore dopo il ricovero nel <strong>reparto di Pneumologia<\/strong> dell\u2019ospedale \u201cAnnunziata\u201d di Cosenza. La donna, <strong>affetta da broncopatia,<\/strong> era stata trasportata in ospedale nel pomeriggio a causa di una sintomatologia influenzale. Ricoverata nel reparto di Pneumologia, il suo quadro clinico \u00e8 rapidamente precipitato fino al decesso avvenuto nella tarda serata. A seguito della morte, <strong>i familiari hanno presentato una denuncia<\/strong>, sollevando dubbi sulla gestione sanitaria e ipotizzando eventuali responsabilit\u00e0 mediche.<\/p>\n<h3>Muore in ospedale: due infermieri indagati come atto dovuto<\/h3>\n<p>Nell\u2019ambito dell\u2019indagine, <strong>due infermieri sono stati iscritti nel registro degli indagati<\/strong>. Si tratta di un atto dovuto, necessario per consentire lo svolgimento di accertamenti tecnici irripetibili, tra cui l\u2019autopsia. Il pubblico ministero titolare del fascicolo, Domenico Frascino, ha disposto l\u2019estumulazione della salma e l\u2019esame autoptico, affidato a due medici legali. <strong>L\u2019accertamento necroscopico \u00e8 stato eseguito gioved\u00ec<\/strong> dai medici legali nominati dalla Procura, <strong>Silvio Berardo Cavalcanti e Vannio Vercillo<\/strong>, e il corpo \u00e8 stato successivamente restituito alla famiglia. La relazione dei consulenti sar\u00e0 determinante per chiarire le cause del decesso.<\/p>\n<p>Gli esperti <strong>avranno 90 giorni di tempo per depositare i risultati<\/strong> che dovranno accertare l\u2019eventuale nesso di causalit\u00e0 tra la morte e condotte mediche con possibili profili di imperizia o negligenza. Nel frattempo, gli inquirenti hanno acquisito <strong>la cartella clinica e campioni biologici della paziente<\/strong>, elementi fondamentali per ricostruire il quadro sanitario.<\/p>\n<p><img loading=\"lazy\" decoding=\"async\" class=\"wp-image-183569 aligncenter\" src=\"https:\/\/quicosenza.it\/news\/wp-content\/uploads\/2023\/01\/Tribunale-Cosenza.jpg\" alt=\"Tribunale-Cosenza\" width=\"649\" height=\"407\" title=\"\" srcset=\"https:\/\/quicosenza.it\/news\/wp-content\/uploads\/2023\/01\/Tribunale-Cosenza.jpg 970w, https:\/\/quicosenza.it\/news\/wp-content\/uploads\/2023\/01\/Tribunale-Cosenza-300x188.jpg 300w, https:\/\/quicosenza.it\/news\/wp-content\/uploads\/2023\/01\/Tribunale-Cosenza-768x481.jpg 768w, https:\/\/quicosenza.it\/news\/wp-content\/uploads\/2023\/01\/Tribunale-Cosenza-150x94.jpg 150w, https:\/\/quicosenza.it\/news\/wp-content\/uploads\/2023\/01\/Tribunale-Cosenza-696x436.jpg 696w, https:\/\/quicosenza.it\/news\/wp-content\/uploads\/2023\/01\/Tribunale-Cosenza-670x420.jpg 670w\" sizes=\"auto, (max-width: 649px) 100vw, 649px\" \/><\/p>\n<h3>Saranno ascoltati medici e infermieri<\/h3>\n<p>Nei prossimi giorni <strong>saranno sentiti i sanitari e gli infermieri del reparto <\/strong>per ricostruire tutte le fasi precedenti al decesso. L\u2019obiettivo \u00e8 verificare se la paziente abbia ricevuto cure adeguate e un livello di assistenza coerente con la gravit\u00e0 delle sue condizioni. Secondo i familiari, <strong>il tragico epilogo si sarebbe potuto evitare con una vigilanza pi\u00f9 attenta e tempestiva<\/strong>. Alle operazioni peritali hanno partecipato anche<strong> i consulenti di parte nominati sia dalla famiglia della vittima sia dai due indagati<\/strong>. L\u2019indagine punta a fare piena luce su quanto accaduto,\u00a0 chiarendo se vi siano state<strong> omissioni o errori<\/strong> nella gestione clinica della paziente e se si tratti di un ennesimo <a href=\"https:\/\/quicosenza.it\/news\/malasanita-esposto-morte-marco-grispino\/\" target=\"_blank\" rel=\"noopener\">caso<\/a> di presunta malasanit\u00e0.<\/p>\n","protected":false},"excerpt":{"rendered":"<p>Accertamenti irripetibili e consulenze tecniche per chiarire le cause del decesso di una 79enne originaria di Tarsia la sera del 26 marzo poche ore dopo il ricovero nel reparto di Pneumologia<\/p>\n","protected":false},"author":55,"featured_media":266943,"comment_status":"closed","ping_status":"closed","sticky":false,"template":"","format":"standard","meta":{"_acf_changed":false,"footnotes":"","jetpack_publicize_message":"","jetpack_publicize_feature_enabled":true,"jetpack_social_post_already_shared":true,"jetpack_social_options":{"image_generator_settings":{"template":"highway","default_image_id":0,"font":"","enabled":false},"version":2}},"categories":[563,42,803],"tags":[],"class_list":["post-288750","post","type-post","status-publish","format-standard","has-post-thumbnail","hentry","category-area-urbana","category-cosenza","category-cronaca"],"acf":[],"jetpack_publicize_connections":[],"_links":{"self":[{"href":"https:\/\/quicosenza.it\/news\/wp-json\/wp\/v2\/posts\/288750","targetHints":{"allow":["GET"]}}],"collection":[{"href":"https:\/\/quicosenza.it\/news\/wp-json\/wp\/v2\/posts"}],"about":[{"href":"https:\/\/quicosenza.it\/news\/wp-json\/wp\/v2\/types\/post"}],"author":[{"embeddable":true,"href":"https:\/\/quicosenza.it\/news\/wp-json\/wp\/v2\/users\/55"}],"replies":[{"embeddable":true,"href":"https:\/\/quicosenza.it\/news\/wp-json\/wp\/v2\/comments?post=288750"}],"version-history":[{"count":0,"href":"https:\/\/quicosenza.it\/news\/wp-json\/wp\/v2\/posts\/288750\/revisions"}],"wp:featuredmedia":[{"embeddable":true,"href":"https:\/\/quicosenza.it\/news\/wp-json\/wp\/v2\/media\/266943"}],"wp:attachment":[{"href":"https:\/\/quicosenza.it\/news\/wp-json\/wp\/v2\/media?parent=288750"}],"wp:term":[{"taxonomy":"category","embeddable":true,"href":"https:\/\/quicosenza.it\/news\/wp-json\/wp\/v2\/categories?post=288750"},{"taxonomy":"post_tag","embeddable":true,"href":"https:\/\/quicosenza.it\/news\/wp-json\/wp\/v2\/tags?post=288750"}],"curies":[{"name":"wp","href":"https:\/\/api.w.org\/{rel}","templated":true}]}}