{"id":293096,"date":"2026-05-21T07:00:34","date_gmt":"2026-05-21T05:00:34","guid":{"rendered":"https:\/\/quicosenza.it\/news\/?p=293096"},"modified":"2026-05-21T07:32:08","modified_gmt":"2026-05-21T05:32:08","slug":"morano-falcone-borsellino","status":"publish","type":"post","link":"https:\/\/quicosenza.it\/news\/morano-falcone-borsellino\/","title":{"rendered":"\u201cSui passi degli Eroi\u201d, a Morano una giornata per la legalit\u00e0 nel nome di Falcone e Borsellino"},"content":{"rendered":"<p>MORANO CALABRO (CS) &#8211; Il Comune di Morano organizza per sabato<strong> 23 maggio<\/strong> la manifestazione \u201cSui passi degli Eroi \u2013 La cultura della legalit\u00e0\u201d, iniziativa dedicata alla memoria dei giudici <strong>Giovanni Falcone e Paolo Borsellino<\/strong> e ai valori della giustizia e della democrazia. L&#8217;obiettivo \u00e8 di trasformare un atto intimidatorio in un\u2019occasione di crescita civile e di promozione della legalit\u00e0. L\u2019evento infatti, nasce grazie ai <strong>fondi concessi dal Ministero dell\u2019Interno a seguito degli atti intimidatori subiti da alcuni amministratori locali<\/strong>, ma soprattutto dalla scelta di rinunciare ai ristori personali per destinarli a progetti rivolti alla comunit\u00e0 e alle nuove generazioni.<\/p>\n<h3>Uno spazio pubblico ai giudici Falcone e Borsellino<\/h3>\n<p>Determinante \u00e8 stata la decisione del consigliere comunale <a href=\"https:\/\/www.facebook.com\/severino.angelo\" rel=\"noopener\"><strong>Biagio Angelo Severino<\/strong><\/a>, destinatario di un atto intimidatorio il<strong> 3 febbraio 2023<\/strong>, di <strong>devolvere il contributo ricevuto per finalit\u00e0 educative e culturali: <\/strong>\u201ccon questa mia scelta ho voluto mostrare vicinanza tangibile prima di tutto ai nostri ragazzi e poi all&#8217;intera comunit\u00e0, devolvendo la somma assegnatami dal Ministero dell&#8217;Interno come risarcimento morale per <strong>l&#8217;atto intimidatorio patito nel 2023<\/strong>, all&#8217;organizzazione di appuntamenti di carattere partecipativo e, al contempo, all&#8217;intitolazione di uno spazio pubblico ai giudici <strong>Falcone e Borsellino<\/strong>\u201d.<\/p>\n<p>\u201cNon \u00e8 un caso, infatti, se la prima tappa della rassegna si \u00e8 pensato di tenerla esattamente nell&#8217;anniversario della strage di Capaci. Lotter\u00f2 sempre per diffondere la cultura della legalit\u00e0, contro tutte le mafie, male che soffoca la libert\u00e0, la dignit\u00e0 e il futuro\u201d.<\/p>\n<h3>Il programma della giornata<\/h3>\n<p>La manifestazione prender\u00e0 il via alle <strong>10.30<\/strong> con la dimostrazione del Reparto Cinofilo della Polizia Penitenziaria. Alle <strong>11.30<\/strong>, nel Chiostro San Bernardino da Siena, si terr\u00e0 un momento di riflessione e confronto dedicato ai temi della responsabilit\u00e0, della memoria e dell\u2019educazione civica.\u00a0Nel <strong>pomeriggio, alle 18.30, <\/strong>spazio alla \u201c<strong>Passeggiata della legalit\u00e0<\/strong>\u201d lungo il tratto <strong>Morano-Castrovillari<\/strong> della pista pedo-ciclabile, infrastruttura al centro di un progetto sociale promosso dalla Casa Circondariale \u201cRosetta Sisca\u201d, dal Comune e dal Gruppo Speleo del Pollino.<\/p>\n<p>Nel suo intervento, Severino ha sottolineato il valore educativo dell\u2019iniziativa:\u00a0\u201critengo che questo nostro fare sia un investimento nel futuro dei nostri figli. Perch\u00e9 in fondo, il compito pi\u00f9 alto delle istituzioni \u00e8 di costruire coscienze e lasciare in eredit\u00e0 modelli concreti. Ringrazio il Sindaco e i Consiglieri che hanno accolto e condiviso questa mia proposta\u201d.<\/p>\n<p><img loading=\"lazy\" decoding=\"async\" class=\"aligncenter wp-image-293097\" src=\"https:\/\/quicosenza.it\/news\/wp-content\/uploads\/2026\/05\/Locandina-Legalita-falcone-borsellino-morano.jpg\" alt=\"Locandina Legalit\u00e0 falcone borsellino morano\" width=\"575\" height=\"813\" title=\"\" srcset=\"https:\/\/quicosenza.it\/news\/wp-content\/uploads\/2026\/05\/Locandina-Legalita-falcone-borsellino-morano.jpg 970w, https:\/\/quicosenza.it\/news\/wp-content\/uploads\/2026\/05\/Locandina-Legalita-falcone-borsellino-morano-212x300.jpg 212w, https:\/\/quicosenza.it\/news\/wp-content\/uploads\/2026\/05\/Locandina-Legalita-falcone-borsellino-morano-724x1024.jpg 724w, https:\/\/quicosenza.it\/news\/wp-content\/uploads\/2026\/05\/Locandina-Legalita-falcone-borsellino-morano-768x1086.jpg 768w\" sizes=\"auto, (max-width: 575px) 100vw, 575px\" \/><\/p>\n<h3>Donadio: \u201cda un episodio doloroso pu\u00f2 nascere crescita collettiva\u201d<\/h3>\n<p>Il sindaco Mario Donadio ha evidenziato il significato simbolico e culturale dell\u2019iniziativa, ribadendo l\u2019importanza di promuovere il rispetto delle regole democratiche:\u00a0\u201csappiamo che non basta un evento per affermare i principi costituzionali ai quali ognuno dovrebbe naturalmente ispirarsi. Ma vogliamo provare a lanciare in questa circostanza un <strong>messaggio preciso<\/strong> che si traduca in testimonianza e consapevolezza, rispetto delle leggi e fiducia nelle regole della democrazia\u201d.<\/p>\n<p>\u201cSiamo certi che anche partendo da un episodio doloroso si possa scrivere una pagina di crescita collettiva. Ringrazio sinceramente i consiglieri Severino, Soave e Feoli che hanno scelto, dimostrando grande equilibrio e maturit\u00e0 istituzionale, di privarsi degli indennizzi previsti, consentendo di destinare gli stessi a un <strong>intervento rivolto alla comunit\u00e0 e alle nuove generazioni<\/strong>\u201d.<\/p>\n<p>Un ringraziamento \u00e8 stato rivolto anche alla Casa Circondariale di Castrovillari, al Gruppo Speleo del Pollino e al Corpo di Polizia Penitenziaria per la collaborazione ai progetti di riqualificazione e legalit\u00e0 promossi sul territorio.<\/p>\n","protected":false},"excerpt":{"rendered":"<p>Sabato 23 maggio eventi, riflessioni e una passeggiata simbolica in memoria di Falcone e Borsellino: gli amministratori rinunciano ai ristori dopo gli atti intimidatori per investirli in progetti educativi <\/p>\n","protected":false},"author":42,"featured_media":190364,"comment_status":"closed","ping_status":"closed","sticky":false,"template":"","format":"standard","meta":{"_acf_changed":false,"footnotes":"","jetpack_publicize_message":"","jetpack_publicize_feature_enabled":true,"jetpack_social_post_already_shared":true,"jetpack_social_options":{"image_generator_settings":{"template":"highway","default_image_id":0,"font":"","enabled":false},"version":2}},"categories":[28],"tags":[],"class_list":["post-293096","post","type-post","status-publish","format-standard","has-post-thumbnail","hentry","category-provincia"],"acf":[],"jetpack_publicize_connections":[],"_links":{"self":[{"href":"https:\/\/quicosenza.it\/news\/wp-json\/wp\/v2\/posts\/293096","targetHints":{"allow":["GET"]}}],"collection":[{"href":"https:\/\/quicosenza.it\/news\/wp-json\/wp\/v2\/posts"}],"about":[{"href":"https:\/\/quicosenza.it\/news\/wp-json\/wp\/v2\/types\/post"}],"author":[{"embeddable":true,"href":"https:\/\/quicosenza.it\/news\/wp-json\/wp\/v2\/users\/42"}],"replies":[{"embeddable":true,"href":"https:\/\/quicosenza.it\/news\/wp-json\/wp\/v2\/comments?post=293096"}],"version-history":[{"count":0,"href":"https:\/\/quicosenza.it\/news\/wp-json\/wp\/v2\/posts\/293096\/revisions"}],"wp:featuredmedia":[{"embeddable":true,"href":"https:\/\/quicosenza.it\/news\/wp-json\/wp\/v2\/media\/190364"}],"wp:attachment":[{"href":"https:\/\/quicosenza.it\/news\/wp-json\/wp\/v2\/media?parent=293096"}],"wp:term":[{"taxonomy":"category","embeddable":true,"href":"https:\/\/quicosenza.it\/news\/wp-json\/wp\/v2\/categories?post=293096"},{"taxonomy":"post_tag","embeddable":true,"href":"https:\/\/quicosenza.it\/news\/wp-json\/wp\/v2\/tags?post=293096"}],"curies":[{"name":"wp","href":"https:\/\/api.w.org\/{rel}","templated":true}]}}