{"id":293389,"date":"2026-05-22T13:26:00","date_gmt":"2026-05-22T11:26:00","guid":{"rendered":"https:\/\/quicosenza.it\/news\/?p=293389"},"modified":"2026-05-22T13:26:00","modified_gmt":"2026-05-22T11:26:00","slug":"riaperta-sp-81-mendicino-castrolibero-cerisano","status":"publish","type":"post","link":"https:\/\/quicosenza.it\/news\/riaperta-sp-81-mendicino-castrolibero-cerisano\/","title":{"rendered":"Riaperta la SP 81 tra Mendicino, Castrolibero, Cerisano e Marano. Faragalli: \u00abMantenuto l&#8217;impegno\u00bb"},"content":{"rendered":"<p>COSENZA &#8211; \u00c8 stata riaperta in maniera ufficiale al transito la <a href=\"https:\/\/quicosenza.it\/news\/blocco-viabilita-sp-81-mendicino-cerisano\/\" target=\"_blank\" rel=\"noopener\">SP 81<\/a>, importante arteria di <strong>collegamento tra Mendicino e i comuni limitrofi di Castrolibero, Cerisano e Marano<\/strong>. Il tratto interessato, danneggiato dagli eventi di forte maltempo che avevano compromesso la viabilit\u00e0 e la sicurezza della circolazione, a seguito di <a href=\"https:\/\/quicosenza.it\/news\/viabilita-sp-81-ciacco-cantiere-inesistente\/\" target=\"_blank\" rel=\"noopener\">numerosi appelli<\/a>, \u00e8 stato riaperto oggi ad <strong>una corsia con senso unico alternato<\/strong>, garantendo il transito in sicurezza e con divieto ai veicoli con massa superiore a 3,5 tonnellate.<\/p>\n<h3>Riapertura della SP 81 alla presenza di Faragalli<\/h3>\n<p>Alla riapertura ufficiale della SP 81 erano presenti il presidente della Provincia, <a href=\"https:\/\/www.facebook.com\/profile.php?id=61557663093892\" target=\"_blank\" rel=\"noopener\"><strong>Biagio Faragalli<\/strong><\/a>, il sindaco di Mendicino, <strong>Irma Bucarelli<\/strong> e il responsabile del Settore Viabilit\u00e0 Ing. <strong>Gianluca Morrone,<\/strong> insieme ai tecnici e agli operai impegnati negli interventi di ripristino.<\/p>\n<p>\u00abAbbiamo <strong>mantenuto un impegno assunto con i cittadini e con le comunit\u00e0<\/strong> delle Serre cosentine \u2013 ha dichiarato il presidente Biagio Faragalli \u2013 restituendo al territorio una strada strategica per i collegamenti quotidiani, per il lavoro e per la sicurezza. Anche se si tratta di una piccola arteria, il suo ruolo \u00e8 fondamentale per alleggerire il traffico e garantire collegamenti pi\u00f9 rapidi ed efficienti tra i comuni interessati\u00bb.<\/p>\n<h3>Ulteriori interventi in programma<\/h3>\n<p>\u00abRingrazio il Settore Viabilit\u00e0, l\u2019Ing. Gianluca Morrone, i tecnici e tutti gli operai che hanno lavorato con grande professionalit\u00e0 e senso di responsabilit\u00e0 per consentire la <strong>riapertura nel pi\u00f9 breve tempo possibile<\/strong>. La sicurezza e la viabilit\u00e0 del nostro territorio restano una priorit\u00e0 assoluta e continueremo a lavorare senza sosta per garantire interventi concreti e tempestivi\u00bb, ha aggiunto Faragalli.<\/p>\n<p>Il Sindaco di Mendicino, <strong>Irma Bucarelli,<\/strong> ha espresso un sentito ringraziamento al Presidente della Provincia \u00abper l\u2019impegno mantenuto e per la vicinanza dimostrata alla comunit\u00e0 locale e ai territori delle Serre cosentine\u00bb. La Provincia continuer\u00e0 a monitorare il tratto interessato della SP 81 e a <strong>programmare ulteriori interventi<\/strong> finalizzati al completo ripristino della viabilit\u00e0 e alla messa in sicurezza definitiva dell\u2019arteria<\/p>\n","protected":false},"excerpt":{"rendered":"<p>Il tratto interessato, danneggiato dagli eventi di forte maltempo, \u00e8 stato riaperto ad una corsia con senso unico alternato, garantendo il transito in sicurezza e con divieto ai veicoli con massa superiore a 3,5 tonnellate<\/p>\n","protected":false},"author":90,"featured_media":293391,"comment_status":"closed","ping_status":"closed","sticky":false,"template":"","format":"standard","meta":{"_acf_changed":false,"footnotes":"","jetpack_publicize_message":"","jetpack_publicize_feature_enabled":true,"jetpack_social_post_already_shared":true,"jetpack_social_options":{"image_generator_settings":{"template":"highway","default_image_id":0,"font":"","enabled":false},"version":2}},"categories":[28,1],"tags":[],"class_list":["post-293389","post","type-post","status-publish","format-standard","has-post-thumbnail","hentry","category-provincia","category-senza-categoria"],"acf":[],"jetpack_publicize_connections":[],"_links":{"self":[{"href":"https:\/\/quicosenza.it\/news\/wp-json\/wp\/v2\/posts\/293389","targetHints":{"allow":["GET"]}}],"collection":[{"href":"https:\/\/quicosenza.it\/news\/wp-json\/wp\/v2\/posts"}],"about":[{"href":"https:\/\/quicosenza.it\/news\/wp-json\/wp\/v2\/types\/post"}],"author":[{"embeddable":true,"href":"https:\/\/quicosenza.it\/news\/wp-json\/wp\/v2\/users\/90"}],"replies":[{"embeddable":true,"href":"https:\/\/quicosenza.it\/news\/wp-json\/wp\/v2\/comments?post=293389"}],"version-history":[{"count":0,"href":"https:\/\/quicosenza.it\/news\/wp-json\/wp\/v2\/posts\/293389\/revisions"}],"wp:featuredmedia":[{"embeddable":true,"href":"https:\/\/quicosenza.it\/news\/wp-json\/wp\/v2\/media\/293391"}],"wp:attachment":[{"href":"https:\/\/quicosenza.it\/news\/wp-json\/wp\/v2\/media?parent=293389"}],"wp:term":[{"taxonomy":"category","embeddable":true,"href":"https:\/\/quicosenza.it\/news\/wp-json\/wp\/v2\/categories?post=293389"},{"taxonomy":"post_tag","embeddable":true,"href":"https:\/\/quicosenza.it\/news\/wp-json\/wp\/v2\/tags?post=293389"}],"curies":[{"name":"wp","href":"https:\/\/api.w.org\/{rel}","templated":true}]}}