{"id":293458,"date":"2026-05-23T10:30:22","date_gmt":"2026-05-23T08:30:22","guid":{"rendered":"https:\/\/quicosenza.it\/news\/?p=293458"},"modified":"2026-05-23T10:27:55","modified_gmt":"2026-05-23T08:27:55","slug":"tragedia-del-raganello-sindaci-a-civita-tocci","status":"publish","type":"post","link":"https:\/\/quicosenza.it\/news\/tragedia-del-raganello-sindaci-a-civita-tocci\/","title":{"rendered":"Tragedia del Raganello, Il 30 maggio sindaci a Civita a sostegno di Alessandro Tocci condannato a 4 anni"},"content":{"rendered":"<p>CIVITA \u2013 A distanza di otto anni dalla Tragedia del Raganello e <strong>drammatica inondazione nelle <\/strong><a href=\"https:\/\/quicosenza.it\/news\/248354-furia-del-raganello-il-ricordo-del-dramma-porta-con-se-dieci-nomi\/\" target=\"_blank\" rel=\"noopener\">Gole <\/a>\u00a0che provoc\u00f2 la morte di 10 persone, il processo principale giunge a conclusione. Il Tribunale di Castrovillari ha emesso la sentenza, condannando <strong>il sindaco di Civita, Alessandro Tocci, a 4 anni e un mese di reclusione<\/strong>, e la <strong>guida turistica Giovanni Vangieri a 3 anni e 5 mesi<\/strong>. Per entrambi l&#8217;imputazione era di omicidio colposo e omissione d&#8217;atti d&#8217;ufficio.<\/p>\n<p data-path-to-node=\"8\">Il verdetto ha contestualmente assolto <strong>Marco Massaro<\/strong>, esponente di una societ\u00e0 turistica, e i<strong> sindaci di San Lorenzo Bellizzi<\/strong> (Antonio Cersosimo),<strong> Francavilla Marittima<\/strong> (Franco Bettarini) e<strong> Cerchiara di Calabria<\/strong> (Antonio Carlomagno), i quali dovevano rispondere dell&#8217;accusa di omissione di atti d&#8217;ufficio.\u00a0La decisione del giudice ha scatenato un&#8217;immediata reazione nel mondo politico locale. Il prossimo 30 maggio, infatti, sindaci ed ex sindaci si raduneranno a Civita per manifestare sostegno e vicinanza a Tocci.<\/p>\n<p><iframe loading=\"lazy\" style=\"border: none; overflow: hidden;\" src=\"https:\/\/www.facebook.com\/plugins\/post.php?href=https%3A%2F%2Fwww.facebook.com%2Fpaolo.pappaterra%2Fposts%2Fpfbid02YBXULBmMECfUh8t6UkmYGmgzB4PD5QEbvjRsV3Gsutf4eNWwGzWAmK9GqsWQDQ2Ql&amp;show_text=true&amp;width=500\" width=\"500\" height=\"692\" frameborder=\"0\" scrolling=\"no\" allowfullscreen=\"allowfullscreen\"><\/iframe><\/p>\n<h3>La solidariet\u00e0 dei primi cittadini: \u00abAlessandro non \u00e8 solo\u00bb<\/h3>\n<p>L&#8217;iniziativa della mobilitazione \u00e8 nata a seguito dell&#8217;appello lanciato da <strong>Paolo Pappaterra, sindaco di Mormanno<\/strong>, che ha voluto esprimere totale vicinanza al collega e amico: \u201c<em>Fare il Sindaco significa metterci la faccia, il tempo, la passione e il senso delle istituzioni ogni giorno, anche nei momenti pi\u00f9 difficili. Per questo quanto accaduto al fraterno amico e collega Alessandro Tocci non pu\u00f2 lasciarci indifferenti. <strong>Quando viene colpito un Sindaco, viene colpita un\u2019intera comunit\u00e0 e il valore stesso dell\u2019impegno pubblico<\/strong>. Il 30 Maggio sar\u00f2 a Civita insieme a tanti colleghi amministratori per testimoniare vicinanza, solidariet\u00e0 e sostegno. Alessandro non \u00e8 sol<\/em>o\u201d.<\/p>\n<p>Un appello che \u00e8 stato<strong> prontamente raccolto da numerosi amministratori ed ex amministratori della Provincia<\/strong>, pronti a fare fronte comune a Civita l&#8217;ultimo weekend del mese.<\/p>\n<h3>Tragedia del Raganello: la ricostruzione della strage del 20 agosto 2018<\/h3>\n<p>Civita \u00e8 il comune del Cosentino nel cui territorio scorre l&#8217;ultimo tratto del torrente Raganello,<strong> un&#8217;area immersa in profonde gole e particolarmente attrattiva per gli amanti del rafting e del turismo escursionistico.<\/strong> Il dramma si consum\u00f2 il 20 agosto del 2018. Nonostante l&#8217;allerta gialla diramata su tutto il comprensorio, <strong>violenti temporali si abbatterono a monte, nei territori di altri comuni attigui<\/strong>, provocando l&#8217;improvviso ingrossamento del torrente.<\/p>\n<p><img loading=\"lazy\" decoding=\"async\" class=\"wp-image-170138 aligncenter\" src=\"https:\/\/quicosenza.it\/news\/wp-content\/uploads\/2022\/12\/2018_raganello_-1-4.jpg\" alt=\"Tragedia del Raganello\" width=\"609\" height=\"377\" title=\"\" srcset=\"https:\/\/quicosenza.it\/news\/wp-content\/uploads\/2022\/12\/2018_raganello_-1-4.jpg 970w, https:\/\/quicosenza.it\/news\/wp-content\/uploads\/2022\/12\/2018_raganello_-1-4-300x186.jpg 300w, https:\/\/quicosenza.it\/news\/wp-content\/uploads\/2022\/12\/2018_raganello_-1-4-768x475.jpg 768w\" sizes=\"auto, (max-width: 609px) 100vw, 609px\" \/><\/p>\n<p>Le strette pareti delle gole fecero accumulare una velocit\u00e0 impressionante all&#8217;acqua, che si abbatt\u00e9 come un muro sul <strong>gruppo di escursionisti che stava percorrendo proprio l&#8217;ultimo tratto del percorso<\/strong>. Il bilancio fu una strage: <strong>persero la vita nove escursionisti e la giovane guida di 32 anni, Antonio De Rasis,<\/strong> un uomo noto anche per aver prestato attivamente soccorso nel 2017 agli ospiti del noto albergo di Rigopiano sommerso dalla neve.\u00f9<\/p>\n<h3>La dura reazione di Alessandro Tocci: \u00abSentenza ingiusta, mi sento il Tortora dei sindaci\u00bb<\/h3>\n<p>Secondo l&#8217;impianto accusatorio validato dal <a href=\"https:\/\/tribunale-castrovillari.giustizia.it\/\" target=\"_blank\" rel=\"noopener\">Tribunale<\/a> di Castrovillari, il primo cittadino di Civita avrebbe dovuto e potuto intervenire in via preventiva per scongiurare la tragedia. Una lettura che Alessandro Tocci contesta fermamente: &#8220;<em>Da uomo dello Stato mi devo attenere a quello che \u00e8 la sentenza. Da cittadino, dico che \u00e8 un<strong>a sentenza ingiusta, non condivisibile e non irrogabile a un sindaco<\/strong><\/em>&#8220;.<\/p>\n<p><img loading=\"lazy\" decoding=\"async\" class=\"wp-image-293442 aligncenter\" src=\"https:\/\/quicosenza.it\/news\/wp-content\/uploads\/2026\/05\/raganello-sindaco-tocci-civita-1.jpg\" alt=\"raganello-sindaco-tocci-civita\" width=\"677\" height=\"436\" title=\"\" srcset=\"https:\/\/quicosenza.it\/news\/wp-content\/uploads\/2026\/05\/raganello-sindaco-tocci-civita-1.jpg 931w, https:\/\/quicosenza.it\/news\/wp-content\/uploads\/2026\/05\/raganello-sindaco-tocci-civita-1-300x193.jpg 300w, https:\/\/quicosenza.it\/news\/wp-content\/uploads\/2026\/05\/raganello-sindaco-tocci-civita-1-768x495.jpg 768w\" sizes=\"auto, (max-width: 677px) 100vw, 677px\" \/><\/p>\n<p>L&#8217;amministratore contesta fermamente il mancato confronto, in fase di dibattimento, tra le tesi espresse dai tecnici della Procura e quelle dei consulenti degli imputati in merito alla reale prevedibilit\u00e0 dell&#8217;evento meteo. Un elemento che potrebbe aver pesato sulla decisione finale dei giudici. &#8220;<em>Un mio ingegnere disse delle parole che mi sono rimaste dentro:<\/em> <em>&#8216;Come potevo fermare l&#8217;acqua che arrivava da un altro comune, con le mani?&#8217;<\/em>&#8220;, ha concluso Tocci difendendo il proprio operato. &#8220;<em>Ho la coscienza a posto. Non mi vorrei paragonare alla vicenda Tortora, per\u00f2, per un secondo, mi sento il Tortora dei sindaci italiani, lasciati soli, pieni di responsabilit\u00e0<\/em>&#8220;.<\/p>\n<p>&nbsp;<\/p>\n","protected":false},"excerpt":{"rendered":"<p>Dopo la decisione del Tribunale di Castrovillari scatta la solidariet\u00e0 degli amministratori locali: \u00abQuando viene colpito un sindaco viene colpita un&#8217;intera comunit\u00e0\u00bb<\/p>\n","protected":false},"author":55,"featured_media":293459,"comment_status":"closed","ping_status":"closed","sticky":false,"template":"","format":"standard","meta":{"_acf_changed":false,"footnotes":"","jetpack_publicize_message":"","jetpack_publicize_feature_enabled":true,"jetpack_social_post_already_shared":true,"jetpack_social_options":{"image_generator_settings":{"template":"highway","default_image_id":0,"font":"","enabled":false},"version":2}},"categories":[28],"tags":[],"class_list":["post-293458","post","type-post","status-publish","format-standard","has-post-thumbnail","hentry","category-provincia"],"acf":[],"jetpack_publicize_connections":[],"_links":{"self":[{"href":"https:\/\/quicosenza.it\/news\/wp-json\/wp\/v2\/posts\/293458","targetHints":{"allow":["GET"]}}],"collection":[{"href":"https:\/\/quicosenza.it\/news\/wp-json\/wp\/v2\/posts"}],"about":[{"href":"https:\/\/quicosenza.it\/news\/wp-json\/wp\/v2\/types\/post"}],"author":[{"embeddable":true,"href":"https:\/\/quicosenza.it\/news\/wp-json\/wp\/v2\/users\/55"}],"replies":[{"embeddable":true,"href":"https:\/\/quicosenza.it\/news\/wp-json\/wp\/v2\/comments?post=293458"}],"version-history":[{"count":0,"href":"https:\/\/quicosenza.it\/news\/wp-json\/wp\/v2\/posts\/293458\/revisions"}],"wp:featuredmedia":[{"embeddable":true,"href":"https:\/\/quicosenza.it\/news\/wp-json\/wp\/v2\/media\/293459"}],"wp:attachment":[{"href":"https:\/\/quicosenza.it\/news\/wp-json\/wp\/v2\/media?parent=293458"}],"wp:term":[{"taxonomy":"category","embeddable":true,"href":"https:\/\/quicosenza.it\/news\/wp-json\/wp\/v2\/categories?post=293458"},{"taxonomy":"post_tag","embeddable":true,"href":"https:\/\/quicosenza.it\/news\/wp-json\/wp\/v2\/tags?post=293458"}],"curies":[{"name":"wp","href":"https:\/\/api.w.org\/{rel}","templated":true}]}}