{"id":293562,"date":"2026-05-25T09:29:36","date_gmt":"2026-05-25T07:29:36","guid":{"rendered":"https:\/\/quicosenza.it\/news\/?p=293562"},"modified":"2026-05-25T09:29:36","modified_gmt":"2026-05-25T07:29:36","slug":"sichiude-festival-della-legalita-castrovillari","status":"publish","type":"post","link":"https:\/\/quicosenza.it\/news\/sichiude-festival-della-legalita-castrovillari\/","title":{"rendered":"Mai un centimetro indietro. Si chiude il Festival della Legalit\u00e0 di Castrovillari 2026"},"content":{"rendered":"<p>CASROVILLARI &#8211; <strong>Mai un centimetro indietro<\/strong>. Si conclude con il consueto corteo contro le mafie il <strong>Festival della Legalit\u00e0<\/strong> di <a href=\"https:\/\/quicosenza.it\/news\/castrovillari-palazzo-giust-albero-di-falcone\/\">Castrovillari<\/a>, che da cinque anni coinvolge adulti, bambini e ragazzi in un appuntamento che celebra i valori della giustizia, della responsabilit\u00e0 civile e della memoria collettiva. Anche quest&#8217;anno, a nutrire il corteo \u2013 che come sempre si svolge nel giorno del ricordo della strage di Capaci, dove persero la vita <strong>Giovanni Falcone, Francesca Morvillo e gli uomini della scorta<\/strong> &#8211; \u00e8 stato l&#8217;entusiasmo degli studenti delle scuole dell&#8217;intero territorio che, accompagnati da docenti e dirigenti scolastici, hanno travolto come un\u2019onda le strade della citt\u00e0 urlando la pi\u00f9 ferma condanna verso ogni forma di criminalit\u00e0.<\/p>\n<p><img loading=\"lazy\" decoding=\"async\" class=\"aligncenter wp-image-293565 \" src=\"https:\/\/quicosenza.it\/news\/wp-content\/uploads\/2026\/05\/legalita-1.jpg\" alt=\"Mai un centimetro indietro. Si chiude il Festival della Legalit\u00e0 di Castrovillari 2026\" width=\"422\" height=\"234\" title=\"\" srcset=\"https:\/\/quicosenza.it\/news\/wp-content\/uploads\/2026\/05\/legalita-1.jpg 1533w, https:\/\/quicosenza.it\/news\/wp-content\/uploads\/2026\/05\/legalita-1-300x166.jpg 300w, https:\/\/quicosenza.it\/news\/wp-content\/uploads\/2026\/05\/legalita-1-1024x568.jpg 1024w, https:\/\/quicosenza.it\/news\/wp-content\/uploads\/2026\/05\/legalita-1-768x426.jpg 768w\" sizes=\"auto, (max-width: 422px) 100vw, 422px\" \/><\/p>\n<h3>Alla manifestazione finale del Festival della Legalit\u00e0, hanno partecipato anche gli amministratori del territorio<\/h3>\n<p>Alla manifestazione hanno preso parte anche i <strong>sindaci e gli amministratori del territorio<\/strong>, la cui presenza ha rappresentato un importante segnale istituzionale di vicinanza ai temi della legalit\u00e0, contribuendo a rafforzare il valore civile e comunitario dell\u2019iniziativa. La quinta edizione del <a href=\"https:\/\/www.facebook.com\/festivaldellalegalitacv\/?locale=it_IT\" rel=\"noopener\">Festival della Legalit\u00e0<\/a>, organizzato dall&#8217;amministrazione comunale, si chiude con<strong> numeri da record<\/strong>, tra dibattiti, eventi, incontri e approfondimenti che hanno interessato non solo le scuole, sempre pronte a fornire il loro sostegno a questa manifestazione, ma anche i singoli cittadini che hanno avuto l\u2019opportunit\u00e0 di incontrare uomini delle istituzioni, della giustizia e grandi nomi del giornalismo nazionale.<\/p>\n<p><img loading=\"lazy\" decoding=\"async\" class=\"aligncenter wp-image-293566 \" src=\"https:\/\/quicosenza.it\/news\/wp-content\/uploads\/2026\/05\/legalita-2.jpg\" alt=\"Mai un centimetro indietro. Si chiude il Festival della Legalit\u00e0 di Castrovillari 2026\" width=\"351\" height=\"187\" title=\"\" srcset=\"https:\/\/quicosenza.it\/news\/wp-content\/uploads\/2026\/05\/legalita-2.jpg 1558w, https:\/\/quicosenza.it\/news\/wp-content\/uploads\/2026\/05\/legalita-2-300x160.jpg 300w, https:\/\/quicosenza.it\/news\/wp-content\/uploads\/2026\/05\/legalita-2-1024x545.jpg 1024w, https:\/\/quicosenza.it\/news\/wp-content\/uploads\/2026\/05\/legalita-2-768x409.jpg 768w, https:\/\/quicosenza.it\/news\/wp-content\/uploads\/2026\/05\/legalita-2-1536x817.jpg 1536w\" sizes=\"auto, (max-width: 351px) 100vw, 351px\" \/><\/p>\n<p>Grande successo anche per il concorso artistico <strong>letterario ArtLet,<\/strong> curato dalle associazioni Khoreia 2000 e Mystica Calabria che ha animato la fantasia degli studenti, dai pi\u00f9 piccoli a quelli pronti a spiccare il volo verso il mondo degli adulti. Il Festival della Legalit\u00e0 si conferma cos\u00ec un\u2019occasione preziosa di educazione civica, partecipazione e costruzione di una cultura fondata sul rispetto delle regole, della dignit\u00e0 delle persone e del bene comune.<\/p>\n<p>&nbsp;<\/p>\n","protected":false},"excerpt":{"rendered":"<p>Grande successo per la 5^ edizione del Festival della Legalit\u00e0 che coinvolge ogni anno scuole, istituzioni e societ\u00e0 civile per un territorio dove non passano le mafie<\/p>\n","protected":false},"author":66,"featured_media":293563,"comment_status":"closed","ping_status":"closed","sticky":false,"template":"","format":"video","meta":{"_acf_changed":false,"footnotes":"","jetpack_publicize_message":"","jetpack_publicize_feature_enabled":true,"jetpack_social_post_already_shared":true,"jetpack_social_options":{"image_generator_settings":{"template":"highway","default_image_id":0,"font":"","enabled":false},"version":2}},"categories":[28],"tags":[],"class_list":["post-293562","post","type-post","status-publish","format-video","has-post-thumbnail","hentry","category-provincia","post_format-post-format-video"],"acf":[],"jetpack_publicize_connections":[],"_links":{"self":[{"href":"https:\/\/quicosenza.it\/news\/wp-json\/wp\/v2\/posts\/293562","targetHints":{"allow":["GET"]}}],"collection":[{"href":"https:\/\/quicosenza.it\/news\/wp-json\/wp\/v2\/posts"}],"about":[{"href":"https:\/\/quicosenza.it\/news\/wp-json\/wp\/v2\/types\/post"}],"author":[{"embeddable":true,"href":"https:\/\/quicosenza.it\/news\/wp-json\/wp\/v2\/users\/66"}],"replies":[{"embeddable":true,"href":"https:\/\/quicosenza.it\/news\/wp-json\/wp\/v2\/comments?post=293562"}],"version-history":[{"count":0,"href":"https:\/\/quicosenza.it\/news\/wp-json\/wp\/v2\/posts\/293562\/revisions"}],"wp:featuredmedia":[{"embeddable":true,"href":"https:\/\/quicosenza.it\/news\/wp-json\/wp\/v2\/media\/293563"}],"wp:attachment":[{"href":"https:\/\/quicosenza.it\/news\/wp-json\/wp\/v2\/media?parent=293562"}],"wp:term":[{"taxonomy":"category","embeddable":true,"href":"https:\/\/quicosenza.it\/news\/wp-json\/wp\/v2\/categories?post=293562"},{"taxonomy":"post_tag","embeddable":true,"href":"https:\/\/quicosenza.it\/news\/wp-json\/wp\/v2\/tags?post=293562"}],"curies":[{"name":"wp","href":"https:\/\/api.w.org\/{rel}","templated":true}]}}