{"id":293584,"date":"2026-05-25T12:30:03","date_gmt":"2026-05-25T10:30:03","guid":{"rendered":"https:\/\/quicosenza.it\/news\/?p=293584"},"modified":"2026-05-25T11:38:49","modified_gmt":"2026-05-25T09:38:49","slug":"bisignano-asilo-nido-serale-primi-calabria","status":"publish","type":"post","link":"https:\/\/quicosenza.it\/news\/bisignano-asilo-nido-serale-primi-calabria\/","title":{"rendered":"Bisignano lancia l\u2019asilo nido serale: \u00e8 uno dei primi della Calabria. Dar\u00e0 un supporto ai genitori che lavorano"},"content":{"rendered":"<p>BISIGNANO (CS) &#8211; &#8220;Prende forma una delle iniziative pi\u00f9 originali degli ultimi tempi: <strong>l\u2019asilo nido serale<\/strong> diventer\u00e0 presto realt\u00e0 sul territorio di Sant\u2019Umile&#8221;. Ad annunciarlo \u00e8 l\u2019assessore ai Servizi sociali, <strong><a href=\"https:\/\/www.comune.bisignano.cs.it\/it\/persone\/balestrieri-pierfrancesco\" target=\"_blank\" rel=\"noopener\">Pierfrancesco Balestrieri<\/a>,<\/strong> che &#8211; in concordia col sindaco Francesco Fucile e l\u2019amministrazione comunale tutta &#8211; ha presentato il progetto come una <strong>nuova opportunit\u00e0<\/strong> rivolta a famiglie, genitori e bambini della citt\u00e0 cratense, sottolineando il percorso di crescita e attenzione che da tempo caratterizza il settore sociale tout court.<\/p>\n<p><img loading=\"lazy\" decoding=\"async\" class=\"aligncenter wp-image-293586\" src=\"https:\/\/quicosenza.it\/news\/wp-content\/uploads\/2026\/05\/Bisignano-assessore-Balestrieri.jpg\" alt=\"\" width=\"500\" height=\"309\" title=\"\" srcset=\"https:\/\/quicosenza.it\/news\/wp-content\/uploads\/2026\/05\/Bisignano-assessore-Balestrieri.jpg 970w, https:\/\/quicosenza.it\/news\/wp-content\/uploads\/2026\/05\/Bisignano-assessore-Balestrieri-300x186.jpg 300w, https:\/\/quicosenza.it\/news\/wp-content\/uploads\/2026\/05\/Bisignano-assessore-Balestrieri-768x475.jpg 768w\" sizes=\"auto, (max-width: 500px) 100vw, 500px\" \/><\/p>\n<h3>A Bisignano l&#8217;asilo nido serale: una ver\u00e0 novit\u00e0 per le famiglie<\/h3>\n<p>Il <strong>progetto Nido + &#8220;<\/strong>\u00e8 una proposta particolarmente innovativa per Bisignano e per l\u2019intero territorio provinciale, tanto da poter rappresentare <strong>uno dei primi esempi del genere anche a livello regionale.<\/strong> Facendo un primo screening sull\u2019argomento, ci accorgiamo come, nella maggior parte dei casi, gli <a href=\"https:\/\/quicosenza.it\/news\/bonus-da-richidere-a-settembre-da-quello-psicologico-agli-asili-nido-tutte-le-info-utili\/\" target=\"_blank\" rel=\"noopener\">asili<\/a> prolunghino l\u2019orario solo fino alle 19.30, mentre il modello serale rappresenta ancora una <strong>realt\u00e0 poco diffusa<\/strong> e, proprio per questo, da poter sperimentare con assoluta fiducia&#8221; ha spiegato l&#8217;assessore.<\/p>\n<p><img loading=\"lazy\" decoding=\"async\" class=\"aligncenter wp-image-293585\" src=\"https:\/\/quicosenza.it\/news\/wp-content\/uploads\/2026\/05\/Bisignano_Asilo-nido-serale.jpg\" alt=\"\" width=\"500\" height=\"625\" title=\"\" srcset=\"https:\/\/quicosenza.it\/news\/wp-content\/uploads\/2026\/05\/Bisignano_Asilo-nido-serale.jpg 970w, https:\/\/quicosenza.it\/news\/wp-content\/uploads\/2026\/05\/Bisignano_Asilo-nido-serale-240x300.jpg 240w, https:\/\/quicosenza.it\/news\/wp-content\/uploads\/2026\/05\/Bisignano_Asilo-nido-serale-819x1024.jpg 819w, https:\/\/quicosenza.it\/news\/wp-content\/uploads\/2026\/05\/Bisignano_Asilo-nido-serale-768x960.jpg 768w\" sizes=\"auto, (max-width: 500px) 100vw, 500px\" \/><\/p>\n<p>L\u2019asilo serale nasce quindi con l\u2019obiettivo di offrire un <strong>supporto concreto ai genitori<\/strong> impegnati in turni lavorativi non convenzionali, garantendo ai bambini un ambiente sicuro dove poter trascorrere il tempo tra attivit\u00e0 ludiche e momenti dedicati alla cena. Il progetto \u201cNido+\u201d, destinato a coinvolgere Bisignano, era gi\u00e0 stato oggetto di un\u2019indagine attraverso un questionario quantitativo e qualitativo somministrato nelle settimane scorse, dal quale sono emersi riscontri favorevoli da parte delle famiglie interessate.<\/p>\n<h3>Tutte le info utili: servizio ed attivit\u00e0 educative garantite<\/h3>\n<p>Chi desidera maggiori informazioni, fa sapere il Comune, pu\u00f2 gi\u00e0 rivolgersi agli uffici competenti e il servizio, nel caso specifico di Bisignano, sar\u00e0 <strong>attivato una volta alla settimana fino alla fine di luglio.<\/strong> Anche nelle fasce orarie serali saranno<strong> garantite tutte le principali attivit\u00e0 educative e formative<\/strong> gi\u00e0 presenti durante il giorno: esperienze utili a sviluppare linguaggio, coordinazione motoria e capacit\u00e0 di concentrazione, favorendo inoltre la socializzazione con coetanei ed educatori, la gestione delle emozioni, il senso della condivisione e le prime esperienze di autonomia, fondamentali per costruire solide basi in vista del futuro percorso scolastico.<\/p>\n","protected":false},"excerpt":{"rendered":"<p>Il progetto Nido + sar\u00e0 attivato una volta alla settimana fino alla fine di luglio, anche nelle fasce orarie serali saranno garantite tutte le principali attivit\u00e0 educative e formative<\/p>\n","protected":false},"author":90,"featured_media":233755,"comment_status":"closed","ping_status":"closed","sticky":false,"template":"","format":"standard","meta":{"_acf_changed":false,"footnotes":"","jetpack_publicize_message":"","jetpack_publicize_feature_enabled":true,"jetpack_social_post_already_shared":true,"jetpack_social_options":{"image_generator_settings":{"template":"highway","default_image_id":0,"font":"","enabled":false},"version":2}},"categories":[28],"tags":[],"class_list":["post-293584","post","type-post","status-publish","format-standard","has-post-thumbnail","hentry","category-provincia"],"acf":[],"jetpack_publicize_connections":[],"_links":{"self":[{"href":"https:\/\/quicosenza.it\/news\/wp-json\/wp\/v2\/posts\/293584","targetHints":{"allow":["GET"]}}],"collection":[{"href":"https:\/\/quicosenza.it\/news\/wp-json\/wp\/v2\/posts"}],"about":[{"href":"https:\/\/quicosenza.it\/news\/wp-json\/wp\/v2\/types\/post"}],"author":[{"embeddable":true,"href":"https:\/\/quicosenza.it\/news\/wp-json\/wp\/v2\/users\/90"}],"replies":[{"embeddable":true,"href":"https:\/\/quicosenza.it\/news\/wp-json\/wp\/v2\/comments?post=293584"}],"version-history":[{"count":0,"href":"https:\/\/quicosenza.it\/news\/wp-json\/wp\/v2\/posts\/293584\/revisions"}],"wp:featuredmedia":[{"embeddable":true,"href":"https:\/\/quicosenza.it\/news\/wp-json\/wp\/v2\/media\/233755"}],"wp:attachment":[{"href":"https:\/\/quicosenza.it\/news\/wp-json\/wp\/v2\/media?parent=293584"}],"wp:term":[{"taxonomy":"category","embeddable":true,"href":"https:\/\/quicosenza.it\/news\/wp-json\/wp\/v2\/categories?post=293584"},{"taxonomy":"post_tag","embeddable":true,"href":"https:\/\/quicosenza.it\/news\/wp-json\/wp\/v2\/tags?post=293584"}],"curies":[{"name":"wp","href":"https:\/\/api.w.org\/{rel}","templated":true}]}}