{"id":293620,"date":"2026-05-25T15:30:12","date_gmt":"2026-05-25T13:30:12","guid":{"rendered":"https:\/\/quicosenza.it\/news\/?p=293620"},"modified":"2026-05-25T14:59:49","modified_gmt":"2026-05-25T12:59:49","slug":"carcere-castrovillari-riscatto-santelli-pascale","status":"publish","type":"post","link":"https:\/\/quicosenza.it\/news\/carcere-castrovillari-riscatto-santelli-pascale\/","title":{"rendered":"Nel carcere di Castrovillari arriva &#8220;Oltre&#8221;: inclusione e riscatto nel nome di Jole Santelli con Francesca Pascale"},"content":{"rendered":"<p>CASTROVILLARI (CS) &#8211; Celebrare inclusione, diversit\u00e0 e valorizzazione della persona attraverso il linguaggio universale della moda, trasformando la passerella in uno spazio di partecipazione, sensibilit\u00e0 e bellezza autentica. \u00c8 questo l&#8217;obiettivo di<strong> &#8216;Oltre&#8217;,<\/strong> l&#8217;evento moda promosso dall&#8217;<strong>Associazione Jole Santelli<\/strong> con il sostegno della Regione Calabria e la direzione artistica di Claudio Greco, che <strong>mercoled\u00ec 27 maggio<\/strong>, arriva nel <a href=\"https:\/\/quicosenza.it\/news\/arte-cinema-teatro-carcere-castrovillari\/\" target=\"_blank\" rel=\"noopener\">carcere di Castrovillari.\u00a0<\/a><\/p>\n<h3>Carcere di Castrovillari, la moda come inno di inclusione<\/h3>\n<p>La manifestazione avr\u00e0 come testimonial <strong><a href=\"https:\/\/www.instagram.com\/francescapascaleofficial\/\" target=\"_blank\" rel=\"noopener\">Francesca Pascale<\/a>,<\/strong> che ha voluto accompagnare la sua presenza con un ricordo intenso e profondo dedicato a Jole Santelli. &#8220;Con &#8216;Oltre il confine&#8217; vogliamo lanciare un messaggio chiaro: <strong>ogni persona ha il diritto di esprimere s\u00e9 stessa liberamente,<\/strong> oltre ogni etichetta, oltre ogni pregiudizio e oltre gli errori del passato. In questi anni, come Associazione Jole Santelli, abbiamo realizzato numerosi progetti dedicati al mondo del carcere e alle neurodivergenze, ma questa iniziativa vuole andare ancora oltre: vuole essere <strong>un inno concreto all&#8217;inclusione, alla dignit\u00e0 e alla possibilit\u00e0,<\/strong> per ognuno di noi di trovare il proprio spazio nella societ\u00e0 attraverso il talento, la creativit\u00e0 e la libert\u00e0 di espressione&#8221;, spiega Paola Santelli, presidente dell&#8217;Associazione Jole Santelli.<\/p>\n<p>&#8216;Oltre&#8217;, condotto dal Paola Severini Melograni, ha come protagonisti le detenute della Casa circondariale di Castrovillari e i ragazzi autistici del progetto &#8216;Modelli si nasce&#8217;. All&#8217;evento presenzieranno il presidente della Regione Calabria <strong>Roberto Occhiuto<\/strong>, il vice ministro della Giustizia <strong>Francesco Paolo Sisto<\/strong> (da remoto), la sottosegretaria all&#8217;Interno <strong>Wanda Ferro<\/strong>, la sottosegretaria ai Rapporti con il Parlamento <strong>Matilde Siracusano<\/strong>, assessori regionali, consiglieri regionali, autorit\u00e0 civili e militari, sindaci.<\/p>\n<h3>Il ricordo di Jole Santelli nelle parole di Occhiuto e Pascale<\/h3>\n<p>&#8220;Sostenere l&#8217;iniziativa &#8216;Oltre&#8217; significa dare concretezza al principio che nessuno debba essere lasciato indietro. Trasformare la solidariet\u00e0 in azioni tangibili significa creare opportunit\u00e0 reali di inclusione e riscatto &#8211; aveva detto il presidente della regione Calabria Roberto Occhiuto -. Il ricordo di Jole Santelli continua a vivere attraverso iniziative come questa. <strong>Jole \u00e8 stata una donna straordinaria, che ha amato profondamente la Calabria,<\/strong> la sua sensibilit\u00e0 e la sua visione restano ancora oggi un esempio autentico di politica fatta con passione, vicinanza e umanit\u00e0&#8221;.<\/p>\n<p>Per Francesca Pascale, vicepresidente di &#8216;Diritti e Libert\u00e0&#8217; e presidente onoraria di &#8216;Gay conservatori liberali&#8217;, &#8220;l&#8217;Associazione nata nel nome di Jole Santelli non \u00e8 soltanto un ricordo, ma un <strong>impegno concreto affinch\u00e9 i valori in cui ha creduto continuino a vivere:<\/strong> attenzione verso gli altri, amore per la propria terra, libert\u00e0, solidariet\u00e0 e senso delle istituzioni. Ricordarla significa non lasciare spegnere ci\u00f2 che ha seminato. E significa dire, con riconoscenza e affetto, che la Calabria non dimenticher\u00e0 mai una donna che le ha dedicato tutta l&#8217;anima&#8221;.<\/p>\n","protected":false},"excerpt":{"rendered":"<p>L&#8217;evento moda promosso dall&#8217;Associazione Jole Santelli in programma mercoled\u00ec 27 maggio, \u00e8 un inno concreto all&#8217;inclusione e alla dignit\u00e0 della persona. Presente anche il governatore Occhiuto <\/p>\n","protected":false},"author":90,"featured_media":293621,"comment_status":"closed","ping_status":"closed","sticky":false,"template":"","format":"standard","meta":{"_acf_changed":false,"footnotes":"","jetpack_publicize_message":"","jetpack_publicize_feature_enabled":true,"jetpack_social_post_already_shared":true,"jetpack_social_options":{"image_generator_settings":{"template":"highway","default_image_id":0,"font":"","enabled":false},"version":2}},"categories":[28],"tags":[],"class_list":["post-293620","post","type-post","status-publish","format-standard","has-post-thumbnail","hentry","category-provincia"],"acf":[],"jetpack_publicize_connections":[],"_links":{"self":[{"href":"https:\/\/quicosenza.it\/news\/wp-json\/wp\/v2\/posts\/293620","targetHints":{"allow":["GET"]}}],"collection":[{"href":"https:\/\/quicosenza.it\/news\/wp-json\/wp\/v2\/posts"}],"about":[{"href":"https:\/\/quicosenza.it\/news\/wp-json\/wp\/v2\/types\/post"}],"author":[{"embeddable":true,"href":"https:\/\/quicosenza.it\/news\/wp-json\/wp\/v2\/users\/90"}],"replies":[{"embeddable":true,"href":"https:\/\/quicosenza.it\/news\/wp-json\/wp\/v2\/comments?post=293620"}],"version-history":[{"count":0,"href":"https:\/\/quicosenza.it\/news\/wp-json\/wp\/v2\/posts\/293620\/revisions"}],"wp:featuredmedia":[{"embeddable":true,"href":"https:\/\/quicosenza.it\/news\/wp-json\/wp\/v2\/media\/293621"}],"wp:attachment":[{"href":"https:\/\/quicosenza.it\/news\/wp-json\/wp\/v2\/media?parent=293620"}],"wp:term":[{"taxonomy":"category","embeddable":true,"href":"https:\/\/quicosenza.it\/news\/wp-json\/wp\/v2\/categories?post=293620"},{"taxonomy":"post_tag","embeddable":true,"href":"https:\/\/quicosenza.it\/news\/wp-json\/wp\/v2\/tags?post=293620"}],"curies":[{"name":"wp","href":"https:\/\/api.w.org\/{rel}","templated":true}]}}