{"id":293935,"date":"2026-05-28T14:43:56","date_gmt":"2026-05-28T12:43:56","guid":{"rendered":"https:\/\/quicosenza.it\/news\/?p=293935"},"modified":"2026-05-28T14:43:56","modified_gmt":"2026-05-28T12:43:56","slug":"carcere-castrovillari-moda-inclusione-santelli","status":"publish","type":"post","link":"https:\/\/quicosenza.it\/news\/carcere-castrovillari-moda-inclusione-santelli\/","title":{"rendered":"Nel carcere di Castrovillari entra la moda e l&#8217;arte in nome dell&#8217;inclusione, nel ricordo di Jole Santelli"},"content":{"rendered":"<p>CASTROVILLARI (CS) &#8211; Una giornata all&#8217;insegna dell&#8217;<strong>inclusione<\/strong> e della <strong>diversit\u00e0<\/strong> attraverso il linguaggio universale della moda e dell&#8217;arte. Cos\u00ec possiamo definire<a href=\"https:\/\/quicosenza.it\/news\/carcere-castrovillari-riscatto-santelli-pascale\/\" target=\"_blank\" rel=\"noopener\"> l&#8217;evento di moda &#8216;Oltre&#8217;<\/a>, realizzato con il sostegno della Regione Calabria, che si \u00e8 svolto ieri nel <strong>carcere di Castrovillari<\/strong> che ha visto protagonisti i ragazzi autistici del progetto &#8216;Modelli si nasce&#8217; e le detenute della stessa casa circondariale, impegnate nella produzione sartoriale degli abiti.<\/p>\n<p>Una passerella diventata spazio di partecipazione, sensibilit\u00e0 e bellezza che ha permesso di chiudere il cerchio di un progetto pi\u00f9 ampio che per mesi ha visto le detenute impegnate in lezioni sartoriali a cura del fashion designer Claudio Greco, nonch\u00e9 direttore artistico di &#8216;Oltre&#8217;. Alla conduzione Paola Severini Melograni, mentre testimonial d&#8217;eccezione \u00e8 stata <strong>Francesca Pascale,<\/strong> vicepresidente di &#8216;Diritti e libert\u00e0&#8217; che ha ricordato la &#8220;luminosa e silenziosa&#8221; determinazione di Jole Santelli, con una visione della Calabria che &#8220;guarda avanti senza perdere radici&#8221;.<\/p>\n<p><img loading=\"lazy\" decoding=\"async\" class=\"aligncenter wp-image-293937\" src=\"https:\/\/quicosenza.it\/news\/wp-content\/uploads\/2026\/05\/Carcere-di-Castrovillari_Santelli_Pascale.jpg\" alt=\"\" width=\"501\" height=\"322\" title=\"\" srcset=\"https:\/\/quicosenza.it\/news\/wp-content\/uploads\/2026\/05\/Carcere-di-Castrovillari_Santelli_Pascale.jpg 970w, https:\/\/quicosenza.it\/news\/wp-content\/uploads\/2026\/05\/Carcere-di-Castrovillari_Santelli_Pascale-300x193.jpg 300w, https:\/\/quicosenza.it\/news\/wp-content\/uploads\/2026\/05\/Carcere-di-Castrovillari_Santelli_Pascale-768x494.jpg 768w\" sizes=\"auto, (max-width: 501px) 100vw, 501px\" \/><\/p>\n<h3>Carcere di Castrovillari, sfilata con abiti e gioielli<\/h3>\n<p>A presenziare all&#8217;evento: il presidente della Regione Calabria <strong>Roberto Occhiuto<\/strong>, il vice ministro della Giustizia, <strong>Francesco Paolo Sisto<\/strong> (da remoto), la sottosegretaria all&#8217;Interno <strong>Wanda Ferro,<\/strong> assessori regionali, consiglieri regionali, autorit\u00e0 civili e militari, sindaci e il maestro orafo <strong>Giancarlo Spadafora<\/strong>, le cui prestigiose <strong>creazioni, gioielli e corone<\/strong> di arte sacra, hanno sfilato in passerella tra applausi scroscianti.<\/p>\n<p>Ad aprire l&#8217;evento le note di violino suonate da una giovane artista dell&#8217;associazione Modelli si Nasce. I giovani modelli dell&#8217;associazione che sostiene i ragazzi autistici hanno sfilato, insieme a modelli professionisti, le corone del maestro orafo Giancarlo Spadafora. A seguito, su un abito nero, le giovani detenute e le modelle professioniste hanno sfilato i preziosi di Spadafora, un elogio all&#8217;arte orafa che ha illuminato la passerella del teatro della casa circondariale.<\/p>\n<p>Uno dei momenti pi\u00f9 emozionanti \u00e8 stata la <strong>sfilata che ha visto protagoniste le detenute<\/strong> che hanno indossato il frutto del loro stesso lavoro. Le ragazze hanno avuto infatti l&#8217;opportunit\u00e0 di sfilare gli stessi abiti da loro realizzati nel corso del progetto sartoriale che per mesi le ha viste impegnate insieme al fashion designer Claudio Greco. Caratterizzati da diverse nuances di verde, i tessuti si sono trasformati in un arma di riscatto e dignit\u00e0.<\/p>\n<p><img loading=\"lazy\" decoding=\"async\" class=\"aligncenter wp-image-293938\" src=\"https:\/\/quicosenza.it\/news\/wp-content\/uploads\/2026\/05\/Carcere-di-Castrovillari_sfilata.jpg\" alt=\"\" width=\"516\" height=\"396\" title=\"\" srcset=\"https:\/\/quicosenza.it\/news\/wp-content\/uploads\/2026\/05\/Carcere-di-Castrovillari_sfilata.jpg 970w, https:\/\/quicosenza.it\/news\/wp-content\/uploads\/2026\/05\/Carcere-di-Castrovillari_sfilata-300x230.jpg 300w, https:\/\/quicosenza.it\/news\/wp-content\/uploads\/2026\/05\/Carcere-di-Castrovillari_sfilata-768x589.jpg 768w\" sizes=\"auto, (max-width: 516px) 100vw, 516px\" \/><\/p>\n<h3>Dignit\u00e0, rispetto e diritto<\/h3>\n<p>&#8220;Oggi si \u00e8 tenuto l&#8217;evento moda finale del laboratorio sartoriale che abbiamo denominato &#8216;Oltre il confine&#8217;. Non \u00e8 stata una sfilata sulle fragilit\u00e0, anzi, oggi i nostri modelli e le nostre modelle si sono appropriati della passerella per esprimersi liberamente senza etichette e senza confini imposti &#8211; ha dichiarato Paola Santelli, presidente dell&#8217;Associazione Jole Santelli &#8211; <strong>Abbiamo unito due mondi molto diversi ma che purtroppo hanno in comune il peso enorme del silenzio imposto loro dalla societ\u00e0<\/strong> ma oggi noi questo silenzio lo abbiamo spezzato e ogni passo sulla passerella \u00e8 diventato un passaggio dalla difesa alla verit\u00e0, dal nascondersi al mostrarsi. La passerella oggi \u00e8 diventata un ponte ideale fra questi due mondi: detenuti e modelli professionisti, che sono anche ragazze e ragazzi neurodivergenti&#8221; ha poi aggiunto la presidente.<\/p>\n<p>Un <strong>ponte che parla di dignit\u00e0, rispetto e diritto<\/strong> ad esprimersi autenticamente. Una societ\u00e0 libera ed inclusiva \u00e8 una societ\u00e0 che non si limita ad accettare le diversit\u00e0 ma le riconosce come ricchezza comune che genera valore, crescita e pi\u00f9 consapevolezza per noi tutti. &#8220;Con l&#8217;evento di oggi, promosso dall&#8217;associazione dedicata a Jole Santelli, grazie all&#8217;impegno costante di Paola e Roberta, celebriamo la forza del riscatto e la volont\u00e0 di ricominciare attraverso il lavoro delle donne della sartoria della Casa Circondariale di Castrovillari &#8211; ha precisato Wanda Ferro &#8211; Inevitabile pensare ed elogiare il contributo dato dalla cara Jole Santelli e quanto abbia ispirato le menti calabresi&#8221;.<\/p>\n<p>&#8220;Il ricordo di Jole Santelli continua a rappresentare una <strong>straordinaria lezione umana e politica.<\/strong> La sua forza stava nella capacit\u00e0 di <strong>mettere al centro la dignit\u00e0 umana<\/strong>, valore che ha sempre contraddistinto l&#8217;esperienza di Forza Italia e l&#8217;insegnamento di Silvio Berlusconi &#8211; ha dichiarato Francesco Paolo Sisto &#8211; parlare di carcere, di disagio, di reinserimento e di percorsi di recupero significa proprio affermare una visione della giustizia che non sia soltanto punitiva, ma autenticamente orientata alla rieducazione e al ritorno della persona nel tessuto sano della societ\u00e0. La dignit\u00e0 non pu\u00f2 fermarsi davanti alle mura di un istituto penitenziario&#8221;.<\/p>\n<p><img loading=\"lazy\" decoding=\"async\" class=\"aligncenter wp-image-293943\" src=\"https:\/\/quicosenza.it\/news\/wp-content\/uploads\/2026\/05\/Carcere_castrovillari_moda-1.jpg\" alt=\"\" width=\"501\" height=\"310\" title=\"\" srcset=\"https:\/\/quicosenza.it\/news\/wp-content\/uploads\/2026\/05\/Carcere_castrovillari_moda-1.jpg 970w, https:\/\/quicosenza.it\/news\/wp-content\/uploads\/2026\/05\/Carcere_castrovillari_moda-1-300x186.jpg 300w, https:\/\/quicosenza.it\/news\/wp-content\/uploads\/2026\/05\/Carcere_castrovillari_moda-1-768x475.jpg 768w\" sizes=\"auto, (max-width: 501px) 100vw, 501px\" \/><\/p>\n<h3>Occhiuto: &#8220;Trasformare la solidariet\u00e0 in azioni tangibili&#8221;<\/h3>\n<p>&#8221;Oltre&#8221; \u00e8 stato riconosciuta testimonianza concreta di come<strong> inclusione, dignit\u00e0 e riscatto<\/strong> possano trasformarsi in percorsi reali di crescita umana e sociale. Secondo quanto dichiarato infatti da <a href=\"https:\/\/www.facebook.com\/rbocchiuto\" target=\"_blank\" rel=\"noopener\"><strong>Roberto Occhiuto<\/strong><\/a>: &#8220;<strong>Trasformare la solidariet\u00e0 in azioni tangibili significa creare opportunit\u00e0 autentiche<\/strong> per chi vive condizioni di fragilit\u00e0 e per chi cerca una nuova possibilit\u00e0. Vedere le detenute impegnate nel laboratorio sartoriale e i ragazzi autistici del progetto &#8221;Modelli si nasce&#8221; sfilare con orgoglio, talento e professionalit\u00e0 \u00e8 stata un&#8217;emozione profonda e la dimostrazione che la Calabria pu\u00f2 essere un <strong>modello avanzato di civilt\u00e0, integrazione e umanit\u00e0.<\/strong> Questa giornata ci consegna un messaggio forte: il diritto al riscatto per chi ha sbagliato e il diritto all&#8217;inclusione per chi affronta ogni giorno situazioni di fragilit\u00e0 devono essere pilastri di una societ\u00e0 pi\u00f9 giusta, pi\u00f9 consapevole e pi\u00f9 capace di guardare alle persone senza pregiudizi&#8221;.<\/p>\n","protected":false},"excerpt":{"rendered":"<p>L&#8217;evento ha visto protagonisti i ragazzi autistici del progetto &#8216;Modelli si nasce&#8217; e le detenute della stessa casa circondariale, impegnate nella produzione sartoriale degli abiti. Ospite d&#8217;onore Francesca Pascale <\/p>\n","protected":false},"author":90,"featured_media":293936,"comment_status":"closed","ping_status":"closed","sticky":false,"template":"","format":"standard","meta":{"_acf_changed":false,"footnotes":"","jetpack_publicize_message":"","jetpack_publicize_feature_enabled":true,"jetpack_social_post_already_shared":true,"jetpack_social_options":{"image_generator_settings":{"template":"highway","default_image_id":0,"font":"","enabled":false},"version":2}},"categories":[28],"tags":[],"class_list":["post-293935","post","type-post","status-publish","format-standard","has-post-thumbnail","hentry","category-provincia"],"acf":[],"jetpack_publicize_connections":[],"_links":{"self":[{"href":"https:\/\/quicosenza.it\/news\/wp-json\/wp\/v2\/posts\/293935","targetHints":{"allow":["GET"]}}],"collection":[{"href":"https:\/\/quicosenza.it\/news\/wp-json\/wp\/v2\/posts"}],"about":[{"href":"https:\/\/quicosenza.it\/news\/wp-json\/wp\/v2\/types\/post"}],"author":[{"embeddable":true,"href":"https:\/\/quicosenza.it\/news\/wp-json\/wp\/v2\/users\/90"}],"replies":[{"embeddable":true,"href":"https:\/\/quicosenza.it\/news\/wp-json\/wp\/v2\/comments?post=293935"}],"version-history":[{"count":0,"href":"https:\/\/quicosenza.it\/news\/wp-json\/wp\/v2\/posts\/293935\/revisions"}],"wp:featuredmedia":[{"embeddable":true,"href":"https:\/\/quicosenza.it\/news\/wp-json\/wp\/v2\/media\/293936"}],"wp:attachment":[{"href":"https:\/\/quicosenza.it\/news\/wp-json\/wp\/v2\/media?parent=293935"}],"wp:term":[{"taxonomy":"category","embeddable":true,"href":"https:\/\/quicosenza.it\/news\/wp-json\/wp\/v2\/categories?post=293935"},{"taxonomy":"post_tag","embeddable":true,"href":"https:\/\/quicosenza.it\/news\/wp-json\/wp\/v2\/tags?post=293935"}],"curies":[{"name":"wp","href":"https:\/\/api.w.org\/{rel}","templated":true}]}}