{"id":293972,"date":"2026-05-28T18:39:51","date_gmt":"2026-05-28T16:39:51","guid":{"rendered":"https:\/\/quicosenza.it\/news\/?p=293972"},"modified":"2026-05-28T18:39:51","modified_gmt":"2026-05-28T16:39:51","slug":"lavoro-chiama-calabria-favorire-occupazione","status":"publish","type":"post","link":"https:\/\/quicosenza.it\/news\/lavoro-chiama-calabria-favorire-occupazione\/","title":{"rendered":"Il lavoro chiama, in Calabria si chiude l&#8217;evento per favorire l&#8217;occupazione: 400 le posizioni aperte"},"content":{"rendered":"<p>CATANZARO &#8211; <strong>Seicentocinquanta colloqui, 3.500 presenze complessive<\/strong>. Con questi numeri si chiude &#8216;<a href=\"https:\/\/lavoro.regione.calabria.it\/il-lavoro-chiama\/\" target=\"_blank\" rel=\"noopener\">Il lavoro chiama<\/a>&#8216; l&#8217;evento organizzato dal dipartimento Politiche del lavoro della Regione Calabria volto a favorire l&#8217;incrocio tra domanda e offerta di lavoro. Le tre giornate, scandite da approfondimenti sui temi dell&#8217;occupazione, si sono caratterizzate per\u00f2 per la possibilit\u00e0 di svolgere direttamente colloqui con aziende alla ricerca di personale.<\/p>\n<p><strong>Circa 400 le posizioni aperte<\/strong>. Le aziende &#8211; hanno fatto sapere gli organizzatori &#8211; hanno espresso un buon grado di soddisfazione e disponibilit\u00e0 a nuovi appuntamenti. Circa 3.500 le presenze registrate all&#8217;ente fiera di Catanzaro tra visitatori e studenti. Una riedizione dell&#8217;appuntamento \u00e8 gi\u00e0 in programma per febbraio 2027.<\/p>\n<h3>Il lavoro chiama, Calabrese: &#8220;Calabria terra di opportunit\u00e0&#8221;<\/h3>\n<p>&#8220;L&#8217;alta partecipazione \u00e8 un dato positivo, significa che c&#8217;\u00e8 tanta gente che ha compreso l&#8217;importanza dell&#8217;iniziativa&#8221; ha dichiarato l&#8217;assessore alle Politiche del Lavoro, Giovanni Calabrese, che ha evidenziato la presenza di tutti gli esponenti della giunta regionale. &#8220;Perch\u00e9 ogni assessorato \u00e8 in grado di produrre misure che portano occupazione. Oggi si capisce veramente che la Calabria \u00e8 una terra di opportunit\u00e0. Sono molte le aziende che hanno voluto partecipare riscontrando in maniera positiva la validit\u00e0 dello strumento messo in campo&#8221;.<\/p>\n<p>Oltre agli <strong>assessori al Bilancio Marcello Minenna e all&#8217;Agricoltura Gianluca Gallo<\/strong>, al tavolo tematico sull&#8217;<a href=\"https:\/\/quicosenza.it\/news\/calabria-il-lavoro-chiama-recruiting-400-posti\/\" target=\"_blank\" rel=\"noopener\">occupazione<\/a> hanno partecipato anche il <strong>presidente di Unindustria Aldo Ferrara<\/strong> e il <strong>presidente della Camera di Commercio Catanzaro Crotone Vibo Valentia Pietro Falbo<\/strong>.<\/p>\n<p>Sugli effetti del caro energia determinato dalla crisi internazionale Falbo ha precisato che &#8220;\u00e8 un elemento che impatta sul sistema economico e commerciale dal momento che oltre il 90% del trasporto in Italia avviene su gomma. I prodotti dunque arrivano all&#8217;utente finale con un aumento dei prezzi&#8221;.<\/p>\n<p>Per affrancarsi dalla dipendenza energetica Unindustria ha fatto sapere della presenza di un bando che sostiene investimenti per la produzione di energia da fonti rinnovabili. &#8220;Dovrebbe chiudersi il 3 luglio e destina 260 milioni di euro alle imprese operanti nelle aree industriali e artigianali del Mezzogiorno d&#8217;Italia&#8221; ha precisato Aldo Ferrara. &#8220;Autoproduzione significa abbassamento dei costi e autonomia strategica per il futuro&#8221;.<\/p>\n","protected":false},"excerpt":{"rendered":"<p>Tre giornate di incontri tra imprese e candidati all\u2019ente fiera di Catanzaro: 650 colloqui svolti e 3.500 presenze complessive per l\u2019iniziativa regionale sulle politiche del lavoro<\/p>\n","protected":false},"author":58,"featured_media":293974,"comment_status":"closed","ping_status":"closed","sticky":false,"template":"","format":"standard","meta":{"_acf_changed":false,"footnotes":"","jetpack_publicize_message":"","jetpack_publicize_feature_enabled":true,"jetpack_social_post_already_shared":true,"jetpack_social_options":{"image_generator_settings":{"template":"highway","default_image_id":0,"font":"","enabled":false},"version":2}},"categories":[17],"tags":[],"class_list":["post-293972","post","type-post","status-publish","format-standard","has-post-thumbnail","hentry","category-calabria"],"acf":[],"jetpack_publicize_connections":[],"_links":{"self":[{"href":"https:\/\/quicosenza.it\/news\/wp-json\/wp\/v2\/posts\/293972","targetHints":{"allow":["GET"]}}],"collection":[{"href":"https:\/\/quicosenza.it\/news\/wp-json\/wp\/v2\/posts"}],"about":[{"href":"https:\/\/quicosenza.it\/news\/wp-json\/wp\/v2\/types\/post"}],"author":[{"embeddable":true,"href":"https:\/\/quicosenza.it\/news\/wp-json\/wp\/v2\/users\/58"}],"replies":[{"embeddable":true,"href":"https:\/\/quicosenza.it\/news\/wp-json\/wp\/v2\/comments?post=293972"}],"version-history":[{"count":0,"href":"https:\/\/quicosenza.it\/news\/wp-json\/wp\/v2\/posts\/293972\/revisions"}],"wp:featuredmedia":[{"embeddable":true,"href":"https:\/\/quicosenza.it\/news\/wp-json\/wp\/v2\/media\/293974"}],"wp:attachment":[{"href":"https:\/\/quicosenza.it\/news\/wp-json\/wp\/v2\/media?parent=293972"}],"wp:term":[{"taxonomy":"category","embeddable":true,"href":"https:\/\/quicosenza.it\/news\/wp-json\/wp\/v2\/categories?post=293972"},{"taxonomy":"post_tag","embeddable":true,"href":"https:\/\/quicosenza.it\/news\/wp-json\/wp\/v2\/tags?post=293972"}],"curies":[{"name":"wp","href":"https:\/\/api.w.org\/{rel}","templated":true}]}}