{"id":294202,"date":"2026-05-31T15:00:10","date_gmt":"2026-05-31T13:00:10","guid":{"rendered":"https:\/\/quicosenza.it\/news\/?p=294202"},"modified":"2026-05-31T19:57:58","modified_gmt":"2026-05-31T17:57:58","slug":"viaggio-nelle-terre-di-cosenza-successo-vini","status":"publish","type":"post","link":"https:\/\/quicosenza.it\/news\/viaggio-nelle-terre-di-cosenza-successo-vini\/","title":{"rendered":"Viaggio nelle Terre di Cosenza: straordinario successo alla Villa Vecchia tra vini DOP, cultura e identit\u00e0 locale"},"content":{"rendered":"<p data-path-to-node=\"9\">COSENZA &#8211; Si \u00e8 concluso ieri sera, nella suggestiva cornice della Villa Vecchia, l\u2019evento \u00a0\u201c<strong>Viaggio nelle Terre di Cosenza<\/strong>\u201d, dedicato all\u2019i<strong>dentit\u00e0 enogastronomica della Calabria e ai territori della DOP Terre di Cosenza<\/strong>. Per due giorni il polmone verde nel centro storico si \u00e8 trasformato in <strong>un itinerario esperienziale tra degustazioni, racconti, tradizioni e incontri con i produttori locali.<\/strong> Un percorso che ha accompagnato visitatori e viaggiatori alla scoperta delle cinque sottozone della denominazione: <strong>Verbicaro, Pollino, Donnici, Colline del Crati ed Esaro.<\/strong><\/p>\n<p data-path-to-node=\"9\">L\u2019iniziativa ha registrato uno straordinario successo di pubblico con due serate da tutto esaurito ed ha visto il polmone verde del centro storico cosentino mutarsi in un vero e proprio<strong> itinerario esperienziale e narrativo.<\/strong> Tra degustazioni guidate, racconti della tradizione e incontri diretti con i produttori locali, visitatori e appassionati sono stati accompagnati in un viaggio alla scoperta delle cinque storiche sottozone della denominazione dove\u00a0o<strong>gni area ha saputo raccontare un volto unico e differenziato della provincia<\/strong>: un intreccio autentico e accessibile a tutti tra paesaggi mozzafiato, vitigni autoctoni, lavorazioni artigianali e culture millenarie.<\/p>\n<h3 data-path-to-node=\"15\">Viaggio nelle Terre di Cosenzatra show cooking, musica e turismo enogastronomico<\/h3>\n<p data-path-to-node=\"16\">Calice alla mano, il numeroso pubblico accorso alla Villa Vecchia ha potuto vivere intensi momenti di assaggio, a<strong>pprofondimenti culturali e innovativi <em data-path-to-node=\"16\" data-index-in-node=\"151\">show cooking<\/em> <\/strong>dedicati alle eccellenze tipiche del territorio cosentino. L\u2019evento, seguito interamente in diretta radiofonica da <a href=\"https:\/\/www.rlb.it\/\" target=\"_blank\" rel=\"noopener\">RLB<\/a>, ha fuso la proposta enogastronomica all\u2019intrattenimento, grazie a<strong> performance di musica dal vivo e dj-set ser<\/strong>ali che hanno saputo creare un&#8217;atmosfera conviviale ideale per famiglie, esperti del settore, turisti e semplici curiosi.<\/p>\n<p data-path-to-node=\"17\">La scelta della sede non \u00e8 stata casuale: lo storico giardino pubblico, simbolo identitario della citt\u00e0, \u00e8 diventato lo spazio scenico perfetto per ospitare questa narrazione collettiva.<\/p>\n<p data-path-to-node=\"18,0\">&#8220;<em>Un&#8217;iniziativa che racconta la storia della nostra produzione vitivinicola, della nostra tradizione e della nostra enogastronomia attraverso i sapori, i gusti e i prodotti tipici del territorio<\/em> \u2013 ha dichiarato il sindaco di Cosenza, <strong data-path-to-node=\"18,0\" data-index-in-node=\"235\">Franz Caruso<\/strong> \u2013. <em>\u00c8 qualcosa di immersivo che deve essere vissuto. Lo abbiamo voluto realizzare in questa parte della citt\u00e0 perch\u00e9 luogo simbolo della nostra identit\u00e0<\/em>&#8220;.<\/p>\n<p data-path-to-node=\"18,0\"><img loading=\"lazy\" decoding=\"async\" class=\"wp-image-294204 aligncenter\" src=\"https:\/\/quicosenza.it\/news\/wp-content\/uploads\/2026\/05\/Viaggio-nelle-Terre-di-Cosenza_02.jpg\" alt=\"Viaggio nelle Terre di Cosenza_02\" width=\"592\" height=\"366\" title=\"\" srcset=\"https:\/\/quicosenza.it\/news\/wp-content\/uploads\/2026\/05\/Viaggio-nelle-Terre-di-Cosenza_02.jpg 970w, https:\/\/quicosenza.it\/news\/wp-content\/uploads\/2026\/05\/Viaggio-nelle-Terre-di-Cosenza_02-300x186.jpg 300w, https:\/\/quicosenza.it\/news\/wp-content\/uploads\/2026\/05\/Viaggio-nelle-Terre-di-Cosenza_02-768x475.jpg 768w\" sizes=\"auto, (max-width: 592px) 100vw, 592px\" \/><\/p>\n<h3 data-path-to-node=\"20\">Nasce la nuova &#8220;Strada dei saperi e dei sapori&#8221;: Cosenza hub strategico<\/h3>\n<p data-path-to-node=\"21\">A suggellare il successo della serata conclusiva \u00e8 stato il rilancio ufficiale della <strong data-path-to-node=\"21\" data-index-in-node=\"85\">&#8220;Strada dei saperi e dei sapori&#8221;<\/strong>. Il primo cittadino Franz Caruso ha proposto formalmente il progetto all&#8217;assessore regionale all&#8217;Agricoltura, <strong data-path-to-node=\"21\" data-index-in-node=\"228\">Gianluca Gallo<\/strong>, presente alla manifestazione. L&#8217;obiettivo \u00e8 quello di r<strong>afforzare e potenziare un percorso di promozione gi\u00e0 esistente nel panorama locale,<\/strong> mettendone in rete le tradizioni, le produzioni e l\u2019identit\u00e0 culturale, individuando proprio nel capoluogo bruzio il naturale punto di riferimento e di raccordo.<\/p>\n<p data-path-to-node=\"22\"><strong>Il legame profondo tra la storicit\u00e0 intellettuale della citt\u00e0 e la sua terra \u00e8 stato il fulcro dell&#8217;intervento del sindaco:\u00a0<\/strong>&#8220;<em>Siamo nella citt\u00e0 di Telesio e mettere insieme cultura e sapori significa creare un percorso turistico fondamentale. <strong>La Strada dei saperi e dei sapori pu\u00f2 rappresentare uno strumento importante di promozione territoriale<\/strong>, mettendo al centro Cosenza, citt\u00e0 capoluogo, che con il suo centro storico e con la sua cultura pu\u00f2 diventare il punto di raccordo di tutti i saperi e di tutti i sapori del territorio, attraendo turismo, economia e lavoro<\/em>&#8220;.<\/p>\n<h2 data-path-to-node=\"25\">Sinergie istituzionali: l&#8217;ipotesi &#8220;MasterChef&#8221; nel centro storico<\/h2>\n<p data-path-to-node=\"26\">La proposta si inserisce in un quadro pi\u00f9 ampio e consolidato di interlocuzioni e collaborazione costante tra il sindaco Caruso e l&#8217;assessore regionale Gallo. Una strategia sinergica volta a posizionare l\u2019enogastronomia e i <strong data-path-to-node=\"26\" data-index-in-node=\"224\">vini DOP della Calabria<\/strong> nei circuiti turistici internazionali. All&#8217;interno di questa visione si collocano sia il consolidamento di vetrine globali come il <a href=\"https:\/\/quicosenza.it\/news\/calabria-vinitalycalabrese-ministro-mazzi\/\" target=\"_blank\" rel=\"noopener\"><em data-path-to-node=\"27\" data-index-in-node=\"92\">Vinitaly<\/em> <\/a>\u2013 che quest&#8217;anno vedr\u00e0 appuntamenti significativi oltre che a Sibari anche a Reggio Calabria \u2013 sia la progettazione di nuove iniziative ad alto impatto mediatico.<\/p>\n<p data-path-to-node=\"26\">Tra queste ultime, spicca l\u2019ambiziosa possibilit\u00e0 di <strong>portare tra le vie del centro storico di Cosenza un grande evento televisivo ispirato al celebre format MasterChef<\/strong>, unendo cos\u00ec l&#8217;intrattenimento spettacolare alla promozione attiva dei prodotti tipici calabresi e alla valorizzazione del patrimonio urbano.<\/p>\n<p data-path-to-node=\"27\"><img loading=\"lazy\" decoding=\"async\" class=\"wp-image-294205 aligncenter\" src=\"https:\/\/quicosenza.it\/news\/wp-content\/uploads\/2026\/05\/Viaggio-nelle-Terre-di-Cosenza_01.jpg\" alt=\"\" width=\"580\" height=\"379\" title=\"\" srcset=\"https:\/\/quicosenza.it\/news\/wp-content\/uploads\/2026\/05\/Viaggio-nelle-Terre-di-Cosenza_01.jpg 970w, https:\/\/quicosenza.it\/news\/wp-content\/uploads\/2026\/05\/Viaggio-nelle-Terre-di-Cosenza_01-300x196.jpg 300w, https:\/\/quicosenza.it\/news\/wp-content\/uploads\/2026\/05\/Viaggio-nelle-Terre-di-Cosenza_01-768x502.jpg 768w\" sizes=\"auto, (max-width: 580px) 100vw, 580px\" \/><\/p>\n<h2 data-path-to-node=\"29\">Il futuro dell&#8217;evento: un appuntamento fisso per il Mezzogiorno<\/h2>\n<p data-path-to-node=\"30\">Il successo di questa <strong>&#8220;edizione zero&#8221;<\/strong> spinge gli organizzatori a guardare avanti. Il primo cittadino ha espresso il suo pi\u00f9 vivo apprezzamento per <strong>l&#8217;impeccabile lavoro svolto dall&#8217;ARSAC,<\/strong> ringraziando il direttore generale e il responsabile della promozione, insieme ai <strong>Consorzi delle Terre di Cosenza DOP<\/strong>, all&#8217;assessore comunale alle Attivit\u00e0 Economiche e Produttive e a tutte le aziende partecipanti.\u00a0L&#8217;affluenza di massa registrata nelle due serate candida ufficialmente <strong data-path-to-node=\"31\" data-index-in-node=\"71\">&#8220;Viaggio nelle Terre di Cosenza&#8221;<\/strong> a diventare un appuntamento fisso e stabile all&#8217;interno del calendario degli eventi cittadini, nonch\u00e9 un modello di sviluppo economico integrato.<\/p>\n<p data-path-to-node=\"32\">&#8220;<em>Cosenza oggi rappresenta una rinascita<\/em> \u2013 ha concluso Franz Caruso \u2013. <em>Una citt\u00e0 moderna, dinamica e attrattiva, capace di fare rete, accogliere e costruire opportunit\u00e0. Il successo di questa manifestazione dimostra che questa \u00e8 la strada giusta e che il nostro territorio possiede tutte le potenzialit\u00e0 per diventare uno dei principali attrattori turistici e culturali del Mezzogiorno<\/em>&#8220;.<\/p>\n<p>&nbsp;<\/p>\n","protected":false},"excerpt":{"rendered":"<p>L&#8217;edizione zero dell&#8217;evento si chiude con due serate sold out: villa Vecchia gremita e appuntamento gi\u00e0 fissato per il prossimo anno. E il sindaco Caruso lancia il grande progetto della &#8220;Strada dei saperi e dei sapori&#8221; insieme alla Regione Calabria<\/p>\n","protected":false},"author":55,"featured_media":294203,"comment_status":"closed","ping_status":"closed","sticky":false,"template":"","format":"video","meta":{"_acf_changed":false,"footnotes":"","jetpack_publicize_message":"","jetpack_publicize_feature_enabled":true,"jetpack_social_post_already_shared":true,"jetpack_social_options":{"image_generator_settings":{"template":"highway","default_image_id":0,"font":"","enabled":false},"version":2}},"categories":[563,42],"tags":[],"class_list":["post-294202","post","type-post","status-publish","format-video","has-post-thumbnail","hentry","category-area-urbana","category-cosenza","post_format-post-format-video"],"acf":[],"jetpack_publicize_connections":[],"_links":{"self":[{"href":"https:\/\/quicosenza.it\/news\/wp-json\/wp\/v2\/posts\/294202","targetHints":{"allow":["GET"]}}],"collection":[{"href":"https:\/\/quicosenza.it\/news\/wp-json\/wp\/v2\/posts"}],"about":[{"href":"https:\/\/quicosenza.it\/news\/wp-json\/wp\/v2\/types\/post"}],"author":[{"embeddable":true,"href":"https:\/\/quicosenza.it\/news\/wp-json\/wp\/v2\/users\/55"}],"replies":[{"embeddable":true,"href":"https:\/\/quicosenza.it\/news\/wp-json\/wp\/v2\/comments?post=294202"}],"version-history":[{"count":0,"href":"https:\/\/quicosenza.it\/news\/wp-json\/wp\/v2\/posts\/294202\/revisions"}],"wp:featuredmedia":[{"embeddable":true,"href":"https:\/\/quicosenza.it\/news\/wp-json\/wp\/v2\/media\/294203"}],"wp:attachment":[{"href":"https:\/\/quicosenza.it\/news\/wp-json\/wp\/v2\/media?parent=294202"}],"wp:term":[{"taxonomy":"category","embeddable":true,"href":"https:\/\/quicosenza.it\/news\/wp-json\/wp\/v2\/categories?post=294202"},{"taxonomy":"post_tag","embeddable":true,"href":"https:\/\/quicosenza.it\/news\/wp-json\/wp\/v2\/tags?post=294202"}],"curies":[{"name":"wp","href":"https:\/\/api.w.org\/{rel}","templated":true}]}}