{"id":294209,"date":"2026-05-31T15:34:01","date_gmt":"2026-05-31T13:34:01","guid":{"rendered":"https:\/\/quicosenza.it\/news\/?p=294209"},"modified":"2026-06-01T07:05:06","modified_gmt":"2026-06-01T05:05:06","slug":"cosenza-inauguraz-giardini-giorgia-gallo","status":"publish","type":"post","link":"https:\/\/quicosenza.it\/news\/cosenza-inauguraz-giardini-giorgia-gallo\/","title":{"rendered":"Cosenza: inaugurazione dei &#8220;Giardini Giorgia Gallo&#8221;, un luogo di memoria e speranza"},"content":{"rendered":"<p>COSENZA &#8211; Domano, luned\u00ec 1\u00b0 giugno 2026, la citt\u00e0 celebrer\u00e0 l&#8217;attesa inaugurazione dei &#8220;<strong>Giardini Giorgia Gallo&#8221; a Cosenza<\/strong>.\u00a0Un momento di profonda commozione, ma anche un messaggio di straordinaria forza civile e umana per tutta la comunit\u00e0 bruzia. La cerimonia ufficiale di i<strong>ntitolazione dell&#8217;area verde \u00e8 fissata per le ore 18:30<\/strong> presso la suggestiva <strong><a href=\"https:\/\/www.comune.cosenza.it\/en\/novita\/page\/giovedi-21-maggio-cerimonia-di-intitolazione-all-ing-pietro-tarsia-della-scalinata-di-via-calabria\" target=\"_blank\" rel=\"noopener\">Scalinata Tarsia<\/a>,<\/strong> situata in <strong>Via Calabria.<\/strong> Con questo gesto dal forte valore simbolico, l&#8217;amministrazione comunale intende rendere un omaggio solenne alla memoria di una <strong>giovane donna che ha affrontato a viso aperto e con immensa dignit\u00e0 la sua personale e difficile battaglia contro la fibrosi cistica<\/strong>.<\/p>\n<p>&nbsp;<\/p>\n<h3>Via Calabria: il luogo del cuore per la giovane cosentina<\/h3>\n<p>L&#8217;amministrazione comunale ha scelto accuratamente la location da dedicare alla memoria di Giorgia. Si tratta di <strong>uno spazio urbano<\/strong> che la ventunenne aveva particolarmente amato e frequentato durante gli anni della scuola e della sua giovinezza.<strong> L&#8217;area di Via Calabria, con i suoi storiche panchine e i suoi vitali spazi di incontro,<\/strong> aggregazione e socializzazione, rappresenta infatti uno dei luoghi simbolo che pi\u00f9 in assoluto hanno accompagnato il suo cammino di vita all&#8217;interno del contesto cittadino. Da oggi, quel ricordo visivo e affettivo diventer\u00e0 permanente grazie alla <strong>nuova denominazione dell&#8217;area verde<\/strong>.<\/p>\n<p>&#8220;<em>Con questa intitolazione &#8211;<\/em> afferma il sindaco Franz Caruso &#8211; <em>la citt\u00e0 di Cosenza conserva e tramanda il ricordo di una giovane donna che ha saputo insegnare il valore della speranza, della tenacia e dell&#8217;amore per la vita. <strong>I Giardini Giorgia Gallo saranno un luogo della memoria<\/strong>, ma anche un messaggio rivolto alle nuove generazioni: affrontare le difficolt\u00e0 con coraggio e non rinunciare mai ai propri sogni<\/em>&#8220;.<\/p>\n<h3>I Giardini Giorgia Gallo a 10 anni dalla sua morte<\/h3>\n<p>La data scelta per la cerimonia riveste un significato profondamente toccante:<strong> Giorgia si spense proprio il 1\u00b0 giugno del 2016 all&#8217;et\u00e0 di soli 21 anni<\/strong>. Il suo lungo e faticoso percorso, segnato dai limiti della malattia, \u00e8 stato per\u00f2 un esempio luminoso per quanti l&#8217;hanno conosciuta, vissuto costantemente all&#8217;insegna del coraggio, della determinazione e di una inesauribile ed energica voglia di vivere.<\/p>\n<p>L&#8217;inaugurazione a Via Calabria Cosenza non sar\u00e0 un semplice atto formale, bens\u00ec <strong>un momento di condivisione allargato che punta a unire il tessuto sociale cittadino<\/strong>. Alla cerimonia di intitolazione del parco prenderanno parte in prima fila i familiari pi\u00f9 stretti di Giorgia, uniti alle massime autorit\u00e0 cittadine e istituzionali. Sar\u00e0 inoltre significativa la presenza dei <strong>rappresentanti del mondo associativo e del comparto sanitario locale<\/strong>, da sempre in prima linea nel supporto ai malati, oltre a una fitta rete di amici, compagni di scuola e conoscenti che hanno condiviso con lei momenti significativi della sua vita.<\/p>\n","protected":false},"excerpt":{"rendered":"<p>La citt\u00e0 render\u00e0 omaggio alla giovane cosentina simbolo di coraggio nella battaglia contro la fibrosi cistica. L&#8217;intitolazione dell&#8217;area verde si terr\u00e0 alla Scalinata Tarsia, in Via Calabria, alla presenza del sindaco Franz Caruso<\/p>\n","protected":false},"author":55,"featured_media":294210,"comment_status":"closed","ping_status":"closed","sticky":false,"template":"","format":"standard","meta":{"_acf_changed":false,"footnotes":"","jetpack_publicize_message":"","jetpack_publicize_feature_enabled":true,"jetpack_social_post_already_shared":true,"jetpack_social_options":{"image_generator_settings":{"template":"highway","default_image_id":0,"font":"","enabled":false},"version":2}},"categories":[563,42],"tags":[],"class_list":["post-294209","post","type-post","status-publish","format-standard","has-post-thumbnail","hentry","category-area-urbana","category-cosenza"],"acf":[],"jetpack_publicize_connections":[],"_links":{"self":[{"href":"https:\/\/quicosenza.it\/news\/wp-json\/wp\/v2\/posts\/294209","targetHints":{"allow":["GET"]}}],"collection":[{"href":"https:\/\/quicosenza.it\/news\/wp-json\/wp\/v2\/posts"}],"about":[{"href":"https:\/\/quicosenza.it\/news\/wp-json\/wp\/v2\/types\/post"}],"author":[{"embeddable":true,"href":"https:\/\/quicosenza.it\/news\/wp-json\/wp\/v2\/users\/55"}],"replies":[{"embeddable":true,"href":"https:\/\/quicosenza.it\/news\/wp-json\/wp\/v2\/comments?post=294209"}],"version-history":[{"count":0,"href":"https:\/\/quicosenza.it\/news\/wp-json\/wp\/v2\/posts\/294209\/revisions"}],"wp:featuredmedia":[{"embeddable":true,"href":"https:\/\/quicosenza.it\/news\/wp-json\/wp\/v2\/media\/294210"}],"wp:attachment":[{"href":"https:\/\/quicosenza.it\/news\/wp-json\/wp\/v2\/media?parent=294209"}],"wp:term":[{"taxonomy":"category","embeddable":true,"href":"https:\/\/quicosenza.it\/news\/wp-json\/wp\/v2\/categories?post=294209"},{"taxonomy":"post_tag","embeddable":true,"href":"https:\/\/quicosenza.it\/news\/wp-json\/wp\/v2\/tags?post=294209"}],"curies":[{"name":"wp","href":"https:\/\/api.w.org\/{rel}","templated":true}]}}