{"id":294215,"date":"2026-06-01T07:27:20","date_gmt":"2026-06-01T05:27:20","guid":{"rendered":"https:\/\/quicosenza.it\/news\/?p=294215"},"modified":"2026-06-01T14:44:18","modified_gmt":"2026-06-01T12:44:18","slug":"incidente-via-popilia-cosenza-auto-si-ribalta","status":"publish","type":"post","link":"https:\/\/quicosenza.it\/news\/incidente-via-popilia-cosenza-auto-si-ribalta\/","title":{"rendered":"Violento incidente nella notte su via Popilia a Cosenza: auto si ribalta"},"content":{"rendered":"<p>COSENZA &#8211; Violento incidente questa notte su via <a href=\"https:\/\/quicosenza.it\/news\/cosenza-videosorveglianza-su-via-popilia\/\">Popilia<\/a> <strong>a Cosenza<\/strong>, a seguito del quale un&#8217;autovettura si \u00e8 ribaltata sulla carreggiata ed un giovane \u00e8 rimasto ferito anche se non in modo grave. L&#8217;impatto \u00e8 avvenuto intorno alla mezzanotte, davanti l&#8217;ingresso <strong>dell&#8217;Istituto d&#8217;Istruzione Superiore &#8220;Pezzullo<\/strong>&#8220;, richiamando l&#8217;attenzione dei residenti della zona. Da quanto appreso una Renault Captur <strong>avrebbe perso il controllo<\/strong> finendo per <strong>scontrarsi con un&#8217;altra vettura parcheggiata davanti un tabacchino<\/strong>: <strong>una Lancia Ypsilon <\/strong>con il proprietario che era appena sceso dall&#8217;auto per andare a compare le sigarette al distributore automatico.<\/p>\n\n\t\t<style>\n\t\t\t#gallery-1 {\n\t\t\t\tmargin: auto;\n\t\t\t}\n\t\t\t#gallery-1 .gallery-item {\n\t\t\t\tfloat: left;\n\t\t\t\tmargin-top: 10px;\n\t\t\t\ttext-align: center;\n\t\t\t\twidth: 50%;\n\t\t\t}\n\t\t\t#gallery-1 img {\n\t\t\t\tborder: 2px solid #cfcfcf;\n\t\t\t}\n\t\t\t#gallery-1 .gallery-caption {\n\t\t\t\tmargin-left: 0;\n\t\t\t}\n\t\t\t\/* see gallery_shortcode() in wp-includes\/media.php *\/\n\t\t<\/style>\n\t\t<div id='gallery-1' class='gallery galleryid-294215 gallery-columns-2 gallery-size-medium'><dl class='gallery-item'>\n\t\t\t<dt class='gallery-icon landscape'>\n\t\t\t\t<a href='https:\/\/quicosenza.it\/news\/incidente-via-popilia-cosenza-auto-si-ribalta\/auto-ribaltata-via-popilia\/'><img loading=\"lazy\" decoding=\"async\" width=\"300\" height=\"197\" src=\"https:\/\/quicosenza.it\/news\/wp-content\/uploads\/2026\/06\/Auto-ribaltata-via-Popilia-300x197.jpg\" class=\"attachment-medium size-medium\" alt=\"Auto ribaltata via Popilia incidente\" srcset=\"https:\/\/quicosenza.it\/news\/wp-content\/uploads\/2026\/06\/Auto-ribaltata-via-Popilia-300x197.jpg 300w, https:\/\/quicosenza.it\/news\/wp-content\/uploads\/2026\/06\/Auto-ribaltata-via-Popilia-768x505.jpg 768w, https:\/\/quicosenza.it\/news\/wp-content\/uploads\/2026\/06\/Auto-ribaltata-via-Popilia.jpg 970w\" sizes=\"auto, (max-width: 300px) 100vw, 300px\" title=\"\"><\/a>\n\t\t\t<\/dt><\/dl><dl class='gallery-item'>\n\t\t\t<dt class='gallery-icon landscape'>\n\t\t\t\t<a href='https:\/\/quicosenza.it\/news\/incidente-via-popilia-cosenza-auto-si-ribalta\/incidente-via-popilia-cosenza-pezzullo-02\/'><img loading=\"lazy\" decoding=\"async\" width=\"300\" height=\"186\" src=\"https:\/\/quicosenza.it\/news\/wp-content\/uploads\/2026\/06\/incidente-via-popilia-cosenza-pezzullo-02-300x186.jpg\" class=\"attachment-medium size-medium\" alt=\"incidente via popilia cosenza pezzullo 02\" srcset=\"https:\/\/quicosenza.it\/news\/wp-content\/uploads\/2026\/06\/incidente-via-popilia-cosenza-pezzullo-02-300x186.jpg 300w, https:\/\/quicosenza.it\/news\/wp-content\/uploads\/2026\/06\/incidente-via-popilia-cosenza-pezzullo-02-768x475.jpg 768w, https:\/\/quicosenza.it\/news\/wp-content\/uploads\/2026\/06\/incidente-via-popilia-cosenza-pezzullo-02.jpg 970w\" sizes=\"auto, (max-width: 300px) 100vw, 300px\" title=\"\"><\/a>\n\t\t\t<\/dt><\/dl><br style=\"clear: both\" \/>\n\t\t<\/div>\n\n<h3>Incidente su via Popilia, i soccorsi<\/h3>\n<p>Sul luogo del sinistro sono intervenuti tempestivamente i vigili del fuoco, <strong>impegnati anche nelle operazioni di messa in sicurezza del veicolo e dell&#8217;area interessata dall&#8217;incidente<\/strong>. Presenti anche le forze dell&#8217;ordine, che hanno effettuato i rilievi necessari per ricostruire l&#8217;esatta dinamica dell&#8217;accaduto e accertare eventuali responsabilit\u00e0.<strong> Sul posto anche i sanitari del 118 per prestare le prime cure al giovane<\/strong> che \u00e8 stato portato in ospedale per tutti gli accertamenti mentre il conducente della Lancia \u00e8 rimasto illeso.<\/p>\n<p>&nbsp;<\/p>\n<p>&nbsp;<\/p>\n","protected":false},"excerpt":{"rendered":"<p>L&#8217;incidente intorno a mezzanotte in via Popilia, nei pressi dell&#8217;istituto superiore Pezzullo. Sul posto vigili del fuoco, forze dell&#8217;ordine e sanitari del 118 per i soccorsi<\/p>\n","protected":false},"author":42,"featured_media":294216,"comment_status":"closed","ping_status":"closed","sticky":false,"template":"","format":"standard","meta":{"_acf_changed":false,"footnotes":"","jetpack_publicize_message":"","jetpack_publicize_feature_enabled":true,"jetpack_social_post_already_shared":true,"jetpack_social_options":{"image_generator_settings":{"template":"highway","default_image_id":0,"font":"","enabled":false},"version":2}},"categories":[563,42],"tags":[],"class_list":["post-294215","post","type-post","status-publish","format-standard","has-post-thumbnail","hentry","category-area-urbana","category-cosenza"],"acf":[],"jetpack_publicize_connections":[],"_links":{"self":[{"href":"https:\/\/quicosenza.it\/news\/wp-json\/wp\/v2\/posts\/294215","targetHints":{"allow":["GET"]}}],"collection":[{"href":"https:\/\/quicosenza.it\/news\/wp-json\/wp\/v2\/posts"}],"about":[{"href":"https:\/\/quicosenza.it\/news\/wp-json\/wp\/v2\/types\/post"}],"author":[{"embeddable":true,"href":"https:\/\/quicosenza.it\/news\/wp-json\/wp\/v2\/users\/42"}],"replies":[{"embeddable":true,"href":"https:\/\/quicosenza.it\/news\/wp-json\/wp\/v2\/comments?post=294215"}],"version-history":[{"count":0,"href":"https:\/\/quicosenza.it\/news\/wp-json\/wp\/v2\/posts\/294215\/revisions"}],"wp:featuredmedia":[{"embeddable":true,"href":"https:\/\/quicosenza.it\/news\/wp-json\/wp\/v2\/media\/294216"}],"wp:attachment":[{"href":"https:\/\/quicosenza.it\/news\/wp-json\/wp\/v2\/media?parent=294215"}],"wp:term":[{"taxonomy":"category","embeddable":true,"href":"https:\/\/quicosenza.it\/news\/wp-json\/wp\/v2\/categories?post=294215"},{"taxonomy":"post_tag","embeddable":true,"href":"https:\/\/quicosenza.it\/news\/wp-json\/wp\/v2\/tags?post=294215"}],"curies":[{"name":"wp","href":"https:\/\/api.w.org\/{rel}","templated":true}]}}