{"id":294533,"date":"2026-06-04T10:00:18","date_gmt":"2026-06-04T08:00:18","guid":{"rendered":"https:\/\/quicosenza.it\/news\/?p=294533"},"modified":"2026-06-04T10:26:14","modified_gmt":"2026-06-04T08:26:14","slug":"diamante-commissariato-di-polizia-a-cirella","status":"publish","type":"post","link":"https:\/\/quicosenza.it\/news\/diamante-commissariato-di-polizia-a-cirella\/","title":{"rendered":"Diamante ha un nuovo presidio di legalit\u00e0 e sicurezza. Aperto a Cirella il Commissariato di Polizia"},"content":{"rendered":"<p>DIAMANTE (CS) \u2013 Diamante e il territorio dell&#8217;alto Tirreno cosentino celebrano una <strong>conquista istituzionale<\/strong> senza precedenti in tema di <strong>legalit\u00e0 e tutela dei cittadini<\/strong>. Il 3 giugno 2026 ha segnato ufficialmente <strong>l&#8217;apertura del nuovo Commissariato di Pubblica Sicurezza a Cirella<\/strong>. Un presidio fondamentale che ridefinisce la geografia della sicurezza locale, offrendo risposte concrete alle esigenze della comunit\u00e0 e dei soggetti pi\u00f9 vulnerabili.<\/p>\n<p>L&#8217;inaugurazione della <strong>nuova struttura della Polizia di Stato<\/strong> rappresenta l&#8217;esito di un percorso sinergico e ambizioso, volto a rafforzare la presenza dello Stato in un&#8217;area strategica della provincia di Cosenza. Alla cerimonia di apertura ha preso parte il <strong>primo cittadino di Diamante<\/strong> Achille Ordine, che ha espresso la <strong>profonda commozione e l&#8217;orgoglio dell&#8217;intera amministrazione comunale e della cittadinanza<\/strong> per il raggiungimento di questo straordinario obiettivo.<\/p>\n<h3>Il Sindaco di Diamante Ordine: \u00abUna data significativa per la nostra storia\u00bb<\/h3>\n<p>il Sindaco di Diamante ha voluto portare il proprio personale saluto e quello di tutta la comunit\u00e0, sottolineando la portata storica dell&#8217;evento per l&#8217;intero comprensorio.\u00a0\u00a0\u00ab<em>Il 3 giugno 2026 rester\u00e0 una data significativa nella storia della nostra comunit\u00e0<\/em> \u2013 ha dichiarato il sindaco. <em>Abbiamo vissuto un momento che parla di <strong>presenza, vicinanza e fiducia nelle istituzioni<\/strong>: l\u2019apertura del nuovo Commissariato di Pubblica Sicurezza di Cirella. \u00c8 stato per me <strong>motivo di profonda emozione e autentico orgoglio<\/strong>, su gradito invito del Sig. Questore di Cosenza, Dott. Antonio Borelli, portare il mio personale saluto e quello dell\u2019intera Citt\u00e0 di Diamante in un momento che rappresenta una conquista significativa per tutto l\u2019Alto Tirreno cosentino<\/em>\u00bb.<\/p>\n<p><img loading=\"lazy\" decoding=\"async\" class=\"wp-image-294540 aligncenter\" src=\"https:\/\/quicosenza.it\/news\/wp-content\/uploads\/2026\/06\/Diamante-Commissariato-Polizia.jpg\" alt=\"Diamante Commissariato Polizia\" width=\"635\" height=\"422\" title=\"\" srcset=\"https:\/\/quicosenza.it\/news\/wp-content\/uploads\/2026\/06\/Diamante-Commissariato-Polizia.jpg 970w, https:\/\/quicosenza.it\/news\/wp-content\/uploads\/2026\/06\/Diamante-Commissariato-Polizia-300x199.jpg 300w, https:\/\/quicosenza.it\/news\/wp-content\/uploads\/2026\/06\/Diamante-Commissariato-Polizia-768x511.jpg 768w\" sizes=\"auto, (max-width: 635px) 100vw, 635px\" \/><\/p>\n<p>Il primo cittadino ha espresso<strong> sentimenti di profonda e sincera gratitudine verso i vertici della <\/strong><a href=\"https:\/\/questure.poliziadistato.it\/it\/Cosenza\" target=\"_blank\" rel=\"noopener\">Questura di Cosenza<\/a>, in particolare al Questore Dott. Antonio Borelli e al Vicario Dott. Ferruccio Martucci. Entrambi hanno presenziato all&#8217;evento per rivolgere di persona i pi\u00f9 vivi auguri alle<strong> donne e agli uomini della Polizia di Stato<\/strong> che, da questa data, presteranno servizio nei moderni uffici della sede di Cirella. Un ringraziamento speciale \u00e8 stato tributato agli agenti per il lavoro svolto quotidianamente con eccezionale professionalit\u00e0, dedizione e spirito di sacrificio a tutela del bene collettivo.<\/p>\n<h3>Sinergia istituzionale: un percorso ambizioso diventato realt\u00e0<\/h3>\n<p>L&#8217;apertura del Commissariato di Polizia a Cirella non \u00e8 un traguardo isolato, bens\u00ec il coronamento di un iter lungo e complesso. Come evidenziato dalle autorit\u00e0 presenti, l<strong>a struttura \u00e8 il frutto maturo di una straordinaria e persistente collaborazione tra diversi livelli istituzionali<\/strong>, fondata su principi di determinazione, perseveranza e senso di responsabilit\u00e0.\u00a0\u00ab<em>Quello che celebriamo oggi \u00e8 <strong>il risultato di un percorso lungo e impegnativo, costruito con determinazione, perseveranza e una preziosa collaborazione istituzionale<\/strong>. Un traguardo reso possibile grazie alla sinergia con il Ministero dell\u2019Interno, la Polizia di Stato, la Prefettura, la Questura e con tutti coloro i quali, con impegno e senso di responsabilit\u00e0, hanno contribuito a trasformare questo obiettivo in realt\u00e0<\/em>\u00bb.<\/p>\n<p><img loading=\"lazy\" decoding=\"async\" class=\"wp-image-294539 aligncenter\" src=\"https:\/\/quicosenza.it\/news\/wp-content\/uploads\/2026\/06\/Cirella-Commissariato_013.jpg\" alt=\"\" width=\"689\" height=\"452\" title=\"\" srcset=\"https:\/\/quicosenza.it\/news\/wp-content\/uploads\/2026\/06\/Cirella-Commissariato_013.jpg 970w, https:\/\/quicosenza.it\/news\/wp-content\/uploads\/2026\/06\/Cirella-Commissariato_013-300x197.jpg 300w, https:\/\/quicosenza.it\/news\/wp-content\/uploads\/2026\/06\/Cirella-Commissariato_013-768x504.jpg 768w\" sizes=\"auto, (max-width: 689px) 100vw, 689px\" \/><\/p>\n<h3>Vicinanza, ascolto e tutela dei pi\u00f9 fragili<\/h3>\n<p>Al di l\u00e0 della strategica importanza logistica ed operativa per il controllo del territorio, il<a href=\"https:\/\/quicosenza.it\/news\/commissariato-di-polizia-diamante-56-operatori\/\" target=\"_blank\" rel=\"noopener\"> nuovo Commissariato<\/a> assume un <strong>profondo valore sociale ed etico<\/strong>. La presenza fisica e tangibile della Polizia di Stato a Cirella si propone come un <strong>faro di ascolto e prevenzione, abbattendo le distanze percepite tra cittadini e istituzioni governative<\/strong>. Il territorio si scopre cos\u00ec pi\u00f9 forte, pi\u00f9 sicuro e pienamente consapevole di possedere un nuovo e solido punto di riferimento per la legalit\u00e0.<\/p>\n<p><em>\u00abL\u2019apertura di questo Commissariato va ben oltre la realizzazione di un nuovo presidio di sicurezza. Rappresenta <strong>un segnale concreto di attenzione verso i cittadini, un luogo in cui ascolto, prevenzione, tutela e vicinanza diventano valori quotidiani<\/strong>, soprattutto per chi vive situazioni di maggiore fragilit\u00e0 e ha bisogno di sentirsi protetto e sostenuto. \u00c8 la presenza tangibile di uno Stato che non resta distante, ma che sceglie di essere vicino alle persone, di accompagnarne i bisogni e di offrire risposte concrete alle esigenze delle comunit\u00e0<\/em>\u00bb.<\/p>\n<h3>La guida della struttura affidata al Commissario Capo Dott. Antonio Sapio<\/h3>\n<p>La responsabilit\u00e0 del comando del nuovo avamposto di legalit\u00e0 nell&#8217;Alto Tirreno cosentino \u00e8 stata affidata al Commissario Capo, <strong>Dott. Antonio Sapio<\/strong>. Al nuovo Dirigente della struttura sono stati rivolti i pi\u00f9 fervidi e sinceri auguri di buon lavoro da parte delle istituzioni locali e della cittadinanza, manifestando la massima certezza nella sua capacit\u00e0 di guidare il presidio unendo competenza tecnica, equilibrio operativo, profonda umanit\u00e0 e un altissimo senso dello Stato.<\/p>\n<p><img loading=\"lazy\" decoding=\"async\" class=\"wp-image-294538 aligncenter\" src=\"https:\/\/quicosenza.it\/news\/wp-content\/uploads\/2026\/06\/Cirella-Commissariato_01.jpg\" alt=\"Cirella Commissariato_01\" width=\"654\" height=\"491\" title=\"\" srcset=\"https:\/\/quicosenza.it\/news\/wp-content\/uploads\/2026\/06\/Cirella-Commissariato_01.jpg 1600w, https:\/\/quicosenza.it\/news\/wp-content\/uploads\/2026\/06\/Cirella-Commissariato_01-300x225.jpg 300w, https:\/\/quicosenza.it\/news\/wp-content\/uploads\/2026\/06\/Cirella-Commissariato_01-1024x768.jpg 1024w, https:\/\/quicosenza.it\/news\/wp-content\/uploads\/2026\/06\/Cirella-Commissariato_01-768x576.jpg 768w, https:\/\/quicosenza.it\/news\/wp-content\/uploads\/2026\/06\/Cirella-Commissariato_01-1536x1152.jpg 1536w\" sizes=\"auto, (max-width: 654px) 100vw, 654px\" \/><\/p>\n<p>La giornata inaugurale si \u00e8 chiusa con lo sguardo fermamente rivolto al futuro, consolidando un <strong>patto di solidariet\u00e0 e fiducia reciproca tra il tessuto sociale e le forze dell&#8217;ordine<\/strong>. Una sinergia indispensabile per garantire che nessuna persona venga lasciata indietro e che la legalit\u00e0 rimanga il pilastro indiscusso della comunit\u00e0.<\/p>\n<p>\u00ab<em>Da oggi il nostro territorio \u00e8 pi\u00f9 forte. \u00c8 pi\u00f9 sicuro \u2013 <\/em>ha concluso il Sindaco<em>. Ma soprattutto \u00e8 pi\u00f9 consapevole di poter contare su un <strong>punto di riferimento importante<\/strong>, capace di rafforzare quel sentimento di fiducia che rappresenta il fondamento di ogni comunit\u00e0 coesa e solidale. Perch\u00e9 la sicurezza non \u00e8 soltanto controllo del territorio. <strong>La sicurezza \u00e8 la serenit\u00e0 di una famiglia, la fiducia di un cittadino, la tutela dei pi\u00f9 fragili<\/strong>. \u00c8 sapere che lo Stato c\u2019\u00e8, ascolta, protegge e cammina accanto alla propria comunit\u00e0. \u00c8 sentirsi parte di una comunit\u00e0 che non lascia indietro nessuno<\/em>\u00bb.<\/p>\n","protected":false},"excerpt":{"rendered":"<p>Una svolta storica per la tutela dei cittadini e la legalit\u00e0. Il Sindaco di Diamante Ordine: \u00abIl 3 giugno 2026 rester\u00e0 una data significativa. Lo Stato sceglie di essere vicino alle persone\u00bb<\/p>\n","protected":false},"author":55,"featured_media":294535,"comment_status":"closed","ping_status":"closed","sticky":false,"template":"","format":"standard","meta":{"_acf_changed":false,"footnotes":"","jetpack_publicize_message":"","jetpack_publicize_feature_enabled":true,"jetpack_social_post_already_shared":true,"jetpack_social_options":{"image_generator_settings":{"template":"highway","default_image_id":0,"font":"","enabled":false},"version":2}},"categories":[576],"tags":[],"class_list":["post-294533","post","type-post","status-publish","format-standard","has-post-thumbnail","hentry","category-tirreno"],"acf":[],"jetpack_publicize_connections":[],"_links":{"self":[{"href":"https:\/\/quicosenza.it\/news\/wp-json\/wp\/v2\/posts\/294533","targetHints":{"allow":["GET"]}}],"collection":[{"href":"https:\/\/quicosenza.it\/news\/wp-json\/wp\/v2\/posts"}],"about":[{"href":"https:\/\/quicosenza.it\/news\/wp-json\/wp\/v2\/types\/post"}],"author":[{"embeddable":true,"href":"https:\/\/quicosenza.it\/news\/wp-json\/wp\/v2\/users\/55"}],"replies":[{"embeddable":true,"href":"https:\/\/quicosenza.it\/news\/wp-json\/wp\/v2\/comments?post=294533"}],"version-history":[{"count":0,"href":"https:\/\/quicosenza.it\/news\/wp-json\/wp\/v2\/posts\/294533\/revisions"}],"wp:featuredmedia":[{"embeddable":true,"href":"https:\/\/quicosenza.it\/news\/wp-json\/wp\/v2\/media\/294535"}],"wp:attachment":[{"href":"https:\/\/quicosenza.it\/news\/wp-json\/wp\/v2\/media?parent=294533"}],"wp:term":[{"taxonomy":"category","embeddable":true,"href":"https:\/\/quicosenza.it\/news\/wp-json\/wp\/v2\/categories?post=294533"},{"taxonomy":"post_tag","embeddable":true,"href":"https:\/\/quicosenza.it\/news\/wp-json\/wp\/v2\/tags?post=294533"}],"curies":[{"name":"wp","href":"https:\/\/api.w.org\/{rel}","templated":true}]}}