{"id":302017,"date":"2026-08-31T08:58:21","date_gmt":"2026-08-31T06:58:21","guid":{"rendered":"https:\/\/quicosenza.it\/news\/?p=302017"},"modified":"2026-08-31T08:58:56","modified_gmt":"2026-08-31T06:58:56","slug":"banda-musicale-citta-casali-manco-cinema","status":"publish","type":"post","link":"https:\/\/quicosenza.it\/news\/banda-musicale-citta-casali-manco-cinema\/","title":{"rendered":"La Banda Musicale &#8220;Citt\u00e0 di Casali del Manco&#8221; incanta con le colonne sonore del cinema"},"content":{"rendered":"<p>CASALI DEL MANCO (CS) &#8211; Una giornata all\u2019insegna della cultura e della musica dal vivo per la Banda Musicale Citt\u00e0 di Casali del Manco, protagonista dell\u2019appuntamento di \u201c<a href=\"https:\/\/csvcosenza.it\/arena-casali-il-cinema-in-paese\/\" rel=\"noopener\"><strong>Arena Casali &#8211; Il cinema in paese<\/strong><\/a>\u201d, promosso dall\u2019associazione I <strong>Cinefamelici<\/strong>. L\u2019evento, lo scorso 28 agosto, si \u00e8 aperto nell\u2019area talk con l\u2019intervento del Maestro Direttore <strong>Pietro Rizzo<\/strong>, che ha ripercorso l\u2019evoluzione delle formazioni bandistiche e sottolineato il loro valore sociale e formativo, soprattutto per le nuove generazioni.<\/p>\n<p><img loading=\"lazy\" decoding=\"async\" class=\"aligncenter wp-image-302018\" src=\"https:\/\/quicosenza.it\/news\/wp-content\/uploads\/2026\/08\/banda-casali-manco-maestro-rizzo-01.jpg\" alt=\"banda casali manco maestro rizzo 01\" width=\"597\" height=\"369\" title=\"\" srcset=\"https:\/\/quicosenza.it\/news\/wp-content\/uploads\/2026\/08\/banda-casali-manco-maestro-rizzo-01.jpg 970w, https:\/\/quicosenza.it\/news\/wp-content\/uploads\/2026\/08\/banda-casali-manco-maestro-rizzo-01-300x186.jpg 300w, https:\/\/quicosenza.it\/news\/wp-content\/uploads\/2026\/08\/banda-casali-manco-maestro-rizzo-01-768x475.jpg 768w\" sizes=\"auto, (max-width: 597px) 100vw, 597px\" \/><\/p>\n<p>A portare la propria testimonianza anche tre giovani componenti della banda: la trombettista Loredana Aquila, il percussionista Francesco De Luca e la clarinettista Francesca Rizzo. Durante l\u2019incontro si \u00e8 discusso anche delle difficolt\u00e0 e della precariet\u00e0 che interessano oggi il mondo delle bande, evidenziando la necessit\u00e0 di tutelare questo patrimonio culturale.<\/p>\n<h3>Dalla sfilata al concerto della Banda Musicale Citt\u00e0 di Casali del Manco<\/h3>\n<p>Al termine del dibattito, la musica ha attraversato le vie del centro storico con la tradizionale sfilata guidata dal Capobanda M\u00b0 Gianmarco Scrivano, fino a Piazza Santa Marina, accompagnata dalle caratteristiche marce sinfoniche del repertorio bandistico meridionale. Alle 21:30 il momento pi\u00f9 atteso nella Chiesa di Santa Marina, gremita di pubblico.<img loading=\"lazy\" decoding=\"async\" class=\"aligncenter wp-image-302020\" src=\"https:\/\/quicosenza.it\/news\/wp-content\/uploads\/2026\/08\/banda-casali-manco-maestro-rizzo-03.jpg\" alt=\"banda casali manco maestro rizzo 03\" width=\"554\" height=\"311\" title=\"\" srcset=\"https:\/\/quicosenza.it\/news\/wp-content\/uploads\/2026\/08\/banda-casali-manco-maestro-rizzo-03.jpg 970w, https:\/\/quicosenza.it\/news\/wp-content\/uploads\/2026\/08\/banda-casali-manco-maestro-rizzo-03-300x169.jpg 300w, https:\/\/quicosenza.it\/news\/wp-content\/uploads\/2026\/08\/banda-casali-manco-maestro-rizzo-03-768x432.jpg 768w\" sizes=\"auto, (max-width: 554px) 100vw, 554px\" \/><\/p>\n<p>Sotto la direzione del M\u00b0 Pietro Rizzo, la banda ha proposto un <strong>viaggio attraverso alcune delle pi\u00f9 celebri colonne sonore del cinema<\/strong> mondiale, partendo dalla Marcia Inglesina e dal Bol\u00e9ro di Maurice Ravel. Sul palco si sono alternati i solisti Simone Napolitano, Mario Zicarelli, M\u00b0 Lina Arabia, Aurelio Marotta, M\u00b0 Paola Iazzolino, M\u00b0 Gianmarco Scrivano, Simone Cava e M\u00b0 Daniela D&#8217;Ambrosio.<\/p>\n<p><img loading=\"lazy\" decoding=\"async\" class=\"aligncenter wp-image-302021\" src=\"https:\/\/quicosenza.it\/news\/wp-content\/uploads\/2026\/08\/banda-casali-manco-maestro-rizzo-04.jpg\" alt=\"banda casali manco maestro rizzo 04\" width=\"566\" height=\"350\" title=\"\" srcset=\"https:\/\/quicosenza.it\/news\/wp-content\/uploads\/2026\/08\/banda-casali-manco-maestro-rizzo-04.jpg 970w, https:\/\/quicosenza.it\/news\/wp-content\/uploads\/2026\/08\/banda-casali-manco-maestro-rizzo-04-300x186.jpg 300w, https:\/\/quicosenza.it\/news\/wp-content\/uploads\/2026\/08\/banda-casali-manco-maestro-rizzo-04-768x475.jpg 768w\" sizes=\"auto, (max-width: 566px) 100vw, 566px\" \/><\/p>\n<p>A margine dell\u2019esibizione, il <strong>presidente Ing. Aurelio Marotta<\/strong> ha ringraziato il pubblico e tutti i componenti del complesso bandistico per la dedizione e la seriet\u00e0 dimostrate nell\u2019affrontare un programma di notevole difficolt\u00e0 tecnica. Fondamentale anche il lavoro dietro le quinte di Francesco Iazzolino, Giuseppe Nicoletti, Biagio Aquila e Alessandro La Torre.<\/p>\n<p><strong>La serata si \u00e8 conclusa tra applausi e ovazioni<\/strong>, con il pubblico che ha manifestato entusiasmo e affetto per una realt\u00e0 artistica capace di rinnovarsi, unire generazioni e rappresentare un importante patrimonio culturale per la comunit\u00e0 di <strong>Casali del Manco<\/strong>.<\/p>\n","protected":false},"excerpt":{"rendered":"<p>Una serata tra cultura, tradizione e grande musica nella gremita Chiesa di Santa Marina. La Banda Musicale Citt\u00e0 di Casali del Manco ha regalato al pubblico un viaggio nelle pi\u00f9 celebri colonne sonore <\/p>\n","protected":false},"author":42,"featured_media":302019,"comment_status":"closed","ping_status":"closed","sticky":false,"template":"","format":"standard","meta":{"_acf_changed":false,"footnotes":"","jetpack_publicize_message":"","jetpack_publicize_feature_enabled":true,"jetpack_social_post_already_shared":true,"jetpack_social_options":{"image_generator_settings":{"template":"highway","default_image_id":0,"font":"","enabled":false},"version":2}},"categories":[28],"tags":[],"class_list":["post-302017","post","type-post","status-publish","format-standard","has-post-thumbnail","hentry","category-provincia"],"acf":[],"jetpack_publicize_connections":[],"_links":{"self":[{"href":"https:\/\/quicosenza.it\/news\/wp-json\/wp\/v2\/posts\/302017","targetHints":{"allow":["GET"]}}],"collection":[{"href":"https:\/\/quicosenza.it\/news\/wp-json\/wp\/v2\/posts"}],"about":[{"href":"https:\/\/quicosenza.it\/news\/wp-json\/wp\/v2\/types\/post"}],"author":[{"embeddable":true,"href":"https:\/\/quicosenza.it\/news\/wp-json\/wp\/v2\/users\/42"}],"replies":[{"embeddable":true,"href":"https:\/\/quicosenza.it\/news\/wp-json\/wp\/v2\/comments?post=302017"}],"version-history":[{"count":0,"href":"https:\/\/quicosenza.it\/news\/wp-json\/wp\/v2\/posts\/302017\/revisions"}],"wp:featuredmedia":[{"embeddable":true,"href":"https:\/\/quicosenza.it\/news\/wp-json\/wp\/v2\/media\/302019"}],"wp:attachment":[{"href":"https:\/\/quicosenza.it\/news\/wp-json\/wp\/v2\/media?parent=302017"}],"wp:term":[{"taxonomy":"category","embeddable":true,"href":"https:\/\/quicosenza.it\/news\/wp-json\/wp\/v2\/categories?post=302017"},{"taxonomy":"post_tag","embeddable":true,"href":"https:\/\/quicosenza.it\/news\/wp-json\/wp\/v2\/tags?post=302017"}],"curies":[{"name":"wp","href":"https:\/\/api.w.org\/{rel}","templated":true}]}}