{"id":302022,"date":"2026-08-31T09:16:30","date_gmt":"2026-08-31T07:16:30","guid":{"rendered":"https:\/\/quicosenza.it\/news\/?p=302022"},"modified":"2026-08-31T09:21:47","modified_gmt":"2026-08-31T07:21:47","slug":"scuole-caldo-fillea-cgil-strutture","status":"publish","type":"post","link":"https:\/\/quicosenza.it\/news\/scuole-caldo-fillea-cgil-strutture\/","title":{"rendered":"Scuole e caldo estremo, Fillea CGIL: \u00abadeguare le strutture e valutare il rinvio dell&#8217;inizio delle lezioni\u00bb"},"content":{"rendered":"<p>COSENZA &#8211; Di fronte alle temperature sempre pi\u00f9 elevate che stanno interessando la Calabria, la <a href=\"https:\/\/www.filleacgil.net\/\" rel=\"noopener\">Fillea CGIL Calabria<\/a> chiede di superare la logica delle emergenze e di avviare una stagione di interventi strutturali sul patrimonio scolastico regionale. \u201cNon bastano le emergenze: servono <strong>scuole sicure, efficienti, climatizzate e adeguate ai cambiamenti climatici<\/strong>\u201d, sostiene il segretario generale Simone Celebre.<\/p>\n<p>E qualora le condizioni climatiche rendessero incompatibile la permanenza nelle aule, secondo Celebre, <strong>\u201csi valuti senza esitazioni<\/strong> \u2013 sostiene Celebre &#8211; il <strong>rinvio dell&#8217;inizio delle lezioni,<\/strong> mettendo al primo posto la tutela della salute di bambini, ragazzi, docenti e personale scolastico. Non pu\u00f2 essere il calendario scolastico a venire prima della sicurezza delle persone\u201d.<\/p>\n<p><img loading=\"lazy\" decoding=\"async\" class=\"aligncenter wp-image-302026\" src=\"https:\/\/quicosenza.it\/news\/wp-content\/uploads\/2026\/08\/Fillea-Cgil-Calabria-scuole-caldo-Celebre.jpg\" alt=\"Fillea Cgil Calabria - scuole - caldo - Celebre\" width=\"559\" height=\"346\" title=\"\" srcset=\"https:\/\/quicosenza.it\/news\/wp-content\/uploads\/2026\/08\/Fillea-Cgil-Calabria-scuole-caldo-Celebre.jpg 970w, https:\/\/quicosenza.it\/news\/wp-content\/uploads\/2026\/08\/Fillea-Cgil-Calabria-scuole-caldo-Celebre-300x186.jpg 300w, https:\/\/quicosenza.it\/news\/wp-content\/uploads\/2026\/08\/Fillea-Cgil-Calabria-scuole-caldo-Celebre-768x475.jpg 768w\" sizes=\"auto, (max-width: 559px) 100vw, 559px\" \/><\/p>\n<h3>Caldo e scuole, un piano straordinario<\/h3>\n<p>Per il sindacato, per\u00f2, un eventuale rinvio rappresenterebbe soltanto una soluzione emergenziale. La richiesta \u00e8 quella di \u201cun grande Piano regionale per la riqualificazione delle <a href=\"https:\/\/quicosenza.it\/news\/calabria-estate-2026-record-caldo-temperature\/\">scuole<\/a>, con risorse e tempi certi, che coinvolga <strong>Regione, Comuni, Province e Citt\u00e0 Metropolitana<\/strong>\u201d. Il piano dovrebbe comprendere messa in sicurezza, efficientamento energetico, isolamento termico, sostituzione degli infissi, adeguamento degli <strong>impianti<\/strong>, <strong>climatizzazione e ventilazione<\/strong>, oltre a sistemi alimentati da fonti rinnovabili e alla riqualificazione degli spazi esterni con aree verdi e zone d\u2019ombra.<\/p>\n<p><img loading=\"lazy\" decoding=\"async\" class=\"aligncenter wp-image-302023\" src=\"https:\/\/quicosenza.it\/news\/wp-content\/uploads\/2026\/08\/caldo-scuole-01.jpg\" alt=\"caldo scuole 01\" width=\"588\" height=\"364\" title=\"\" srcset=\"https:\/\/quicosenza.it\/news\/wp-content\/uploads\/2026\/08\/caldo-scuole-01.jpg 970w, https:\/\/quicosenza.it\/news\/wp-content\/uploads\/2026\/08\/caldo-scuole-01-300x186.jpg 300w, https:\/\/quicosenza.it\/news\/wp-content\/uploads\/2026\/08\/caldo-scuole-01-768x475.jpg 768w\" sizes=\"auto, (max-width: 588px) 100vw, 588px\" \/><\/p>\n<p>\u201cDobbiamo smettere di pensare \u2013 continua il segretario generale della Fillea Cgil Calabria &#8211; alla scuola soltanto come a un luogo dove si fa lezione. La scuola \u00e8 un luogo di studio e contemporaneamente un luogo di lavoro, dove ogni giorno entrano migliaia di persone. Per questo deve rispettare tutti gli standard di sicurezza, salubrit\u00e0, efficienza e comfort necessari. La scuola deve essere il primo luogo sicuro\u201d.<\/p>\n<h3>Sicurezza e lavoro<\/h3>\n<p>Secondo Celebre, un grande programma di riqualificazione potrebbe diventare anche un volano economico e occupazionale per la Calabria, sostenendo il comparto delle costruzioni e dell\u2019impiantistica e valorizzando imprese e professionalit\u00e0 che operano nel rispetto delle regole. \u201cLa transizione energetica pu\u00f2 e deve diventare anche una grande occasione di lavoro di qualit\u00e0\u201d, sottolinea il segretario generale.<\/p>\n<p><img loading=\"lazy\" decoding=\"async\" class=\"aligncenter wp-image-302025\" src=\"https:\/\/quicosenza.it\/news\/wp-content\/uploads\/2026\/08\/caldo-scuole-03.jpg\" alt=\"caldo scuole 03\" width=\"577\" height=\"357\" title=\"\" srcset=\"https:\/\/quicosenza.it\/news\/wp-content\/uploads\/2026\/08\/caldo-scuole-03.jpg 970w, https:\/\/quicosenza.it\/news\/wp-content\/uploads\/2026\/08\/caldo-scuole-03-300x186.jpg 300w, https:\/\/quicosenza.it\/news\/wp-content\/uploads\/2026\/08\/caldo-scuole-03-768x475.jpg 768w\" sizes=\"auto, (max-width: 577px) 100vw, 577px\" \/><\/p>\n<p>La Fillea CGIL Calabria chiede quindi alla Regione di \u201cconvocare un tavolo con le organizzazioni sindacali e gli enti interessati per avviare la costruzione di un Piano straordinario regionale per la sicurezza, la riqualificazione e l&#8217;efficientamento energetico degli edifici scolastici\u201d. L\u2019obiettivo, conclude Celebre, \u00e8 avere scuole \u201csicure d&#8217;inverno e vivibili d&#8217;estate\u201d, senza attendere la prossima emergenza: \u201cProteggere i nostri ragazzi dagli effetti dei cambiamenti climatici non \u00e8 un&#8217;opzione. \u00c8 una responsabilit\u00e0 delle istituzioni. E noi chiediamo che questa responsabilit\u00e0 venga assunta adesso, prima che sia troppo tardi\u201d.<\/p>\n","protected":false},"excerpt":{"rendered":"<p>Il segretario generale Simone Celebre chiede interventi strutturali sulle scuole calabresi: \u201cnon si pu\u00f2 rischiare sulla pelle di studenti e lavoratori\u201d. Tra le priorit\u00e0 sicurezza, climatizzazione, efficientamento energetico e adeguamento ai cambiamenti climatici<\/p>\n","protected":false},"author":42,"featured_media":302024,"comment_status":"closed","ping_status":"closed","sticky":false,"template":"","format":"standard","meta":{"_acf_changed":false,"footnotes":"","jetpack_publicize_message":"","jetpack_publicize_feature_enabled":true,"jetpack_social_post_already_shared":true,"jetpack_social_options":{"image_generator_settings":{"template":"highway","default_image_id":0,"font":"","enabled":false},"version":2}},"categories":[17],"tags":[],"class_list":["post-302022","post","type-post","status-publish","format-standard","has-post-thumbnail","hentry","category-calabria"],"acf":[],"jetpack_publicize_connections":[],"_links":{"self":[{"href":"https:\/\/quicosenza.it\/news\/wp-json\/wp\/v2\/posts\/302022","targetHints":{"allow":["GET"]}}],"collection":[{"href":"https:\/\/quicosenza.it\/news\/wp-json\/wp\/v2\/posts"}],"about":[{"href":"https:\/\/quicosenza.it\/news\/wp-json\/wp\/v2\/types\/post"}],"author":[{"embeddable":true,"href":"https:\/\/quicosenza.it\/news\/wp-json\/wp\/v2\/users\/42"}],"replies":[{"embeddable":true,"href":"https:\/\/quicosenza.it\/news\/wp-json\/wp\/v2\/comments?post=302022"}],"version-history":[{"count":0,"href":"https:\/\/quicosenza.it\/news\/wp-json\/wp\/v2\/posts\/302022\/revisions"}],"wp:featuredmedia":[{"embeddable":true,"href":"https:\/\/quicosenza.it\/news\/wp-json\/wp\/v2\/media\/302024"}],"wp:attachment":[{"href":"https:\/\/quicosenza.it\/news\/wp-json\/wp\/v2\/media?parent=302022"}],"wp:term":[{"taxonomy":"category","embeddable":true,"href":"https:\/\/quicosenza.it\/news\/wp-json\/wp\/v2\/categories?post=302022"},{"taxonomy":"post_tag","embeddable":true,"href":"https:\/\/quicosenza.it\/news\/wp-json\/wp\/v2\/tags?post=302022"}],"curies":[{"name":"wp","href":"https:\/\/api.w.org\/{rel}","templated":true}]}}