{"id":302039,"date":"2026-08-31T11:00:02","date_gmt":"2026-08-31T09:00:02","guid":{"rendered":"https:\/\/quicosenza.it\/news\/?p=302039"},"modified":"2026-08-31T11:15:32","modified_gmt":"2026-08-31T09:15:32","slug":"caldo-infernale-agli-sgoccioli-calabria-estate","status":"publish","type":"post","link":"https:\/\/quicosenza.it\/news\/caldo-infernale-agli-sgoccioli-calabria-estate\/","title":{"rendered":"Caldo infernale agli sgoccioli in Calabria, ma non dell\u2019anticiclone Africano. Il vero refrigerio? \u00c8 ancora lontano"},"content":{"rendered":"<p>COSENZA \u2013 L&#8217;estate non \u00e8 finita. Siamo agli sgoccioli dell\u2019<strong>ondata di caldo infernale<\/strong> che negli ultimi 4 giorni ha interessato anche la Calabria. Tra <strong>venerd\u00ec e sabato<\/strong> si sono registrate <a href=\"https:\/\/quicosenza.it\/news\/caldo-infernale-cosenza-soffoca-bolla-africana\/\" target=\"_blank\" rel=\"noopener\">temperature estreme<\/a> che hanno toccato anche <strong>i 45 gradi nel Cosentino<\/strong>, in particolare nella Valle del Crati. Valori superiori di circa 5 \u00b0C rispetto alle medie climatiche di riferimento che confermano l&#8217;ennesimo segno di un&#8217;estate estremamente rovente.<\/p>\n<h3>Fine del caldo infernale non dell\u2019anticiclone africano<\/h3>\n<p>Gi\u00e0 ieri si \u00e8 registrata una leggera flessione anche al Sud ma con temperature ancora elevate tra Sicilia, Calabria e Puglia dove si sono toccate punte di 40 \u00b0C e oltre. <strong>Solo da oggi le temperature inizieranno a scendere con pi\u00f9 decisione, <\/strong>ma l\u2019anticiclone subtropicale non ha alcuna intenzione di abdicare.\u00a0Il mese di <strong>settembre si apre all&#8217;insegna del sole e le condizioni rimarranno per lo pi\u00f9 stabili e invariate<\/strong> sulla Calabria, con caldo moderato e persistente, del tutto simile a quello del pieno periodo estivo. Nei primi dieci giorni del mese.<\/p>\n<p><img loading=\"lazy\" decoding=\"async\" class=\"wp-image-301782 aligncenter\" src=\"https:\/\/quicosenza.it\/news\/wp-content\/uploads\/2026\/08\/africana-Cosenza.jpg\" alt=\"\" width=\"697\" height=\"461\" title=\"\" srcset=\"https:\/\/quicosenza.it\/news\/wp-content\/uploads\/2026\/08\/africana-Cosenza.jpg 970w, https:\/\/quicosenza.it\/news\/wp-content\/uploads\/2026\/08\/africana-Cosenza-300x199.jpg 300w, https:\/\/quicosenza.it\/news\/wp-content\/uploads\/2026\/08\/africana-Cosenza-768x508.jpg 768w\" sizes=\"auto, (max-width: 697px) 100vw, 697px\" \/><\/p>\n<h3>Inizio di settembre sotto il dominio dell&#8217;anticiclone<\/h3>\n<p><strong>L\u2019anticiclone africano resta infatti in agguato<\/strong>: si sta solo temporaneamente abbassando di latitudine, ma senza abbandonare l&#8217;Italia. La nuova settimana, che segna l&#8217;avvio del mese di settembre, vedr\u00e0 un ulteriore consolidamento dell&#8217;alta pressione pronta a proteggere con decisione anche le regioni settentrionali mentre <strong>al Sud continuer\u00e0 l\u2019estate anche se non con i valori esagerati dello scorso fine settimana<\/strong>.<\/p>\n<p>Tra marted\u00ec e mercoled\u00ec \u00e8 previsto il passaggio di un rapido fronte temporalesco che colpir\u00e0 l&#8217;arco alpino, con possibili sconfinamenti verso le pianure del Nord. <strong>Mari caldissimi con picchi che sfiorano i 30 \u00b0C sul Tirreno<\/strong>, <strong>alti tassi di umidit\u00e0 e il caldo accumulato<\/strong> potrebbero innescare locali grandinate e colpi di vento. Superato il rapido break instabile, l&#8217;anticiclone torner\u00e0 a dominare l&#8217;intero bacino del Mediterraneo.<\/p>\n<div id=\"attachment_302040\" style=\"width: 704px\" class=\"wp-caption aligncenter\"><img loading=\"lazy\" decoding=\"async\" aria-describedby=\"caption-attachment-302040\" class=\"wp-image-302040\" src=\"https:\/\/quicosenza.it\/news\/wp-content\/uploads\/2026\/08\/Temperatur-Italia-Caldo-agosto.jpg\" alt=\"Temperature Italia Caldo agosto\" width=\"694\" height=\"477\" title=\"\" srcset=\"https:\/\/quicosenza.it\/news\/wp-content\/uploads\/2026\/08\/Temperatur-Italia-Caldo-agosto.jpg 970w, https:\/\/quicosenza.it\/news\/wp-content\/uploads\/2026\/08\/Temperatur-Italia-Caldo-agosto-300x206.jpg 300w, https:\/\/quicosenza.it\/news\/wp-content\/uploads\/2026\/08\/Temperatur-Italia-Caldo-agosto-768x528.jpg 768w\" sizes=\"auto, (max-width: 694px) 100vw, 694px\" \/><p id=\"caption-attachment-302040\" class=\"wp-caption-text\">Italia ancora sotto il dominio dell&#8217;anticiclone<\/p><\/div>\n<h3>Il vero refrigerio? La possibile svolta a met\u00e0 mese<\/h3>\n<p>La tendenza per la prima decade del mese mostra un a<strong>nticiclone capace di sbarrare la strada alle perturbazioni e radicarsi a lungo.<\/strong> Subito dopo i primi giorni di settembre, le temperature andranno nuovamente in crescendo. <strong>Quando arriver\u00e0 il vero refrigerio? La possibile svolta a met\u00e0 mese<\/strong><\/p>\n<p>Per assistere a un cedimento strutturale dell&#8217;alta pressione <strong>bisogner\u00e0 probabilmente attendere il periodo compreso tra il 12 e il 14 settembre<\/strong>. Gli ultimi aggiornamenti dei principali centri meteo ipotizzano un cambio di circolazione con l&#8217;arrivo delle prime vere perturbazioni autunnali. Un passaggio che potrebbe rivelarsi brusco e traumatico: la grande quantit\u00e0 di calore e umidit\u00e0 accumulata sui mari e nei bassi strati atmosferici rischia infatti di contrastare con le prime irruzioni di aria fresca, <strong>elevando il rischio di maltempo e fenomeni violenti<\/strong>.<\/p>\n<p>Tra caldo estremo, siccit\u00e0, grandine e roghi <strong>i danni all\u2019agricoltura italiana hanno superato i tre miliardi di euro<\/strong>, secondo una prima stima<a href=\"http:\/\/www.coldiretti.it\" target=\"_blank\" rel=\"noopener\"> Coldiretti,<\/a> ma il conto degli effetti del cambiamento climatico potrebbe ulteriormente aggravarsi se l\u2019assenza di precipitazioni dovesse perdurare. La situazione pi\u00f9 critica resta concentrata al Nord, dove la scarsit\u00e0 d\u2019acqua sta mettendo a rischio intere produzioni. In alcune aree il mais rischia di andare completamente perso, mentre cresce l\u2019allarme per il riso, con punte del 40% di calo del raccolto.<\/p>\n<p>&nbsp;<\/p>\n","protected":false},"excerpt":{"rendered":"<p>Da oggi temperature in calo dopo i valori esagerati del fine settimana. I primi dieci giorni di settembre trascorreranno tra alta pressione e valori pienamente estivi, mentre l&#8217;energia termica accumulata rischia di scatenare fenomeni intensi con i primi spifferi freschi a met\u00e0 mese<\/p>\n","protected":false},"author":55,"featured_media":175611,"comment_status":"closed","ping_status":"closed","sticky":false,"template":"","format":"standard","meta":{"_acf_changed":false,"footnotes":"","jetpack_publicize_message":"","jetpack_publicize_feature_enabled":true,"jetpack_social_post_already_shared":true,"jetpack_social_options":{"image_generator_settings":{"template":"highway","default_image_id":0,"font":"","enabled":false},"version":2}},"categories":[17],"tags":[],"class_list":["post-302039","post","type-post","status-publish","format-standard","has-post-thumbnail","hentry","category-calabria"],"acf":[],"jetpack_publicize_connections":[],"_links":{"self":[{"href":"https:\/\/quicosenza.it\/news\/wp-json\/wp\/v2\/posts\/302039","targetHints":{"allow":["GET"]}}],"collection":[{"href":"https:\/\/quicosenza.it\/news\/wp-json\/wp\/v2\/posts"}],"about":[{"href":"https:\/\/quicosenza.it\/news\/wp-json\/wp\/v2\/types\/post"}],"author":[{"embeddable":true,"href":"https:\/\/quicosenza.it\/news\/wp-json\/wp\/v2\/users\/55"}],"replies":[{"embeddable":true,"href":"https:\/\/quicosenza.it\/news\/wp-json\/wp\/v2\/comments?post=302039"}],"version-history":[{"count":0,"href":"https:\/\/quicosenza.it\/news\/wp-json\/wp\/v2\/posts\/302039\/revisions"}],"wp:featuredmedia":[{"embeddable":true,"href":"https:\/\/quicosenza.it\/news\/wp-json\/wp\/v2\/media\/175611"}],"wp:attachment":[{"href":"https:\/\/quicosenza.it\/news\/wp-json\/wp\/v2\/media?parent=302039"}],"wp:term":[{"taxonomy":"category","embeddable":true,"href":"https:\/\/quicosenza.it\/news\/wp-json\/wp\/v2\/categories?post=302039"},{"taxonomy":"post_tag","embeddable":true,"href":"https:\/\/quicosenza.it\/news\/wp-json\/wp\/v2\/tags?post=302039"}],"curies":[{"name":"wp","href":"https:\/\/api.w.org\/{rel}","templated":true}]}}