{"id":302049,"date":"2026-08-31T14:30:35","date_gmt":"2026-08-31T12:30:35","guid":{"rendered":"https:\/\/quicosenza.it\/news\/?p=302049"},"modified":"2026-08-31T13:31:35","modified_gmt":"2026-08-31T11:31:35","slug":"calabria-rischio-eventi-estremi-bonelli-ponte","status":"publish","type":"post","link":"https:\/\/quicosenza.it\/news\/calabria-rischio-eventi-estremi-bonelli-ponte\/","title":{"rendered":"Calabria a rischio per gli eventi meteo estremi, Bonelli: \u00abStornare le risorse del Ponte per la messa in sicurezza\u00bb"},"content":{"rendered":"<p>VILLA SAN GIOVANNI (RC) \u2013 Un monito chiaro sui <strong>rischi ambientali<\/strong> e un attacco diretto alle priorit\u00e0 di spesa del Governo. A margine di una conferenza stampa tenutasi a Villa San Giovanni, il deputato di <strong>Alleanza Verdi e Sinistra (AVS)<\/strong> e co-portavoce di Europa Verde, <a href=\"https:\/\/www.facebook.com\/AngeloBonelli.EuropaVerde\" target=\"_blank\" rel=\"noopener\"><strong>Angelo Bonelli<\/strong><\/a>, insieme alla collega Fiorella Zabatta, ha lanciato l&#8217;allarme sulle condizioni delle acque marine e sulla vulnerabilit\u00e0 del territorio calabrese e siciliano.<\/p>\n<p><img loading=\"lazy\" decoding=\"async\" class=\"aligncenter wp-image-269914\" src=\"https:\/\/quicosenza.it\/news\/wp-content\/uploads\/2025\/09\/Angelo-Bonelli.jpg\" alt=\"\" width=\"472\" height=\"298\" title=\"\" srcset=\"https:\/\/quicosenza.it\/news\/wp-content\/uploads\/2025\/09\/Angelo-Bonelli.jpg 970w, https:\/\/quicosenza.it\/news\/wp-content\/uploads\/2025\/09\/Angelo-Bonelli-300x190.jpg 300w, https:\/\/quicosenza.it\/news\/wp-content\/uploads\/2025\/09\/Angelo-Bonelli-768x485.jpg 768w, https:\/\/quicosenza.it\/news\/wp-content\/uploads\/2025\/09\/Angelo-Bonelli-665x420.jpg 665w, https:\/\/quicosenza.it\/news\/wp-content\/uploads\/2025\/09\/Angelo-Bonelli-150x95.jpg 150w, https:\/\/quicosenza.it\/news\/wp-content\/uploads\/2025\/09\/Angelo-Bonelli-696x440.jpg 696w\" sizes=\"auto, (max-width: 472px) 100vw, 472px\" \/><\/p>\n<h3>Calabria, mare come bomba ecologica: l&#8217;appello di Bonelli<\/h3>\n<p>&#8220;Oggi lanciamo una denuncia: <strong>il mare \u00e8 diventato una bomba ecologica.<\/strong> L&#8217;accumulo di energia, legato al caldo estremo, rischia di produrre <strong>eventi metereologici estremi<\/strong> nelle prossime settimane: tornado, piogge torrenziali, rischi imponenti per il territorio. &#8211; avverte Bonelli &#8211; Occorre<strong> stornare le risorse del ponte sullo Stretto di Messina, 14 miliardi, per mettere in sicurezza dal rischio idrogeologico le regioni Calabria e Sicilia,<\/strong> che sono molto fragili da questo punto di vista&#8221;.<\/p>\n<p><img loading=\"lazy\" decoding=\"async\" class=\"aligncenter wp-image-300355\" src=\"https:\/\/quicosenza.it\/news\/wp-content\/uploads\/2026\/08\/Ponte-sullo-Stretto-03.jpg\" alt=\"Ponte sullo Stretto 03\" width=\"502\" height=\"311\" title=\"\" srcset=\"https:\/\/quicosenza.it\/news\/wp-content\/uploads\/2026\/08\/Ponte-sullo-Stretto-03.jpg 970w, https:\/\/quicosenza.it\/news\/wp-content\/uploads\/2026\/08\/Ponte-sullo-Stretto-03-300x186.jpg 300w, https:\/\/quicosenza.it\/news\/wp-content\/uploads\/2026\/08\/Ponte-sullo-Stretto-03-768x475.jpg 768w\" sizes=\"auto, (max-width: 502px) 100vw, 502px\" \/><\/p>\n<p>L&#8217;esponente di AVS ha ricordato che l&#8217;erosione costiera, oggi, \u00e8 uno dei problemi principali della Calabria: <strong>&#8220;il 57% della costa calabrese \u00e8 a <a href=\"https:\/\/quicosenza.it\/news\/erosione-costiera-calabria-scienziati-piano\/\" target=\"_blank\" rel=\"noopener\">rischio erosione.<\/a><\/strong> In questi mesi &#8211; ha osservato Bonelli &#8211; gli italiani hanno subito una <strong>crisi climatica drammatica<\/strong>, un caldo estremo, con conseguenze sociali importanti. La crisi climatica aumenta le diseguaglianze sociali. <strong>Di fronte a questo il governo spende 14,5 miliardi di euro per il ponte sullo Stretto di Messina quando la priorit\u00e0 dovrebbe essere la messa in sicurezza dal rischio idrogeologico<\/strong>, interventi per mitigare il rischio climatico. La parola &#8216;crisi climatica&#8217; Giorgia Meloni non riesce a pronunciarla&#8221;.<\/p>\n<h3>La crisi climatica e lo stallo del governo<\/h3>\n<p>&#8220;<strong>Questo governo sulla crisi climatica non sta facendo nulla,<\/strong> anzi sta sabotando le politiche sul clima in Europa. Ha usato 2,7 miliardi per il decreto carburanti tagliando i fondi sul trasporto pubblico e quelli al ministero della Salute, una vergogna inaudita che meriterebbe una sollevazione popolare&#8221; ha aggiunto.<\/p>\n<p><img loading=\"lazy\" decoding=\"async\" class=\"aligncenter wp-image-283651\" src=\"https:\/\/quicosenza.it\/news\/wp-content\/uploads\/2026\/02\/Dissesto-idrogeologico-Calabria-Frana-Diamanrte.jpg\" alt=\"Dissesto-idrogeologico-Calabria-Frana-Diamante\" width=\"501\" height=\"310\" title=\"\" srcset=\"https:\/\/quicosenza.it\/news\/wp-content\/uploads\/2026\/02\/Dissesto-idrogeologico-Calabria-Frana-Diamanrte.jpg 970w, https:\/\/quicosenza.it\/news\/wp-content\/uploads\/2026\/02\/Dissesto-idrogeologico-Calabria-Frana-Diamanrte-300x186.jpg 300w, https:\/\/quicosenza.it\/news\/wp-content\/uploads\/2026\/02\/Dissesto-idrogeologico-Calabria-Frana-Diamanrte-768x475.jpg 768w\" sizes=\"auto, (max-width: 501px) 100vw, 501px\" \/><\/p>\n<p>&#8220;Noi chiediamo: perch\u00e9 non sono stati tassati gli extraprofitti di chi si \u00e8 arricchito anzich\u00e9 usare soldi pubblici? Bisogna costruire politiche sul clima che Meloni non vuole assolutamente fare perch\u00e9 \u00e8 in linea con il pensiero trumpiano&#8221;. L&#8217;Esecutivo &#8220;ha sabotato le energie rinnovabili,<strong> vuole trasformare il nostro Paese in un hub del gas e questo \u00e8 folle<\/strong> &#8211; ha concluso &#8211; perch\u00e9 condanner\u00e0 gli italiani a pagare l&#8217;energia sempre di pi\u00f9. Questo governo si \u00e8 schierato dalla parte della grande finanza e dei grandi interessi. Su questo noi ci batteremo, siamo pronti a costruire un programma per il Paese che metta al centro l&#8217;interesse pubblico&#8221;.<\/p>\n","protected":false},"excerpt":{"rendered":"<p>Il leader di AVS denuncia che la priorit\u00e0 del Governo dovrebbe essere la messa in sicurezza dal rischio idrogeologico, con interventi per mitigare il rischio climatico e non il Ponte sullo Stretto <\/p>\n","protected":false},"author":90,"featured_media":302053,"comment_status":"closed","ping_status":"closed","sticky":false,"template":"","format":"standard","meta":{"_acf_changed":false,"footnotes":"","jetpack_publicize_message":"","jetpack_publicize_feature_enabled":true,"jetpack_social_post_already_shared":true,"jetpack_social_options":{"image_generator_settings":{"template":"highway","default_image_id":0,"font":"","enabled":false},"version":2}},"categories":[17],"tags":[],"class_list":["post-302049","post","type-post","status-publish","format-standard","has-post-thumbnail","hentry","category-calabria"],"acf":[],"jetpack_publicize_connections":[],"_links":{"self":[{"href":"https:\/\/quicosenza.it\/news\/wp-json\/wp\/v2\/posts\/302049","targetHints":{"allow":["GET"]}}],"collection":[{"href":"https:\/\/quicosenza.it\/news\/wp-json\/wp\/v2\/posts"}],"about":[{"href":"https:\/\/quicosenza.it\/news\/wp-json\/wp\/v2\/types\/post"}],"author":[{"embeddable":true,"href":"https:\/\/quicosenza.it\/news\/wp-json\/wp\/v2\/users\/90"}],"replies":[{"embeddable":true,"href":"https:\/\/quicosenza.it\/news\/wp-json\/wp\/v2\/comments?post=302049"}],"version-history":[{"count":0,"href":"https:\/\/quicosenza.it\/news\/wp-json\/wp\/v2\/posts\/302049\/revisions"}],"wp:featuredmedia":[{"embeddable":true,"href":"https:\/\/quicosenza.it\/news\/wp-json\/wp\/v2\/media\/302053"}],"wp:attachment":[{"href":"https:\/\/quicosenza.it\/news\/wp-json\/wp\/v2\/media?parent=302049"}],"wp:term":[{"taxonomy":"category","embeddable":true,"href":"https:\/\/quicosenza.it\/news\/wp-json\/wp\/v2\/categories?post=302049"},{"taxonomy":"post_tag","embeddable":true,"href":"https:\/\/quicosenza.it\/news\/wp-json\/wp\/v2\/tags?post=302049"}],"curies":[{"name":"wp","href":"https:\/\/api.w.org\/{rel}","templated":true}]}}