{"id":302054,"date":"2026-08-31T13:10:01","date_gmt":"2026-08-31T11:10:01","guid":{"rendered":"https:\/\/quicosenza.it\/news\/?p=302054"},"modified":"2026-08-31T13:10:01","modified_gmt":"2026-08-31T11:10:01","slug":"medici-cubani-stipendi-de-cicco-4mila-euro","status":"publish","type":"post","link":"https:\/\/quicosenza.it\/news\/medici-cubani-stipendi-de-cicco-4mila-euro\/","title":{"rendered":"Medici cubani in Calabria, \u00e8 allarme stipendi: De Cicco chiede chiarezza sui 4mila euro"},"content":{"rendered":"<p>REGGIO CALABRIA &#8211; Fare piena luce sulle condizioni contrattuali ed economiche dei <a href=\"https:\/\/quicosenza.it\/news\/medici-cubani-in-calabria-occhiuto-hammer\/\">medici cubani<\/a> attualmente in servizio nelle ASP calabresi. \u00c8 quanto chiede il consigliere regionale <strong>Francesco De Cicco<\/strong>, del gruppo Democratici Progressisti Meridionalisti, attraverso un\u2019interrogazione a risposta scritta alla Giunta regionale.<\/p>\n<h3>Il nodo dei compensi ai medici cubani<\/h3>\n<p>Al centro della vicenda c\u2019\u00e8 l\u2019Accordo Quadro sottoscritto il 17 agosto 2022 con la <a href=\"https:\/\/www.smcsalud.cu\/en\/somos-smc\" rel=\"noopener\">societ\u00e0 statale cubana<\/a> <strong>Commercializadora de Servicios<\/strong> <strong>M\u00e9dicos Cubanos S.A.<\/strong>, nato per fronteggiare la <strong>grave carenza di personale medico<\/strong>, soprattutto nei servizi di emergenza-urgenza. Secondo quanto riportato nell\u2019interrogazione, a fronte di un impegno economico <strong>superiore ai 4mila euro mensili<\/strong> per ciascun medico sostenuto dalle ASP, ai professionisti cubani verrebbe corrisposta una <strong>somma effettiva di circa 1.200 euro al mese<\/strong>, mentre la restante quota <strong>sarebbe trattenuta da soggetti terzi.<\/strong><\/p>\n<p><img loading=\"lazy\" decoding=\"async\" class=\"aligncenter  wp-image-269311\" src=\"https:\/\/quicosenza.it\/news\/wp-content\/uploads\/2025\/09\/de-cicco-diretta-acqua-petizione.jpg\" alt=\"Francesco De Cicco medici cubani\" width=\"609\" height=\"377\" title=\"\" srcset=\"https:\/\/quicosenza.it\/news\/wp-content\/uploads\/2025\/09\/de-cicco-diretta-acqua-petizione.jpg 970w, https:\/\/quicosenza.it\/news\/wp-content\/uploads\/2025\/09\/de-cicco-diretta-acqua-petizione-300x186.jpg 300w, https:\/\/quicosenza.it\/news\/wp-content\/uploads\/2025\/09\/de-cicco-diretta-acqua-petizione-768x475.jpg 768w, https:\/\/quicosenza.it\/news\/wp-content\/uploads\/2025\/09\/de-cicco-diretta-acqua-petizione-679x420.jpg 679w, https:\/\/quicosenza.it\/news\/wp-content\/uploads\/2025\/09\/de-cicco-diretta-acqua-petizione-150x93.jpg 150w, https:\/\/quicosenza.it\/news\/wp-content\/uploads\/2025\/09\/de-cicco-diretta-acqua-petizione-696x431.jpg 696w, https:\/\/quicosenza.it\/news\/wp-content\/uploads\/2025\/09\/de-cicco-diretta-acqua-petizione-356x220.jpg 356w\" sizes=\"auto, (max-width: 609px) 100vw, 609px\" \/><\/p>\n<h3>I dubbi sull\u2019intermediazione<\/h3>\n<p>De Cicco pone quindi l\u2019attenzione sul possibile meccanismo di intermediazione e sulle conseguenze per la dignit\u00e0 professionale dei sanitari. \u00abUn simile schema \u2013 si legge nell&#8217;interrogazione \u2013 rischia di configurare una forma di intermediazione dell&#8217;attivit\u00e0 lavorativa destinata ad incidere negativamente sulla dignit\u00e0 del professionista, derogando ai principi costituzionali in materia di equit\u00e0 contrattuale e giusta retribuzione. Gi\u00e0 nel testo originale dell&#8217;Accordo Quadro del 2022, peraltro, non venivano definiti con chiarezza i costi analitici dei servizi e le somme da destinare direttamente alla societ\u00e0 ed ai lavoratori.\u00bb<\/p>\n<h3>Le richieste alla Regione<\/h3>\n<p>L\u2019interrogazione chiede alla Giunta regionale di chiarire se fosse gi\u00e0 a conoscenza delle reali condizioni economiche dei medici cubani e se intenda procedere al rinnovo o alla proroga dell\u2019accordo con la CSMC S.A. qualora le indiscrezioni venissero confermate. De Cicco sollecita inoltre l\u2019indicazione delle azioni urgenti che la Regione intende adottare per eliminare eventuali distorsioni contrattuali e garantire la piena tutela economica e professionale dei sanitari coinvolti. L\u2019obiettivo \u00e8 dunque verificare i contenuti dell\u2019accordo e fare chiarezza sui flussi economici legati all\u2019impiego dei medici cubani nel sistema sanitario calabrese.<\/p>\n","protected":false},"excerpt":{"rendered":"<p>Interrogazione a risposta scritta alla Giunta regionale sul trattamento economico dei medici cubani. Secondo indiscrezioni, a fronte di un costo di oltre 4mila euro mensili per le ASP, ai professionisti arriverebbero circa 1.200 euro. Chiesta anche la verifica dell\u2019Accordo Quadro del 2022<\/p>\n","protected":false},"author":42,"featured_media":290043,"comment_status":"closed","ping_status":"closed","sticky":false,"template":"","format":"standard","meta":{"_acf_changed":false,"footnotes":"","jetpack_publicize_message":"","jetpack_publicize_feature_enabled":true,"jetpack_social_post_already_shared":true,"jetpack_social_options":{"image_generator_settings":{"template":"highway","default_image_id":0,"font":"","enabled":false},"version":2}},"categories":[17],"tags":[],"class_list":["post-302054","post","type-post","status-publish","format-standard","has-post-thumbnail","hentry","category-calabria"],"acf":[],"jetpack_publicize_connections":[],"_links":{"self":[{"href":"https:\/\/quicosenza.it\/news\/wp-json\/wp\/v2\/posts\/302054","targetHints":{"allow":["GET"]}}],"collection":[{"href":"https:\/\/quicosenza.it\/news\/wp-json\/wp\/v2\/posts"}],"about":[{"href":"https:\/\/quicosenza.it\/news\/wp-json\/wp\/v2\/types\/post"}],"author":[{"embeddable":true,"href":"https:\/\/quicosenza.it\/news\/wp-json\/wp\/v2\/users\/42"}],"replies":[{"embeddable":true,"href":"https:\/\/quicosenza.it\/news\/wp-json\/wp\/v2\/comments?post=302054"}],"version-history":[{"count":0,"href":"https:\/\/quicosenza.it\/news\/wp-json\/wp\/v2\/posts\/302054\/revisions"}],"wp:featuredmedia":[{"embeddable":true,"href":"https:\/\/quicosenza.it\/news\/wp-json\/wp\/v2\/media\/290043"}],"wp:attachment":[{"href":"https:\/\/quicosenza.it\/news\/wp-json\/wp\/v2\/media?parent=302054"}],"wp:term":[{"taxonomy":"category","embeddable":true,"href":"https:\/\/quicosenza.it\/news\/wp-json\/wp\/v2\/categories?post=302054"},{"taxonomy":"post_tag","embeddable":true,"href":"https:\/\/quicosenza.it\/news\/wp-json\/wp\/v2\/tags?post=302054"}],"curies":[{"name":"wp","href":"https:\/\/api.w.org\/{rel}","templated":true}]}}