{"id":302092,"date":"2026-08-31T19:37:51","date_gmt":"2026-08-31T17:37:51","guid":{"rendered":"https:\/\/quicosenza.it\/news\/?p=302092"},"modified":"2026-08-31T19:37:51","modified_gmt":"2026-08-31T17:37:51","slug":"tributi-comunali-definizione-agevolata-cosenza","status":"publish","type":"post","link":"https:\/\/quicosenza.it\/news\/tributi-comunali-definizione-agevolata-cosenza\/","title":{"rendered":"Tributi comunali a Cosenza, verso la proroga dei termini per la definizione agevolata"},"content":{"rendered":"<p class=\"isSelectedEnd\">COSENZA \u2013 Si va <strong>verso la proroga dei termini per aderire alla <a href=\"https:\/\/quicosenza.it\/news\/rottamazione-tributi-cosenza-proroga\/\" target=\"_blank\" rel=\"noopener\">definizione agevolata <\/a>dei tributi comunali a Cosenza<\/strong>. <strong>L\u2019Amministrazione comunale di Cosenza<\/strong> intende infatti sottoporre al Consiglio comunale una specifica deliberazione per consentire ai contribuenti che non hanno rispettato la scadenza del 31 agosto 2026 di poter regolarizzare la propria posizione.<\/p>\n<p class=\"isSelectedEnd\">La proposta, condivisa dal <strong>sindaco<a href=\"https:\/\/it.wikipedia.org\/wiki\/Franz_Caruso\" target=\"_blank\" rel=\"noopener\"> Franz Caruso<\/a>,<\/strong> dal <strong>presidente del Consiglio comunale Giuseppe Mazzuca e dall\u2019assessore Raffaele Fuorivia<\/strong>, sar\u00e0 esaminata dall\u2019assemblea cittadina nella seduta gi\u00e0 programmata per il <strong>29 settembre<\/strong>. Trattandosi di una materia disciplinata dal regolamento comunale, sar\u00e0 infatti il Consiglio a dover approvare la proroga.<\/p>\n<p class=\"isSelectedEnd\">Nel dettaglio, la proposta prevede la possibilit\u00e0 di prendere in considerazione le istanze di adesione alla definizione agevolata presentate oltre il termine del 31 agosto e comunque <strong>entro il 25 settembre 2026<\/strong>. In caso di approvazione, saranno inoltre stabiliti i nuovi termini per il pagamento della prima rata relativa alle istanze presentate fuori termine.<\/p>\n<p class=\"isSelectedEnd\">\u00abAbbiamo scelto di raccogliere le sollecitazioni arrivate dai cittadini e di individuare una soluzione concreta che consenta, a chi ne ha interesse, di poter regolarizzare la propria posizione \u2013 affermano il sindaco Franz Caruso e il presidente del Consiglio comunale Giuseppe Mazzuca \u2013. Naturalmente, ogni decisione di ratifica dovr\u00e0 essere assunta nel pieno rispetto delle regole e delle competenze istituzionali\u00bb.<\/p>\n<h2>L&#8217;opposizione: \u00abAccolta la nostra proposta\u00bb<\/h2>\n<p class=\"isSelectedEnd\">Sulla vicenda intervengono a<strong>nche i consiglieri comunali di centrodestra,<\/strong> che <strong>rivendicano l\u2019iniziativa politica sulla proroga<\/strong>. Secondo i gruppi di opposizione, infatti, <strong>la riapertura dei termini sarebbe arrivata dopo la<a href=\"https:\/\/quicosenza.it\/news\/rottamazione-tributi-cosenza-proroga\/\" target=\"_blank\" rel=\"noopener\"> proposta<\/a> avanzata nei giorni scorsi<\/strong> e formalizzata attraverso una richiesta depositata questa mattina per la convocazione del Consiglio comunale.<\/p>\n<p class=\"isSelectedEnd\">\u00abLa proroga che sta per arrivare \u2013 sostengono i consiglieri \u2013 \u00e8 il risultato di una iniziativa politica chiara e tempestiva, che abbiamo portato avanti per garantire ai cittadini condizioni pi\u00f9 eque e tempi compatibili con la complessit\u00e0 delle pratiche fiscali\u00bb.<\/p>\n<p class=\"isSelectedEnd\">L\u2019opposizione sottolinea inoltre le difficolt\u00e0 segnalate da contribuenti e professionisti nell\u2019accesso alle informazioni e alla documentazione e chiede un confronto in Consiglio sulla gestione della procedura.<\/p>\n<p class=\"isSelectedEnd\">\u00abLa definizione agevolata non deve diventare un percorso ad ostacoli \u2013 affermano i consiglieri \u2013. Con la richiesta depositata oggi <strong>chiediamo che il Consiglio comunale si assuma la responsabilit\u00e0 di assicurare tempi congrui<\/strong> e condizioni dignitose per tutti\u00bb.<\/p>\n<p class=\"isSelectedEnd\">La proposta dell\u2019Amministrazione e la richiesta dell\u2019opposizione convergono dunque sulla necessit\u00e0 di riaprire i termini, ma con una differenza politica sulla paternit\u00e0 dell&#8217;iniziativa. La decisione definitiva spetter\u00e0 comunque al <strong>Consiglio comunale nella seduta del 29 settembre<\/strong>.<\/p>\n<p>La nota dell\u2019opposizione \u00e8 firmata dai consiglieri <strong>Francesco Caruso, Francesco Cito, Giuseppe D\u2019Ippolito, Alfredo Dodaro, Francesco Luberto, Ivana Lucanto, Antonio Ruffolo, Francesco Spadafora e Michelangelo Spataro<\/strong>.<\/p>\n","protected":false},"excerpt":{"rendered":"<p>Il Comune di Cosenza prepara la proroga della definizione agevolata dei tributi comunali: la decisione spetter\u00e0 al Consiglio comunale convocato il 29 settembre, mentre il centrodestra rivendica l\u2019iniziativa politica sulla proroga<\/p>\n","protected":false},"author":58,"featured_media":291292,"comment_status":"closed","ping_status":"closed","sticky":false,"template":"","format":"standard","meta":{"_acf_changed":false,"footnotes":"","jetpack_publicize_message":"","jetpack_publicize_feature_enabled":true,"jetpack_social_post_already_shared":true,"jetpack_social_options":{"image_generator_settings":{"template":"highway","default_image_id":0,"font":"","enabled":false},"version":2}},"categories":[563,42],"tags":[],"class_list":["post-302092","post","type-post","status-publish","format-standard","has-post-thumbnail","hentry","category-area-urbana","category-cosenza"],"acf":[],"jetpack_publicize_connections":[],"_links":{"self":[{"href":"https:\/\/quicosenza.it\/news\/wp-json\/wp\/v2\/posts\/302092","targetHints":{"allow":["GET"]}}],"collection":[{"href":"https:\/\/quicosenza.it\/news\/wp-json\/wp\/v2\/posts"}],"about":[{"href":"https:\/\/quicosenza.it\/news\/wp-json\/wp\/v2\/types\/post"}],"author":[{"embeddable":true,"href":"https:\/\/quicosenza.it\/news\/wp-json\/wp\/v2\/users\/58"}],"replies":[{"embeddable":true,"href":"https:\/\/quicosenza.it\/news\/wp-json\/wp\/v2\/comments?post=302092"}],"version-history":[{"count":0,"href":"https:\/\/quicosenza.it\/news\/wp-json\/wp\/v2\/posts\/302092\/revisions"}],"wp:featuredmedia":[{"embeddable":true,"href":"https:\/\/quicosenza.it\/news\/wp-json\/wp\/v2\/media\/291292"}],"wp:attachment":[{"href":"https:\/\/quicosenza.it\/news\/wp-json\/wp\/v2\/media?parent=302092"}],"wp:term":[{"taxonomy":"category","embeddable":true,"href":"https:\/\/quicosenza.it\/news\/wp-json\/wp\/v2\/categories?post=302092"},{"taxonomy":"post_tag","embeddable":true,"href":"https:\/\/quicosenza.it\/news\/wp-json\/wp\/v2\/tags?post=302092"}],"curies":[{"name":"wp","href":"https:\/\/api.w.org\/{rel}","templated":true}]}}