{"id":302093,"date":"2026-08-31T19:52:50","date_gmt":"2026-08-31T17:52:50","guid":{"rendered":"https:\/\/quicosenza.it\/news\/?p=302093"},"modified":"2026-08-31T19:52:50","modified_gmt":"2026-08-31T17:52:50","slug":"cosenza-mab-le-colonne-di-sosno-opere","status":"publish","type":"post","link":"https:\/\/quicosenza.it\/news\/cosenza-mab-le-colonne-di-sosno-opere\/","title":{"rendered":"Cosenza, rivoluzione al MAB: le colonne di Sosno traslocano e arrivano 12 nuove opere"},"content":{"rendered":"<p>COSENZA &#8211; <strong>A Cosenza prende avvio il riordino del percorso del MAB &#8211; Museo all&#8217;aperto Bilotti &#8211; che nelle prossime settimane porter\u00e0 anche all&#8217;installazione di 12 nuove opere d&#8217;arte e alla ridefinizione del percorso museale cittadino. <\/strong><strong>Le<a href=\"https:\/\/quicosenza.it\/news\/opera-di-sosno-in-frantumi-il-sindaco-chiarire-la-dinamica-su-quanto-accaduto\/\" target=\"_blank\" rel=\"noopener\"> colonne di Sosno<\/a>, invece, saranno restaurate e trasferite nell&#8217;Hortus Conclusus del complesso di San Domenico<\/strong>.<\/p>\n<p>&#8220;Un intervento necessario per tutelare opere particolarmente delicate e valorizzare l&#8217;intero percorso del <a href=\"https:\/\/it.wikipedia.org\/wiki\/Museo_all%27aperto_Bilotti\" target=\"_blank\" rel=\"noopener\">MAB<\/a>. <strong>Nelle prossime settimane saranno installate altre 12 opere<\/strong>&#8220;. Ad annunciare le prime operazioni \u00e8 il Sindaco Franz Caruso, che ricorda gli interventi programmati nell&#8217;ambito del progetto di riorganizzazione del MAB,<strong> a cura dell&#8217;architetto Amedeo Lico<\/strong> nella sua qualit\u00e0 di direttore artistico del Museo all&#8217;Aperto, realizzato in accordo con la Fondazione Bilotti e con l&#8217;obiettivo di restituire piena organicit\u00e0 e valorizzazione all&#8217;intero percorso espositivo.<\/p>\n<h3>Le colonne di Sosno verranno trasferite<\/h3>\n<p>Tra le operazioni previste rientra la risistemazione delle tre colonne di Sacha Sosno, opere particolarmente delicate che, nel corso degli anni, hanno subito diversi episodi di danneggiamento. Una delle colonne \u00e8 andata distrutta ed attualmente \u00e8 in fase di ricostruzione.<\/p>\n<p>Per preservare le opere e garantirne una migliore tutela, \u00e8 stato deciso di procedere al loro trasferimento all&#8217;interno dell&#8217;Hortus Conclusus del complesso di San Domenico, dove saranno collocate in condizioni maggiormente idonee alla loro conservazione e fruizione.<\/p>\n<p>&#8220;Abbiamo ritenuto necessario intervenire sulle colonne di Sacha Sosno \u2013 sottolinea il Sindaco Franz Caruso \u2013 <strong>perch\u00e9 si tratta di opere particolarmente delicate che, per la loro stessa natura e per quanto accaduto nel corso degli anni<\/strong>,<strong> non possono essere ulteriormente esposte ai rischi connessi alla permanenza sul MAB.<\/strong> Una delle colonne dovr\u00e0 essere ricostruita e, per preservare anche le altre due, abbiamo scelto di trasferirle all&#8217;interno del Chiostro di San Domenico&#8221;.<\/p>\n<p><strong>L&#8217;intervento sulle opere di Sosno rappresenta una delle prime azioni del pi\u00f9 ampio programma di riordino del Museo all&#8217;aperto Bilotti<\/strong>. Il progetto interesser\u00e0 anche le targhe esplicative e la complessiva organizzazione del percorso, con l&#8217;obiettivo di valorizzare ulteriormente il patrimonio artistico\/culturale del MAB.<\/p>\n<p>&#8220;Quello che stiamo avviando \u2013 conclude Franz Caruso \u2013 \u00e8 un vero e proprio lavoro di riordino del Museo all&#8217;aperto Bilotti. Inizia cos\u00ec un percorso che, nelle prossime settimane, porter\u00e0 all&#8217;installazione di altre 12 opere d&#8217;arte e ad una nuova organizzazione dell&#8217;intero itinerario museale. Tutto questo avverr\u00e0 in piena con la Fondazione Bilotti&#8221;.<\/p>\n","protected":false},"excerpt":{"rendered":"<p>COSENZA &#8211; A Cosenza prende avvio il riordino del percorso del MAB &#8211; Museo all&#8217;aperto Bilotti &#8211; che nelle prossime settimane porter\u00e0 anche all&#8217;installazione di 12 nuove opere d&#8217;arte e alla ridefinizione del percorso museale cittadino. Le colonne di Sosno, invece, saranno restaurate e trasferite nell&#8217;Hortus Conclusus del complesso di San Domenico. &#8220;Un intervento necessario [&hellip;]<\/p>\n","protected":false},"author":58,"featured_media":251246,"comment_status":"closed","ping_status":"closed","sticky":false,"template":"","format":"standard","meta":{"_acf_changed":false,"footnotes":"","jetpack_publicize_message":"","jetpack_publicize_feature_enabled":true,"jetpack_social_post_already_shared":true,"jetpack_social_options":{"image_generator_settings":{"template":"highway","default_image_id":0,"font":"","enabled":false},"version":2}},"categories":[563,42],"tags":[],"class_list":["post-302093","post","type-post","status-publish","format-standard","has-post-thumbnail","hentry","category-area-urbana","category-cosenza"],"acf":[],"jetpack_publicize_connections":[],"_links":{"self":[{"href":"https:\/\/quicosenza.it\/news\/wp-json\/wp\/v2\/posts\/302093","targetHints":{"allow":["GET"]}}],"collection":[{"href":"https:\/\/quicosenza.it\/news\/wp-json\/wp\/v2\/posts"}],"about":[{"href":"https:\/\/quicosenza.it\/news\/wp-json\/wp\/v2\/types\/post"}],"author":[{"embeddable":true,"href":"https:\/\/quicosenza.it\/news\/wp-json\/wp\/v2\/users\/58"}],"replies":[{"embeddable":true,"href":"https:\/\/quicosenza.it\/news\/wp-json\/wp\/v2\/comments?post=302093"}],"version-history":[{"count":0,"href":"https:\/\/quicosenza.it\/news\/wp-json\/wp\/v2\/posts\/302093\/revisions"}],"wp:featuredmedia":[{"embeddable":true,"href":"https:\/\/quicosenza.it\/news\/wp-json\/wp\/v2\/media\/251246"}],"wp:attachment":[{"href":"https:\/\/quicosenza.it\/news\/wp-json\/wp\/v2\/media?parent=302093"}],"wp:term":[{"taxonomy":"category","embeddable":true,"href":"https:\/\/quicosenza.it\/news\/wp-json\/wp\/v2\/categories?post=302093"},{"taxonomy":"post_tag","embeddable":true,"href":"https:\/\/quicosenza.it\/news\/wp-json\/wp\/v2\/tags?post=302093"}],"curies":[{"name":"wp","href":"https:\/\/api.w.org\/{rel}","templated":true}]}}