{"id":302100,"date":"2026-09-01T07:16:18","date_gmt":"2026-09-01T05:16:18","guid":{"rendered":"https:\/\/quicosenza.it\/news\/?p=302100"},"modified":"2026-09-01T07:16:18","modified_gmt":"2026-09-01T05:16:18","slug":"riforma-tpl-calabria-21-piano-30-miliardi","status":"publish","type":"post","link":"https:\/\/quicosenza.it\/news\/riforma-tpl-calabria-21-piano-30-miliardi\/","title":{"rendered":"La riforma del Tpl in Calabria: 21 emendamenti e un Piano da oltre 30 miliardi"},"content":{"rendered":"<p>REGGIO CALABRIA \u2013 La IV commissione consiliare Ambiente e Territorio ha approvato la proposta di legge per la riforma del Tpl &#8211; trasporto pubblico locale &#8211; e definito il cronoprogramma conclusivo che porter\u00e0, entro la prima decade di settembre, all\u2019adozione definitiva in commissione del Piano regionale dei trasporti. A comunicarlo \u00e8 il <strong>presidente della IV commissione, Sergio Ferrari<\/strong>.<\/p>\n<p><img loading=\"lazy\" decoding=\"async\" class=\"aligncenter  wp-image-302101\" src=\"https:\/\/quicosenza.it\/news\/wp-content\/uploads\/2026\/09\/Tpl-trasporto-pubblico-bus-sergio-ferrari.jpg\" alt=\"Tpl - trasporto pubblico - bus - sergio ferrari\" width=\"493\" height=\"310\" title=\"\" srcset=\"https:\/\/quicosenza.it\/news\/wp-content\/uploads\/2026\/09\/Tpl-trasporto-pubblico-bus-sergio-ferrari.jpg 971w, https:\/\/quicosenza.it\/news\/wp-content\/uploads\/2026\/09\/Tpl-trasporto-pubblico-bus-sergio-ferrari-300x188.jpg 300w, https:\/\/quicosenza.it\/news\/wp-content\/uploads\/2026\/09\/Tpl-trasporto-pubblico-bus-sergio-ferrari-768x482.jpg 768w\" sizes=\"auto, (max-width: 493px) 100vw, 493px\" \/><\/p>\n<p>&#8220;Il testo &#8211; si legge &#8211; <strong>ridisegna radicalmente l&#8217;architettura istituzionale del settore<\/strong>, disponendo la soppressione dell&#8217;Autorit\u00e0 regionale dei trasporti della Calabria (<strong>Artcal<\/strong>) e la contestuale <strong>nascita<\/strong> di <strong>Amcal<\/strong> (Agenzia della mobilit\u00e0 della Calabria). La nuova agenzia, organizzata sotto forma di societ\u00e0 a partecipazione interamente pubblica, operer\u00e0 come ente di governo di un bacino territoriale unico regionale, superando le storiche frammentazioni gestionali ed erogando in maniera unitaria le funzioni di pianificazione operativa, affidamento e controllo dei servizi. La legge garantisce la piena continuit\u00e0 amministrativa ed operativa durante la fase di transizione e rispetta il principio di invarianza finanziaria&#8221;.<\/p>\n<h3>Tpl: ventuno emendamenti<\/h3>\n<p>&#8220;L&#8217;approvazione da parte della <a href=\"https:\/\/www.consiglioregionale.calabria.it\/portale\/Istituzione\/Commissioni\/Commissione?comm=Quarta\" rel=\"noopener\">IV Commissione<\/a> &#8211; prosegue la nota &#8211; arriva al termine di tre sedute di approfondito confronto istruttorio, culminate nella redazione e nell&#8217;accoglimento di ben <strong>21 emendamenti<\/strong>. Le modifiche approvate recepiscono le principali sollecitazioni avanzate dalle organizzazioni sindacali, dalle associazioni dei consumatori e dalle amministrazioni locali&#8221;.<\/p>\n<p><img loading=\"lazy\" decoding=\"async\" class=\"aligncenter  wp-image-302102\" src=\"https:\/\/quicosenza.it\/news\/wp-content\/uploads\/2026\/09\/Tpl-trasporto-pubblico-bus-01.jpg\" alt=\"Tpl - trasporto pubblico - bus 01\" width=\"684\" height=\"423\" title=\"\" srcset=\"https:\/\/quicosenza.it\/news\/wp-content\/uploads\/2026\/09\/Tpl-trasporto-pubblico-bus-01.jpg 970w, https:\/\/quicosenza.it\/news\/wp-content\/uploads\/2026\/09\/Tpl-trasporto-pubblico-bus-01-300x186.jpg 300w, https:\/\/quicosenza.it\/news\/wp-content\/uploads\/2026\/09\/Tpl-trasporto-pubblico-bus-01-768x475.jpg 768w\" sizes=\"auto, (max-width: 684px) 100vw, 684px\" \/><\/p>\n<p>&#8220;Una riforma di questa portata non poteva e non doveva essere il frutto di un lavoro chiuso nelle stanze del palazzo. Fin dall&#8217;inizio &#8211; ha dichiarato Ferrari &#8211; ho preteso che la commissione creasse le condizioni per un confronto vero, sistematico e trasparentissimo con le rappresentanze sindacali, le categorie economiche, i consumatori e gli enti locali. Non ci siamo limitati all&#8217;esame formale del testo: abbiamo riaperto i termini, <strong>riascoltato i territori e strutturato 21 emendamenti<\/strong> che hanno integrato, arricchito e reso pienamente condivisa la legge&#8221;.<\/p>\n<h3>Il Piano regionale dei trasporti<\/h3>\n<p>&#8220;Sul fronte del Piano regionale dei trasporti &#8211; ha concluso Ferrari &#8211; vigileremo con determinazione. La commissione svolger\u00e0 un monitoraggio costante e stringente sull&#8217;avanzamento dei lavori e sulla spesa delle risorse. Con <strong>oltre 30 miliardi di investimenti complessivi<\/strong>, la Calabria si gioca una partita decisiva per colmare i propri divari storici. Dobbiamo essere concreti ed operativi, non possiamo permetterci di attendere: entro la prima decade di settembre licenzieremo definitivamente il <a href=\"https:\/\/quicosenza.it\/news\/riforme-agosto-minoranza-rinvio-della-seduta\/\">Piano<\/a> in commissione, per poi passare all&#8217;approvazione in Consiglio, consegnando ai calabresi uno strumento moderno, dinamico e capace di garantire il diritto alla mobilit\u00e0 in ogni angolo della nostra regione&#8221;.<\/p>\n","protected":false},"excerpt":{"rendered":"<p>Via libera della IV commissione consiliare Ambiente e Territorio alla proposta di legge che ridisegna il trasporto pubblico locale. Prevista la soppressione di Artcal e la nascita di Amcal. Entro la prima decade di settembre l\u2019obiettivo \u00e8 chiudere in commissione anche il Piano regionale dei trasporti<\/p>\n","protected":false},"author":42,"featured_media":302103,"comment_status":"closed","ping_status":"closed","sticky":false,"template":"","format":"standard","meta":{"_acf_changed":false,"footnotes":"","jetpack_publicize_message":"","jetpack_publicize_feature_enabled":true,"jetpack_social_post_already_shared":true,"jetpack_social_options":{"image_generator_settings":{"template":"highway","default_image_id":0,"font":"","enabled":false},"version":2}},"categories":[17],"tags":[],"class_list":["post-302100","post","type-post","status-publish","format-standard","has-post-thumbnail","hentry","category-calabria"],"acf":[],"jetpack_publicize_connections":[],"_links":{"self":[{"href":"https:\/\/quicosenza.it\/news\/wp-json\/wp\/v2\/posts\/302100","targetHints":{"allow":["GET"]}}],"collection":[{"href":"https:\/\/quicosenza.it\/news\/wp-json\/wp\/v2\/posts"}],"about":[{"href":"https:\/\/quicosenza.it\/news\/wp-json\/wp\/v2\/types\/post"}],"author":[{"embeddable":true,"href":"https:\/\/quicosenza.it\/news\/wp-json\/wp\/v2\/users\/42"}],"replies":[{"embeddable":true,"href":"https:\/\/quicosenza.it\/news\/wp-json\/wp\/v2\/comments?post=302100"}],"version-history":[{"count":0,"href":"https:\/\/quicosenza.it\/news\/wp-json\/wp\/v2\/posts\/302100\/revisions"}],"wp:featuredmedia":[{"embeddable":true,"href":"https:\/\/quicosenza.it\/news\/wp-json\/wp\/v2\/media\/302103"}],"wp:attachment":[{"href":"https:\/\/quicosenza.it\/news\/wp-json\/wp\/v2\/media?parent=302100"}],"wp:term":[{"taxonomy":"category","embeddable":true,"href":"https:\/\/quicosenza.it\/news\/wp-json\/wp\/v2\/categories?post=302100"},{"taxonomy":"post_tag","embeddable":true,"href":"https:\/\/quicosenza.it\/news\/wp-json\/wp\/v2\/tags?post=302100"}],"curies":[{"name":"wp","href":"https:\/\/api.w.org\/{rel}","templated":true}]}}