{"id":302104,"date":"2026-09-01T07:34:43","date_gmt":"2026-09-01T05:34:43","guid":{"rendered":"https:\/\/quicosenza.it\/news\/?p=302104"},"modified":"2026-09-01T07:34:43","modified_gmt":"2026-09-01T05:34:43","slug":"auto-sotto-casa-imprenditore-non-passo-indietro","status":"publish","type":"post","link":"https:\/\/quicosenza.it\/news\/auto-sotto-casa-imprenditore-non-passo-indietro\/","title":{"rendered":"Gli bruciano l&#8217;auto sotto casa, l&#8217;imprenditore \u00abnon faccio un passo indietro, scelgo la legalit\u00e0\u00bb"},"content":{"rendered":"<p>PALMI (RC) \u2013 Un incendio doloso ha distrutto, nella notte del 27 agosto, l\u2019auto dell\u2019imprenditore di Palmi, <a href=\"https:\/\/www.facebook.com\/procopio.romeo\" rel=\"noopener\"><strong>Procopio Romeo<\/strong><\/a>, titolare dell\u2019azienda Project &amp; Management S.r.l. <strong>La vettura era parcheggiata sotto casa quando \u00e8 stata avvolta dalle fiamme<\/strong>. Il fatto \u00e8 stato immediatamente denunciato alle autorit\u00e0, che hanno avviato gli accertamenti per ricostruire la dinamica dell\u2019accaduto e individuare eventuali responsabili. Romeo ha poi affidato ai social una lunga riflessione sull\u2019accaduto, sottolineando la natura intimidatoria di quello che considera un atto rivolto non alla sua persona, ma alla sua attivit\u00e0 imprenditoriale.<\/p>\n<h3>\u00ab\u00c8 stato un messaggio. Non faccio un passo indietro\u00bb<\/h3>\n<p>&#8220;Nella notte del 27 agosto la mia auto \u00e8 stata incendiata. Non \u00e8 stato un incidente e non \u00e8 stato un atto di vandalismo. \u00c8 stato un messaggio, mandato di notte, da chi non ha il coraggio di guardare in faccia le persone. <strong>Ho sporto denuncia<\/strong>. Ringrazio le forze dell&#8217;ordine per la tempestivit\u00e0 e per il lavoro che stanno svolgendo, e ho piena fiducia che arriveranno a chi ha agito e a chi eventualmente ha mandato. Sul resto non aggiungo altro: le valutazioni spettano a chi indaga e sar\u00e0 quella la sede&#8221;.<\/p>\n<p>&#8220;Una cosa per\u00f2 la dico. Quello che \u00e8 successo non riguarda l&#8217;uomo, riguarda l&#8217;imprenditore: sono stato colpito per il lavoro che faccio. Chi ha voluto spaventarmi ha sbagliato persona. Ho costruito la mia attivit\u00e0 con il lavoro, rispettando le regole e pagando le tasse. Continuer\u00f2 esattamente come prima: <strong>nessun cambio di rotta, nessun passo indietro.&#8221;<\/strong><\/p>\n<h3>\u00abLa mia scelta resta la legalit\u00e0\u00bb<\/h3>\n<p>&#8220;<strong>Sarebbe ipocrita dire di non aver provato paura<\/strong>. \u00c8 un sentimento umano e chi <a href=\"https:\/\/quicosenza.it\/news\/pietrapaola-auto-incendiate-minacce-maria-curia\/\">intimidisce<\/a> ci conta sopra. Ma la paura non decide al posto mio: decidono le mie scelte, e la mia scelta resta la legalit\u00e0. Un&#8217;impresa che viene colpita non \u00e8 mai un fatto privato: \u00e8 un fatto che riguarda un&#8217;intera comunit\u00e0, e come tale meriterebbe di essere trattato. In giornate come queste si vede con precisione chi c&#8217;\u00e8 e chi non c&#8217;\u00e8. <strong>Contano le parole che arrivano, e contano anche quelle che non arrivano.<\/strong> A chi vive la stessa cosa in silenzio dico una cosa sola: denunciate. Il silenzio \u00e8 l&#8217;unico vero alleato di chi minaccia. Si torna al lavoro. Come sempre&#8221;.<\/p>\n","protected":false},"excerpt":{"rendered":"<p>Procopio Romeo, titolare della Project &#038; Management S.r.l., \u00e8 rimasto vittima di un incendio doloso nella notte del 27 agosto. L\u2019auto \u00e8 stata distrutta mentre era parcheggiata sotto casa <\/p>\n","protected":false},"author":42,"featured_media":302105,"comment_status":"closed","ping_status":"closed","sticky":false,"template":"","format":"standard","meta":{"_acf_changed":false,"footnotes":"","jetpack_publicize_message":"","jetpack_publicize_feature_enabled":true,"jetpack_social_post_already_shared":true,"jetpack_social_options":{"image_generator_settings":{"template":"highway","default_image_id":0,"font":"","enabled":false},"version":2}},"categories":[17],"tags":[],"class_list":["post-302104","post","type-post","status-publish","format-standard","has-post-thumbnail","hentry","category-calabria"],"acf":[],"jetpack_publicize_connections":[],"_links":{"self":[{"href":"https:\/\/quicosenza.it\/news\/wp-json\/wp\/v2\/posts\/302104","targetHints":{"allow":["GET"]}}],"collection":[{"href":"https:\/\/quicosenza.it\/news\/wp-json\/wp\/v2\/posts"}],"about":[{"href":"https:\/\/quicosenza.it\/news\/wp-json\/wp\/v2\/types\/post"}],"author":[{"embeddable":true,"href":"https:\/\/quicosenza.it\/news\/wp-json\/wp\/v2\/users\/42"}],"replies":[{"embeddable":true,"href":"https:\/\/quicosenza.it\/news\/wp-json\/wp\/v2\/comments?post=302104"}],"version-history":[{"count":0,"href":"https:\/\/quicosenza.it\/news\/wp-json\/wp\/v2\/posts\/302104\/revisions"}],"wp:featuredmedia":[{"embeddable":true,"href":"https:\/\/quicosenza.it\/news\/wp-json\/wp\/v2\/media\/302105"}],"wp:attachment":[{"href":"https:\/\/quicosenza.it\/news\/wp-json\/wp\/v2\/media?parent=302104"}],"wp:term":[{"taxonomy":"category","embeddable":true,"href":"https:\/\/quicosenza.it\/news\/wp-json\/wp\/v2\/categories?post=302104"},{"taxonomy":"post_tag","embeddable":true,"href":"https:\/\/quicosenza.it\/news\/wp-json\/wp\/v2\/tags?post=302104"}],"curies":[{"name":"wp","href":"https:\/\/api.w.org\/{rel}","templated":true}]}}