{"id":302109,"date":"2026-09-01T08:24:59","date_gmt":"2026-09-01T06:24:59","guid":{"rendered":"https:\/\/quicosenza.it\/news\/?p=302109"},"modified":"2026-09-01T08:24:59","modified_gmt":"2026-09-01T06:24:59","slug":"cosenza-corsa-52-amaco-ferma-30-giorni","status":"publish","type":"post","link":"https:\/\/quicosenza.it\/news\/cosenza-corsa-52-amaco-ferma-30-giorni\/","title":{"rendered":"Cosenza, corsa 52 Amaco ferma da 30 giorni: \u00able periferie non possono avere meno diritti\u00bb"},"content":{"rendered":"<p>COSENZA \u2013 <strong>La corsa 52<\/strong> \u00e8 stata soppressa da circa 30 giorni e nell\u2019Area Sud Collinare di Cosenza e con essa, cresce la preoccupazione per la continuit\u00e0 del trasporto pubblico. A denunciare la situazione \u00e8 il <a href=\"https:\/\/www.facebook.com\/profile.php?id=61583709447239\" rel=\"noopener\">Comitato<\/a> Tutela e Valorizzazione Area Sud Collinare, che parla di un <strong>disagio particolarmente pesante per i residenti delle contrade e delle zone collinari a sud della citt\u00e0.<\/strong><\/p>\n<h3>Corsa 52, servizio sospeso<\/h3>\n<p>Secondo quanto riferito dal Comitato, la sospensione <strong>sarebbe legata alla mancanza di un numero sufficiente di autobus idonei a garantire regolarmente il servizio<\/strong>. Una situazione che si aggiunge alle criticit\u00e0 gi\u00e0 segnalate nei mesi scorsi e che rischia di avere conseguenze soprattutto per studenti, anziani e lavoratori che non dispongono di un mezzo proprio. Il Comitato sottolinea inoltre di non aver ricevuto, per quanto risulta, una comunicazione preventiva e adeguata sulla sospensione della corsa.<\/p>\n<p><img loading=\"lazy\" decoding=\"async\" class=\"aligncenter  wp-image-179201\" src=\"https:\/\/quicosenza.it\/news\/wp-content\/uploads\/2022\/12\/bus-amaco-cosenza-3.jpg\" alt=\"Amaco uil corsa 52\" width=\"529\" height=\"327\" title=\"\" srcset=\"https:\/\/quicosenza.it\/news\/wp-content\/uploads\/2022\/12\/bus-amaco-cosenza-3.jpg 970w, https:\/\/quicosenza.it\/news\/wp-content\/uploads\/2022\/12\/bus-amaco-cosenza-3-300x186.jpg 300w, https:\/\/quicosenza.it\/news\/wp-content\/uploads\/2022\/12\/bus-amaco-cosenza-3-768x475.jpg 768w\" sizes=\"auto, (max-width: 529px) 100vw, 529px\" \/><\/p>\n<h3>L\u2019incognita scuole<\/h3>\n<p>A preoccupare \u00e8 soprattutto la <strong>scadenza del 15 settembre<\/strong>, quando <strong>riapriranno le scuole<\/strong>. Sono infatti numerosi gli studenti delle contrade che utilizzano quotidianamente l\u2019autobus per raggiungere gli istituti scolastici e che hanno gi\u00e0 sottoscritto gli abbonamenti. Il Comitato chiede quindi di sapere se la corsa 52 verr\u00e0 ripristinata oppure quale servizio alternativo sar\u00e0 garantito alle famiglie.<\/p>\n<p>Nei giorni scorsi l\u2019assessore competente <a href=\"https:\/\/quicosenza.it\/news\/cosenza-4-minibus-polo-asp-serra-spiga-covelli\/\"><strong>Damiano Covelli<\/strong><\/a> ha annunciato <strong>l\u2019acquisto di alcuni minibus destinati alle frazioni<\/strong> e alle aree meno servite. <strong>Il Comitato accoglie positivamente l\u2019iniziativa, ma chiede di chiarire se i nuovi mezzi saranno utilizzati anche nell\u2019Area Sud Collinare.<\/strong><\/p>\n<h3>\u00abNon siamo cittadini di seconda categoria\u00bb<\/h3>\n<p>&#8220;Comprendiamo la<strong> delicata situazione che sta attraversando <a href=\"https:\/\/quicosenza.it\/news\/vertenza-amaco-svolta-108-lavoratori-cgil-gallo\/\">AMACO<\/a><\/strong> e non intendiamo puntare il dito contro nessuno. Siamo consapevoli delle difficolt\u00e0 esistenti, ma comprenderle non pu\u00f2 significare accettare che le conseguenze ricadano sempre sui cittadini delle aree periferiche, dove il trasporto pubblico, proprio per la distanza dal centro, assume un&#8217;importanza ancora maggiore. Non chiediamo privilegi, n\u00e9 trattamenti di favore. Chiediamo semplicemente che ai cittadini delle zone periferiche siano garantiti gli stessi servizi di cui usufruiscono i cittadini delle zone centrali della citt\u00e0&#8221;.<\/p>\n<p>&#8220;A chi ha responsabilit\u00e0 amministrative e gestionali chiediamo, con rispetto ma con altrettanta fermezza, di mettersi una mano sulla coscienza e di considerare cosa significhi vivere in una zona distante dal centro e dover fare i conti con la progressiva riduzione anche dei servizi pi\u00f9 essenziali. I cittadini delle periferie non possono essere trattati con sufficienza, n\u00e9 possono essere considerati utenti di seconda categoria&#8221;.<\/p>\n<p>&#8220;<strong>Una citt\u00e0 \u00e8 tale<\/strong> &#8211; prosegue il Comitato &#8211; <strong>dal centro fino alla sua ultima contrada<\/strong>. Non pu\u00f2 esistere una Cosenza a due velocit\u00e0, nella quale la qualit\u00e0 e la continuit\u00e0 dei servizi dipendano dal luogo in cui si risiede&#8221;. Il Comitato chiede, quindi, all&#8217;Amministrazione comunale e ad AMACO di individuare una soluzione immediata, anche temporanea, che consenta il ripristino della corsa 52, e di fornire ai residenti informazioni certe sul servizio che sar\u00e0 garantito in vista della riapertura delle scuole. Essere periferia non pu\u00f2 significare avere meno diritti.&#8221;<\/p>\n<p>&nbsp;<\/p>\n","protected":false},"excerpt":{"rendered":"<p>Il Comitato Tutela e Valorizzazione Area Sud Collinare denuncia la soppressione della corsa 52 AMACO che collega le contrade a sud della citt\u00e0. L\u2019appello all\u2019Amministrazione e all\u2019azienda: \u00abServe una soluzione immediata in vista della riapertura delle scuole\u00bb<\/p>\n","protected":false},"author":42,"featured_media":302110,"comment_status":"closed","ping_status":"closed","sticky":false,"template":"","format":"standard","meta":{"_acf_changed":false,"footnotes":"","jetpack_publicize_message":"","jetpack_publicize_feature_enabled":true,"jetpack_social_post_already_shared":true,"jetpack_social_options":{"image_generator_settings":{"template":"highway","default_image_id":0,"font":"","enabled":false},"version":2}},"categories":[563,42],"tags":[],"class_list":["post-302109","post","type-post","status-publish","format-standard","has-post-thumbnail","hentry","category-area-urbana","category-cosenza"],"acf":[],"jetpack_publicize_connections":[],"_links":{"self":[{"href":"https:\/\/quicosenza.it\/news\/wp-json\/wp\/v2\/posts\/302109","targetHints":{"allow":["GET"]}}],"collection":[{"href":"https:\/\/quicosenza.it\/news\/wp-json\/wp\/v2\/posts"}],"about":[{"href":"https:\/\/quicosenza.it\/news\/wp-json\/wp\/v2\/types\/post"}],"author":[{"embeddable":true,"href":"https:\/\/quicosenza.it\/news\/wp-json\/wp\/v2\/users\/42"}],"replies":[{"embeddable":true,"href":"https:\/\/quicosenza.it\/news\/wp-json\/wp\/v2\/comments?post=302109"}],"version-history":[{"count":0,"href":"https:\/\/quicosenza.it\/news\/wp-json\/wp\/v2\/posts\/302109\/revisions"}],"wp:featuredmedia":[{"embeddable":true,"href":"https:\/\/quicosenza.it\/news\/wp-json\/wp\/v2\/media\/302110"}],"wp:attachment":[{"href":"https:\/\/quicosenza.it\/news\/wp-json\/wp\/v2\/media?parent=302109"}],"wp:term":[{"taxonomy":"category","embeddable":true,"href":"https:\/\/quicosenza.it\/news\/wp-json\/wp\/v2\/categories?post=302109"},{"taxonomy":"post_tag","embeddable":true,"href":"https:\/\/quicosenza.it\/news\/wp-json\/wp\/v2\/tags?post=302109"}],"curies":[{"name":"wp","href":"https:\/\/api.w.org\/{rel}","templated":true}]}}